{"id":41754,"date":"2019-06-20T16:11:00","date_gmt":"2019-06-20T20:11:00","guid":{"rendered":"https:\/\/linitiative.ca\/International\/la-forte-symbolique-de-la-presence-de-la-femme-dans-une-unite-militaire-tunisienne-au-mali\/"},"modified":"2019-06-20T16:11:00","modified_gmt":"2019-06-20T20:11:00","slug":"la-forte-symbolique-de-la-presence-de-la-femme-dans-une-unite-militaire-tunisienne-au-mali","status":"publish","type":"post","link":"https:\/\/linitiative.ca\/International\/la-forte-symbolique-de-la-presence-de-la-femme-dans-une-unite-militaire-tunisienne-au-mali\/","title":{"rendered":"La forte symbolique de la pr\u00e9sence de la femme  dans une unit\u00e9 militaire tunisienne au Mali"},"content":{"rendered":"<p><img decoding=\"async\" src=\"\/uploads\/FCK_files\/71F1116.jpg\" alt=\"\" width=\"30%\" vspace=\"5\" hspace=\"5\" align=\"left\"\/>Elle a la trentaine. Originaire de Gab\u00e8s, elle est pass\u00e9e par l&rsquo;\u00e9cole d&rsquo;aviation avant de rejoindre l&rsquo;arm\u00e9e de l&rsquo;air. La pr\u00e9sence du capitaine Olfa Lejnef au sein de l&rsquo;unit\u00e9 militaire tunisienne dans le cadre de la mission pluridisciplinaire de maintien de la paix au Mali en tant que copilote d&rsquo;un avion de transport miltaire C 130, est une premi\u00e8re au sein de la mission onusienne au Mali. Et une forte symbolique : elle est signicative de la place que la femme tunisienne occupe dans tous les secteurs d&rsquo;activit\u00e9 de notre pays.<\/p>\n<p><strong>Lire aussi<\/strong><\/p>\n<p><a href=\"https:\/\/www.leaders.com.tn\/article\/25273-qui-sont-ces-femmes-pilotes-de-chasse-de-l-armee-tunisienne\" target=\"_blank\" rel=\"noopener noreferrer\">Qui sont ces femmes pilotes de chasse de l&rsquo;arm\u00e9e tunisienne<\/a><\/p>\n<p>Auteur:<br \/>\n<a href=\"https:\/\/www.leaders.com.tn\/article\/27328-la-forte-symbolique-de-la-presence-de-la-femme-dans-une-unite-militaire-tunisienne-au-mali\">Cliquez ici pour lire l&rsquo;article depuis sa source.<\/a><\/p>\n","protected":false},"excerpt":{"rendered":"<p>Elle a la trentaine. Originaire de Gab\u00e8s, elle est pass\u00e9e par l&rsquo;\u00e9cole d&rsquo;aviation avant de rejoindre l&rsquo;arm\u00e9e de l&rsquo;air. La pr\u00e9sence du capitaine Olfa Lejnef au sein de l&rsquo;unit\u00e9 militaire tunisienne dans le cadre de la mission pluridisciplinaire de maintien de la paix au Mali en tant que copilote d&rsquo;un avion de transport miltaire C [&hellip;]<\/p>\n","protected":false},"author":1772,"featured_media":41755,"comment_status":"closed","ping_status":"closed","sticky":false,"template":"","format":"standard","meta":{"fifu_image_url":"","fifu_image_alt":"","footnotes":""},"categories":[73,55],"tags":[],"class_list":["post-41754","post","type-post","status-publish","format-standard","has-post-thumbnail","hentry","category-actualite","category-tunisie"],"_links":{"self":[{"href":"https:\/\/linitiative.ca\/International\/wp-json\/wp\/v2\/posts\/41754","targetHints":{"allow":["GET"]}}],"collection":[{"href":"https:\/\/linitiative.ca\/International\/wp-json\/wp\/v2\/posts"}],"about":[{"href":"https:\/\/linitiative.ca\/International\/wp-json\/wp\/v2\/types\/post"}],"author":[{"embeddable":true,"href":"https:\/\/linitiative.ca\/International\/wp-json\/wp\/v2\/users\/1772"}],"replies":[{"embeddable":true,"href":"https:\/\/linitiative.ca\/International\/wp-json\/wp\/v2\/comments?post=41754"}],"version-history":[{"count":0,"href":"https:\/\/linitiative.ca\/International\/wp-json\/wp\/v2\/posts\/41754\/revisions"}],"wp:featuredmedia":[{"embeddable":true,"href":"https:\/\/linitiative.ca\/International\/wp-json\/"}],"wp:attachment":[{"href":"https:\/\/linitiative.ca\/International\/wp-json\/wp\/v2\/media?parent=41754"}],"wp:term":[{"taxonomy":"category","embeddable":true,"href":"https:\/\/linitiative.ca\/International\/wp-json\/wp\/v2\/categories?post=41754"},{"taxonomy":"post_tag","embeddable":true,"href":"https:\/\/linitiative.ca\/International\/wp-json\/wp\/v2\/tags?post=41754"}],"curies":[{"name":"wp","href":"https:\/\/api.w.org\/{rel}","templated":true}]}}