{"id":41757,"date":"2019-06-20T10:43:23","date_gmt":"2019-06-20T14:43:23","guid":{"rendered":"https:\/\/linitiative.ca\/International\/can-2019-la-caf-placee-sous-tutelle-de-la-fifa\/"},"modified":"2019-06-20T10:43:23","modified_gmt":"2019-06-20T14:43:23","slug":"can-2019-la-caf-placee-sous-tutelle-de-la-fifa","status":"publish","type":"post","link":"https:\/\/linitiative.ca\/International\/can-2019-la-caf-placee-sous-tutelle-de-la-fifa\/","title":{"rendered":"CAN 2019 : la CAF plac\u00e9e sous tutelle de la Fifa"},"content":{"rendered":"<p><strong>La N\u00b02 de la Fifa et sa secr\u00e9taire g\u00e9n\u00e9rale,\u00a0Fatma Samoura, a \u00e9t\u00e9 nomm\u00e9e d\u00e9l\u00e9gu\u00e9e g\u00e9n\u00e9rale pour l\u2019Afrique \u00e0 partir du 1er ao\u00fbt, pendant six mois, pour superviser la Conf\u00e9d\u00e9ration africaine de football (CAF) ont annonc\u00e9 jeudi les deux instances.<\/strong><\/p>\n<div class=\"c10\"\/>\n<p>Depuis quelques mois, l\u2019image de l\u2019instance dirigeante du football africain est brouill\u00e9e. Entre le changement de pays h\u00f4te pour la CAN 2019, le limogeage du secr\u00e9taire g\u00e9n\u00e9ral Amr Fahmy, le scandale de Rad\u00e8s et les probl\u00e8mes d\u2019Ahmad Ahmad, la CAF est dans un grand d\u00e9sordre. A cet \u00e9gard, Ahmad Ahmad, pr\u00e9sident de la CAF, a propos\u00e9 au comit\u00e9 ex\u00e9cutif de l\u2019institution, r\u00e9uni au Caire le 19 juin 2019, de solliciter l\u2019expertise de la Fifa afin d\u2019\u00e9valuer la situation actuelle au sein de la Conf\u00e9d\u00e9ration et de contribuer \u00e0 l\u2019acc\u00e9l\u00e9ration du processus de mise en \u0153uvre des r\u00e9formes en cours, destin\u00e9 \u00e0 assurer \u00e0 la CAF un fonctionnement de mani\u00e8re transparente, efficace et selon les standards de gouvernance les plus \u00e9lev\u00e9s.<\/p>\n<p>Dans le cadre de ce processus, il est pr\u00e9vu qu\u2019un audit g\u00e9n\u00e9ral de la CAF soit men\u00e9 dans les plus brefs d\u00e9lais par la Fifa et la CAF. Fatma Samoura sera assist\u00e9e dans l\u2019exercice de ses fonctions, d\u2019un groupe d\u2019experts qui travailleront en \u00e9troite collaboration avec le pr\u00e9sident Ahmad et son \u00e9quipe sur un certain nombre de th\u00e8mes, dont:<\/p>\n<p>\u2013 La supervision de la gestion op\u00e9rationnelle de la CAF, y compris les proc\u00e9dures administratives et de gouvernance;<\/p>\n<p>\u2013 L\u2019organisation efficace et professionnelle de toutes les comp\u00e9titions de la CAF;<\/p>\n<p>\u2013 La croissance et le d\u00e9veloppement du football dans tous les pays et r\u00e9gions de la CAF.<\/p>\n<p>A noter que Fatma Samoura continuera pendant la dur\u00e9e de son mandat \u00e0 la CAF \u00e0 assurer son r\u00f4le de secr\u00e9taire g\u00e9n\u00e9rale de la Fifa, et pourra d\u00e9l\u00e9guer ses fonctions au sein de l\u2019administration de la Fifa, en conformit\u00e9\u00a0avec les r\u00e8glements internes pertinents et applicables. Le bureau du Conseil de la Fifa a approuv\u00e9 cette mesure temporaire et exceptionnelle.<\/p>\n<div class=\"c17\">\n<fieldset class=\"c16\">\n<legend><strong><span class=\"c11\">Challenge<\/span><span class=\"c12\">news<\/span><\/strong><\/legend>\n<div class=\"c15\">Le meilleur de la r\u00e9daction s\u00e9lectionn\u00e9 par Challenge :<\/p>\n<\/div>\n<\/fieldset>\n<\/div>\n<p>Auteur: Hajar DARI<br \/>\n<a href=\"https:\/\/www.challenge.ma\/can-2019-la-caf-place-sous-tutelle-de-la-fifa-111078\/\">Cliquez ici pour lire l&rsquo;article depuis sa source.<\/a><\/p>\n","protected":false},"excerpt":{"rendered":"<p>La N\u00b02 de la Fifa et sa secr\u00e9taire g\u00e9n\u00e9rale,\u00a0Fatma Samoura, a \u00e9t\u00e9 nomm\u00e9e d\u00e9l\u00e9gu\u00e9e g\u00e9n\u00e9rale pour l\u2019Afrique \u00e0 partir du 1er ao\u00fbt, pendant six mois, pour superviser la Conf\u00e9d\u00e9ration africaine de football (CAF) ont annonc\u00e9 jeudi les deux instances. Depuis quelques mois, l\u2019image de l\u2019instance dirigeante du football africain est brouill\u00e9e. Entre le changement de [&hellip;]<\/p>\n","protected":false},"author":1787,"featured_media":0,"comment_status":"closed","ping_status":"closed","sticky":false,"template":"","format":"standard","meta":{"fifu_image_url":"","fifu_image_alt":"","footnotes":""},"categories":[78,54],"tags":[],"class_list":["post-41757","post","type-post","status-publish","format-standard","hentry","category-economie","category-maroc"],"_links":{"self":[{"href":"https:\/\/linitiative.ca\/International\/wp-json\/wp\/v2\/posts\/41757","targetHints":{"allow":["GET"]}}],"collection":[{"href":"https:\/\/linitiative.ca\/International\/wp-json\/wp\/v2\/posts"}],"about":[{"href":"https:\/\/linitiative.ca\/International\/wp-json\/wp\/v2\/types\/post"}],"author":[{"embeddable":true,"href":"https:\/\/linitiative.ca\/International\/wp-json\/wp\/v2\/users\/1787"}],"replies":[{"embeddable":true,"href":"https:\/\/linitiative.ca\/International\/wp-json\/wp\/v2\/comments?post=41757"}],"version-history":[{"count":0,"href":"https:\/\/linitiative.ca\/International\/wp-json\/wp\/v2\/posts\/41757\/revisions"}],"wp:attachment":[{"href":"https:\/\/linitiative.ca\/International\/wp-json\/wp\/v2\/media?parent=41757"}],"wp:term":[{"taxonomy":"category","embeddable":true,"href":"https:\/\/linitiative.ca\/International\/wp-json\/wp\/v2\/categories?post=41757"},{"taxonomy":"post_tag","embeddable":true,"href":"https:\/\/linitiative.ca\/International\/wp-json\/wp\/v2\/tags?post=41757"}],"curies":[{"name":"wp","href":"https:\/\/api.w.org\/{rel}","templated":true}]}}