{"id":41759,"date":"2019-06-20T12:57:39","date_gmt":"2019-06-20T16:57:39","guid":{"rendered":"https:\/\/linitiative.ca\/International\/elle-fait-lactu-nadine-girault-ministre-quebecoise-des-relations-internationales-et-de-la-francophonie\/"},"modified":"2019-06-20T12:57:39","modified_gmt":"2019-06-20T16:57:39","slug":"elle-fait-lactu-nadine-girault-ministre-quebecoise-des-relations-internationales-et-de-la-francophonie","status":"publish","type":"post","link":"https:\/\/linitiative.ca\/International\/elle-fait-lactu-nadine-girault-ministre-quebecoise-des-relations-internationales-et-de-la-francophonie\/","title":{"rendered":"Elle fait l\u2019actu : Nadine Girault, ministre qu\u00e9b\u00e9coise des Relations internationales et de la Francophonie"},"content":{"rendered":"<p><strong>Le Maroc est une porte d\u2019entr\u00e9e id\u00e9ale aux march\u00e9s africains, a affirm\u00e9, jeudi \u00e0 Rabat, la ministre qu\u00e9b\u00e9coise des Relations internationales et de la Francophonie, Nadine Girault.<\/strong><\/p>\n<div class=\"c10\"\/>\n<p>Le Qu\u00e9bec est en train de d\u00e9velopper une vision pour l\u2019Afrique en vue de diversifier ses march\u00e9s, a indiqu\u00e9 la responsable qu\u00e9b\u00e9coise dans une d\u00e9claration \u00e0 la presse \u00e0 l\u2019issue de ses entretiens avec la secr\u00e9taire d\u2019Etat aupr\u00e8s du ministre des Affaires \u00e9trang\u00e8res et de la Coop\u00e9ration internationale, Mounia Boucetta, mettant en avant le r\u00f4le que peut jouer le Maroc dans cette vision \u00ab\u00a0eu \u00e9gard aux tr\u00e8s bonnes relations qui le lie \u00e0 cette province canadienne\u00a0\u00bb.<\/p>\n<p>L\u2019Afrique est l\u2019un des march\u00e9s prioritaire pour le Qu\u00e9bec sur les plans \u00e9conomique, environnemental et social, a-t-elle relev\u00e9, soulignant dans ce cadre l\u2019importance de travailler davantage avec le Maroc.<\/p>\n<p>La vision africaine du Qu\u00e9bec pr\u00e9voit le d\u00e9veloppement d\u2019actions concr\u00e8tes gagnants-gagnants, a-t-elle dit, affirmant par ailleurs que la francophonie constitue aussi une belle plateforme pour d\u00e9velopper davantage la coop\u00e9ration avec le Maroc.<\/p>\n<p>Apr\u00e8s avoir insist\u00e9 sur l\u2019importance de travailler aupr\u00e8s des jeunes et des femmes et de d\u00e9velopper le secteur du num\u00e9rique, Girault s\u2019est f\u00e9licit\u00e9e de la place qu\u2019occupe l\u2019importante communaut\u00e9 marocaine \u00e9tablie au Qu\u00e9bec.<\/p>\n<div class=\"c17\">\n<fieldset class=\"c16\">\n<legend><strong><span class=\"c11\">Challenge<\/span><span class=\"c12\">news<\/span><\/strong><\/legend>\n<div class=\"c15\">Le meilleur de la r\u00e9daction s\u00e9lectionn\u00e9 par Challenge :<\/p>\n<\/div>\n<\/fieldset>\n<\/div>\n<p>Auteur: Hassan Manyani<br \/>\n<a href=\"https:\/\/www.challenge.ma\/elle-fait-lactu-nadine-girault-ministre-quebecoise-des-relations-internationales-et-de-la-francophonie-111105\/\">Cliquez ici pour lire l&rsquo;article depuis sa source.<\/a><\/p>\n","protected":false},"excerpt":{"rendered":"<p>Le Maroc est une porte d\u2019entr\u00e9e id\u00e9ale aux march\u00e9s africains, a affirm\u00e9, jeudi \u00e0 Rabat, la ministre qu\u00e9b\u00e9coise des Relations internationales et de la Francophonie, Nadine Girault. Le Qu\u00e9bec est en train de d\u00e9velopper une vision pour l\u2019Afrique en vue de diversifier ses march\u00e9s, a indiqu\u00e9 la responsable qu\u00e9b\u00e9coise dans une d\u00e9claration \u00e0 la presse [&hellip;]<\/p>\n","protected":false},"author":1787,"featured_media":0,"comment_status":"closed","ping_status":"closed","sticky":false,"template":"","format":"standard","meta":{"fifu_image_url":"","fifu_image_alt":"","footnotes":""},"categories":[78,54],"tags":[],"class_list":["post-41759","post","type-post","status-publish","format-standard","hentry","category-economie","category-maroc"],"_links":{"self":[{"href":"https:\/\/linitiative.ca\/International\/wp-json\/wp\/v2\/posts\/41759","targetHints":{"allow":["GET"]}}],"collection":[{"href":"https:\/\/linitiative.ca\/International\/wp-json\/wp\/v2\/posts"}],"about":[{"href":"https:\/\/linitiative.ca\/International\/wp-json\/wp\/v2\/types\/post"}],"author":[{"embeddable":true,"href":"https:\/\/linitiative.ca\/International\/wp-json\/wp\/v2\/users\/1787"}],"replies":[{"embeddable":true,"href":"https:\/\/linitiative.ca\/International\/wp-json\/wp\/v2\/comments?post=41759"}],"version-history":[{"count":0,"href":"https:\/\/linitiative.ca\/International\/wp-json\/wp\/v2\/posts\/41759\/revisions"}],"wp:attachment":[{"href":"https:\/\/linitiative.ca\/International\/wp-json\/wp\/v2\/media?parent=41759"}],"wp:term":[{"taxonomy":"category","embeddable":true,"href":"https:\/\/linitiative.ca\/International\/wp-json\/wp\/v2\/categories?post=41759"},{"taxonomy":"post_tag","embeddable":true,"href":"https:\/\/linitiative.ca\/International\/wp-json\/wp\/v2\/tags?post=41759"}],"curies":[{"name":"wp","href":"https:\/\/api.w.org\/{rel}","templated":true}]}}