{"id":41760,"date":"2019-06-20T13:07:11","date_gmt":"2019-06-20T17:07:11","guid":{"rendered":"https:\/\/linitiative.ca\/International\/depot-electronique-des-factures-le-coup-denvoi-est-donne\/"},"modified":"2019-06-20T13:07:11","modified_gmt":"2019-06-20T17:07:11","slug":"depot-electronique-des-factures-le-coup-denvoi-est-donne","status":"publish","type":"post","link":"https:\/\/linitiative.ca\/International\/depot-electronique-des-factures-le-coup-denvoi-est-donne\/","title":{"rendered":"D\u00e9p\u00f4t \u00e9lectronique des factures :  le coup d\u2019envoi est donn\u00e9"},"content":{"rendered":"<p class=\"p1\"><strong>L\u2019<span class=\"s2\">\u00e9tau se resserre petit \u00e0 petit contre les mauvais payeurs. M\u00eame si les derni\u00e8res donn\u00e9es laissent appara\u00eetre une d\u00e9t\u00e9rioration du d\u00e9lai moyen des paiements, il est certain que les actions d\u00e9j\u00e0 enclench\u00e9es auront pour r\u00e9sultat de juguler ce fl\u00e9au qui pr\u00e9sente un risque \u00e9norme pour toute l\u2019\u00e9conomie national<\/span>e.\u00a0<\/strong><\/p>\n<div class=\"c10\"\/>\n<p class=\"p1\"><span class=\"s1\">P<\/span><span class=\"s1\">our r\u00e9duire les d\u00e9lais de paiement, de nombreuses mesures sont dans le pipeline. La derni\u00e8re qui vient d\u2019\u00eatre lanc\u00e9e est la mise en place d\u2019un m\u00e9canisme de d\u00e9p\u00f4t \u00e9lectronique des factures \u00e9mises dans le cadre de l\u2019ex\u00e9cution des commandes publiques. L\u2019objectif recherch\u00e9 est notamment de r\u00e9duire les d\u00e9lais de l\u2019ordonnancement et de paiement des d\u00e9penses publiques relatives aux commandes publiques et de renforcer la transparence de la relation entre l\u2019administration et les op\u00e9rateurs \u00e9conomiques.<\/span><\/p>\n<p>Lire aussi :\u00a0<a href=\"https:\/\/www.challenge.ma\/delais-de-paiement-40-des-defaillances-dentreprises-110665\/\" target=\"_blank\" rel=\"noopener noreferrer\">D\u00e9lais de paiement : 40% des d\u00e9faillances d\u2019entreprises<\/a><\/p>\n<p class=\"p2\"><span class=\"s1\">Ainsi, le d\u00e9p\u00f4t des factures de mani\u00e8re \u00e9lectronique est rendu obligatoire \u00e0 compter du 4 mai 2019. La d\u00e9mat\u00e9rialisation touche aussi l\u2019\u00e9change des documents entre le titulaire de la commande publique et l\u2019ordonnateur de la d\u00e9pense publique.<\/span> <span class=\"s1\">Le d\u00e9p\u00f4t des factures et d\u2019autres documents se rattachant \u00e0 l\u2019ex\u00e9cution de la commande publique se fera \u00e0 travers la plateforme GID (gestion int\u00e9gr\u00e9e de la d\u00e9pense) g\u00e9r\u00e9e par la Tr\u00e9sorerie G\u00e9n\u00e9rale du Royaume. Les documents \u00e9chang\u00e9s entre l\u2019administration et le titulaire de la commande publique seront sign\u00e9s \u00e9lectroniquement par le biais du certificat d\u2019authentification \u00e9lectronique d\u00e9livr\u00e9 par Barid Al-Maghrib.<\/span><\/p>\n<p class=\"p2\"><span class=\"s1\"><strong>L\u2019introduction du m\u00e9canisme de d\u00e9p\u00f4t des factures sera faite d\u2019une mani\u00e8re progressive<\/strong><\/span><\/p>\n<p class=\"p2\"><span class=\"s1\">Le passage par la plateforme de la TGR aura pour avantage de donner une date certaine au d\u00e9p\u00f4t et \u00e0 l\u2019\u00e9change des documents relatifs \u00e0 l\u2019ex\u00e9cution de la commande publique et ce, gr\u00e2ce \u00e0 un dispositif de datation des donn\u00e9es \u00e9lectroniques.<span class=\"Apple-converted-space\">\u00a0<\/span> Ceci va permettre de mettre un terme au comportement<span class=\"Apple-converted-space\">\u00a0<\/span> de certains responsables d\u2019administrations publiques qui refusaient d\u2019accuser r\u00e9ception des documents relatifs \u00e0 l\u2019ex\u00e9cution des march\u00e9s et ce, \u00e0 l\u2019effet de retarder le d\u00e9marrage du compteur des d\u00e9lais d\u2019ordonnancement. Dans le m\u00eame souci, il est pr\u00e9vu que lorsque l\u2019ordonnateur constate que l\u2019ordonnancement ne peut pas \u00eatre effectu\u00e9 pour des raisons imputables au b\u00e9n\u00e9ficiaire de la d\u00e9pense, il est tenu d\u2019\u00e9tablir une note explicative et de l\u2019envoyer \u00e0 ce dernier par le biais de la plateforme \u00e9lectronique. Ladite note informe le titulaire de la commande publique de la suspension du d\u00e9lai d\u2019ordonnancement jusqu\u2019\u00e0 la date de d\u00e9p\u00f4t de toutes les pi\u00e8ces justificatives manquantes par le biais de la plateforme \u00e9lectronique<\/span><\/p>\n<p class=\"p2\"><span class=\"s1\">Et comme le fait ressortir l\u2019arr\u00eat\u00e9 du ministre de l\u2019Economie et des Finances du 3 mai 2019, le passage par la plateforme de la TGR pr\u00e9sente d\u2019autres avantages. Tout d\u2019abord, il garantit la confidentialit\u00e9 des \u00e9changes de documents ainsi que leur s\u00e9curit\u00e9.<span class=\"Apple-converted-space\">\u00a0<\/span> Il permet aussi l\u2019archivage \u00e9lectronique des documents relatifs \u00e0 l\u2019ex\u00e9cution de la commande publique, ainsi que le suivi des op\u00e9rations ex\u00e9cut\u00e9es. Il offre enfin, la possibilit\u00e9 d\u2019informer de mani\u00e8re \u00e9lectronique, le titulaire de la commande publique de toutes les op\u00e9rations ex\u00e9cut\u00e9es dans le cadre du traitement des documents d\u00e9pos\u00e9s ou \u00e9chang\u00e9s.<\/span><\/p>\n<div class=\"c17\">\n<fieldset class=\"c16\">\n<legend><strong><span class=\"c11\">Challenge<\/span><span class=\"c12\">news<\/span><\/strong><\/legend>\n<div class=\"c15\">Le meilleur de la r\u00e9daction s\u00e9lectionn\u00e9 par Challenge :<\/p>\n<\/div>\n<\/fieldset>\n<\/div>\n<p>Auteur: challenge<br \/>\n<a href=\"https:\/\/www.challenge.ma\/depot-electronique-des-factures-le-coup-denvoi-est-donne-111102\/\">Cliquez ici pour lire l&rsquo;article depuis sa source.<\/a><\/p>\n","protected":false},"excerpt":{"rendered":"<p>L\u2019\u00e9tau se resserre petit \u00e0 petit contre les mauvais payeurs. M\u00eame si les derni\u00e8res donn\u00e9es laissent appara\u00eetre une d\u00e9t\u00e9rioration du d\u00e9lai moyen des paiements, il est certain que les actions d\u00e9j\u00e0 enclench\u00e9es auront pour r\u00e9sultat de juguler ce fl\u00e9au qui pr\u00e9sente un risque \u00e9norme pour toute l\u2019\u00e9conomie nationale.\u00a0 Pour r\u00e9duire les d\u00e9lais de paiement, de [&hellip;]<\/p>\n","protected":false},"author":1787,"featured_media":0,"comment_status":"closed","ping_status":"closed","sticky":false,"template":"","format":"standard","meta":{"fifu_image_url":"","fifu_image_alt":"","footnotes":""},"categories":[78,54],"tags":[],"class_list":["post-41760","post","type-post","status-publish","format-standard","hentry","category-economie","category-maroc"],"_links":{"self":[{"href":"https:\/\/linitiative.ca\/International\/wp-json\/wp\/v2\/posts\/41760","targetHints":{"allow":["GET"]}}],"collection":[{"href":"https:\/\/linitiative.ca\/International\/wp-json\/wp\/v2\/posts"}],"about":[{"href":"https:\/\/linitiative.ca\/International\/wp-json\/wp\/v2\/types\/post"}],"author":[{"embeddable":true,"href":"https:\/\/linitiative.ca\/International\/wp-json\/wp\/v2\/users\/1787"}],"replies":[{"embeddable":true,"href":"https:\/\/linitiative.ca\/International\/wp-json\/wp\/v2\/comments?post=41760"}],"version-history":[{"count":0,"href":"https:\/\/linitiative.ca\/International\/wp-json\/wp\/v2\/posts\/41760\/revisions"}],"wp:attachment":[{"href":"https:\/\/linitiative.ca\/International\/wp-json\/wp\/v2\/media?parent=41760"}],"wp:term":[{"taxonomy":"category","embeddable":true,"href":"https:\/\/linitiative.ca\/International\/wp-json\/wp\/v2\/categories?post=41760"},{"taxonomy":"post_tag","embeddable":true,"href":"https:\/\/linitiative.ca\/International\/wp-json\/wp\/v2\/tags?post=41760"}],"curies":[{"name":"wp","href":"https:\/\/api.w.org\/{rel}","templated":true}]}}