{"id":41761,"date":"2019-06-20T15:08:14","date_gmt":"2019-06-20T19:08:14","guid":{"rendered":"https:\/\/linitiative.ca\/International\/can-2019-larbitrage-video-utilise-a-partir-des-quarts\/"},"modified":"2019-06-20T15:08:14","modified_gmt":"2019-06-20T19:08:14","slug":"can-2019-larbitrage-video-utilise-a-partir-des-quarts","status":"publish","type":"post","link":"https:\/\/linitiative.ca\/International\/can-2019-larbitrage-video-utilise-a-partir-des-quarts\/","title":{"rendered":"CAN 2019 : l\u2019arbitrage vid\u00e9o utilis\u00e9 \u00e0 partir des quarts"},"content":{"rendered":"<p><strong>Pendant la traditionnelle conf\u00e9rence de presse d\u2019inauguration \u00e0 la veille du coup d\u2019envoi de la CAN-2019, le pr\u00e9sident de la Conf\u00e9d\u00e9ration africaine de football, Ahmad Ahmad, est revenu sur plusieurs points relatifs \u00e0 l\u2019organisation du tournoi, notamment l\u2019arbitrage.<\/strong><\/p>\n<div class=\"c10\"\/>\n<p>L\u2019assistance \u00e0 l\u2019arbitrage vid\u00e9o (VAR), qui a fait pol\u00e9mique lors de la finale retour de la Ligue des champions africaine, sera employ\u00e9e \u00e0 partir des quarts de la CAN-2019 \u00ab\u00a0C\u2019est une mesure de prudence. Quand vous voyez les diff\u00e9rents pays qui utilisent la VAR, ils ne se pr\u00e9cipitent pas d\u2019aller d\u00e8s le d\u00e9but. C\u2019est une technologie que beaucoup de gens n\u2019utilisent totalement pas encore\u00a0\u00bb, a d\u00e9clar\u00e9 le patron de l\u2019instance organisatrice depuis Le Caire, \u00e0 la veille du match inaugural entre l\u2019Egypte et le Zimbabwe.\u00a0\u00bbAu d\u00e9but, c\u2019\u00e9tait pr\u00e9vu pour les demi-finales, mais nous avons exig\u00e9 qu\u2019il faut aller un peu plus en avant. Le comit\u00e9 ex\u00e9cutif a d\u00e9cid\u00e9 pour les quarts de finale, pour que ce soit une r\u00e9ussite\u00a0\u00bb, a-t-il poursuivi.<\/p>\n<p>A noter que la Conf\u00e9d\u00e9ration africaine de football (CAF) envisage la possibilit\u00e9 de faire appel \u00e0 des arbitres europ\u00e9ens \u00e0 partir des quarts de finale de la Coupe d\u2019Afrique des Nations 2019 afin de superviser l\u2019\u00e9quipe de l\u2019assistance vid\u00e9o \u00e0 l\u2019arbitrage (VAR) pour ne pas nuire \u00e0 l\u2019image de l\u2019\u00e9v\u00e9nement.<\/p>\n<p>Lire aussi: <a href=\"https:\/\/www.challenge.ma\/can-2019-la-caf-prevoit-2-pauses-fraicheur-par-match-111052\/\" target=\"_blank\" rel=\"noopener noreferrer\">CAN 2019 : La CAF pr\u00e9voit 2 pauses fra\u00eecheur par match<\/a><\/p>\n<p>Une annone qui \u00e9tait attendue depuis la pol\u00e9mique li\u00e9e \u00e0 la VAR qui a empoisonn\u00e9 la finale retour de la champions League entre l\u2019Esp\u00e9rance de Tunis et le Wydad Casablanca, et plus largement l\u2019image du football africain, fin mai.<\/p>\n<div class=\"c17\">\n<fieldset class=\"c16\">\n<legend><strong><span class=\"c11\">Challenge<\/span><span class=\"c12\">news<\/span><\/strong><\/legend>\n<div class=\"c15\">Le meilleur de la r\u00e9daction s\u00e9lectionn\u00e9 par Challenge :<\/p>\n<\/div>\n<\/fieldset>\n<\/div>\n<p>Auteur: Hajar DARI<br \/>\n<a href=\"https:\/\/www.challenge.ma\/can-2019-larbitrage-video-utilise-a-partir-des-quarts-111083\/\">Cliquez ici pour lire l&rsquo;article depuis sa source.<\/a><\/p>\n","protected":false},"excerpt":{"rendered":"<p>Pendant la traditionnelle conf\u00e9rence de presse d\u2019inauguration \u00e0 la veille du coup d\u2019envoi de la CAN-2019, le pr\u00e9sident de la Conf\u00e9d\u00e9ration africaine de football, Ahmad Ahmad, est revenu sur plusieurs points relatifs \u00e0 l\u2019organisation du tournoi, notamment l\u2019arbitrage. L\u2019assistance \u00e0 l\u2019arbitrage vid\u00e9o (VAR), qui a fait pol\u00e9mique lors de la finale retour de la Ligue [&hellip;]<\/p>\n","protected":false},"author":1787,"featured_media":0,"comment_status":"closed","ping_status":"closed","sticky":false,"template":"","format":"standard","meta":{"fifu_image_url":"","fifu_image_alt":"","footnotes":""},"categories":[78,54],"tags":[],"class_list":["post-41761","post","type-post","status-publish","format-standard","hentry","category-economie","category-maroc"],"_links":{"self":[{"href":"https:\/\/linitiative.ca\/International\/wp-json\/wp\/v2\/posts\/41761","targetHints":{"allow":["GET"]}}],"collection":[{"href":"https:\/\/linitiative.ca\/International\/wp-json\/wp\/v2\/posts"}],"about":[{"href":"https:\/\/linitiative.ca\/International\/wp-json\/wp\/v2\/types\/post"}],"author":[{"embeddable":true,"href":"https:\/\/linitiative.ca\/International\/wp-json\/wp\/v2\/users\/1787"}],"replies":[{"embeddable":true,"href":"https:\/\/linitiative.ca\/International\/wp-json\/wp\/v2\/comments?post=41761"}],"version-history":[{"count":0,"href":"https:\/\/linitiative.ca\/International\/wp-json\/wp\/v2\/posts\/41761\/revisions"}],"wp:attachment":[{"href":"https:\/\/linitiative.ca\/International\/wp-json\/wp\/v2\/media?parent=41761"}],"wp:term":[{"taxonomy":"category","embeddable":true,"href":"https:\/\/linitiative.ca\/International\/wp-json\/wp\/v2\/categories?post=41761"},{"taxonomy":"post_tag","embeddable":true,"href":"https:\/\/linitiative.ca\/International\/wp-json\/wp\/v2\/tags?post=41761"}],"curies":[{"name":"wp","href":"https:\/\/api.w.org\/{rel}","templated":true}]}}