{"id":41762,"date":"2019-06-20T16:02:19","date_gmt":"2019-06-20T20:02:19","guid":{"rendered":"https:\/\/linitiative.ca\/International\/juridictions-financieres-approbation-dun-projet-de-loi\/"},"modified":"2019-06-20T16:02:19","modified_gmt":"2019-06-20T20:02:19","slug":"juridictions-financieres-approbation-dun-projet-de-loi","status":"publish","type":"post","link":"https:\/\/linitiative.ca\/International\/juridictions-financieres-approbation-dun-projet-de-loi\/","title":{"rendered":"Juridictions financi\u00e8res : approbation d\u2019un projet de loi"},"content":{"rendered":"<p><strong>Le Conseil du gouvernement, a approuv\u00e9, jeudi \u00e0 Rabat, un projet de loi modifiant et compl\u00e9tant la loi formant code des juridictions financi\u00e8res.<\/strong><\/p>\n<div class=\"c10\"\/>\n<p>Pr\u00e9sent\u00e9 par le ministre de l\u2019Economie et des Finances, le projet de loi 39.19 modifiant et compl\u00e9tant les dispositions des articles 172, 174, 198, 206 et 232 de la loi n\u00b062.99 relative au code des juridictions financi\u00e8res, promulgu\u00e9e par le dahir n\u00b01.02.124 de Rabii II 1423 (13 juin 2002), a \u00e9t\u00e9 approuv\u00e9 par le Conseil comme il a \u00e9t\u00e9 modifi\u00e9 et compl\u00e9t\u00e9, a indiqu\u00e9 Mustapha El Khalfi, porte-parole du gouvernement, dans un communiqu\u00e9 lu lors d\u2019un point de presse \u00e0 l\u2019issue du Conseil.<\/p>\n<p>L\u2019ensemble des modifications propos\u00e9es dans le cadre de ce projet de loi concerne uniquement les articles contenus dans le troisi\u00e8me livre du code des juridictions financi\u00e8res \u00e9quivalent au statut des magistrats des juridictions financi\u00e8res et ont pour objectif de mettre en place une ad\u00e9quation et une harmonisation avec les dispositions de la loi organique n\u00b0106.13 relevant du statut des magistrats, notamment en ce qui concerne la d\u00e9termination de \u00ab\u00a0l\u2019\u00e2ge l\u00e9gal du d\u00e9part en retraite\u00a0\u00bb, \u00ab\u00a0la dur\u00e9e du cong\u00e9 administratif annuel\u00a0\u00bb, ainsi que \u00ab\u00a0la dur\u00e9e du cong\u00e9 de maternit\u00e9\u00a0\u00bb.<\/p>\n<p>Ces modifications pr\u00e9voient \u00e9galement une harmonisation et une adaptation avec certaines dispositions des articles 172 et 174. Il s\u2019agit de l\u2019appellation de l\u2019Institut sup\u00e9rieur d\u2019administration remplac\u00e9e par \u00ab\u00a0Ecole nationale sup\u00e9rieure d\u2019Administration\u00a0\u00bb.<\/p>\n<div class=\"c17\">\n<fieldset class=\"c16\">\n<legend><strong><span class=\"c11\">Challenge<\/span><span class=\"c12\">news<\/span><\/strong><\/legend>\n<div class=\"c15\">Le meilleur de la r\u00e9daction s\u00e9lectionn\u00e9 par Challenge :<\/p>\n<\/div>\n<\/fieldset>\n<\/div>\n<p>Auteur: challenge<br \/>\n<a href=\"https:\/\/www.challenge.ma\/juridictions-financieres-approbation-dun-projet-de-loi-111119\/\">Cliquez ici pour lire l&rsquo;article depuis sa source.<\/a><\/p>\n","protected":false},"excerpt":{"rendered":"<p>Le Conseil du gouvernement, a approuv\u00e9, jeudi \u00e0 Rabat, un projet de loi modifiant et compl\u00e9tant la loi formant code des juridictions financi\u00e8res. Pr\u00e9sent\u00e9 par le ministre de l\u2019Economie et des Finances, le projet de loi 39.19 modifiant et compl\u00e9tant les dispositions des articles 172, 174, 198, 206 et 232 de la loi n\u00b062.99 relative [&hellip;]<\/p>\n","protected":false},"author":1787,"featured_media":0,"comment_status":"closed","ping_status":"closed","sticky":false,"template":"","format":"standard","meta":{"fifu_image_url":"","fifu_image_alt":"","footnotes":""},"categories":[78,54],"tags":[],"class_list":["post-41762","post","type-post","status-publish","format-standard","hentry","category-economie","category-maroc"],"_links":{"self":[{"href":"https:\/\/linitiative.ca\/International\/wp-json\/wp\/v2\/posts\/41762","targetHints":{"allow":["GET"]}}],"collection":[{"href":"https:\/\/linitiative.ca\/International\/wp-json\/wp\/v2\/posts"}],"about":[{"href":"https:\/\/linitiative.ca\/International\/wp-json\/wp\/v2\/types\/post"}],"author":[{"embeddable":true,"href":"https:\/\/linitiative.ca\/International\/wp-json\/wp\/v2\/users\/1787"}],"replies":[{"embeddable":true,"href":"https:\/\/linitiative.ca\/International\/wp-json\/wp\/v2\/comments?post=41762"}],"version-history":[{"count":0,"href":"https:\/\/linitiative.ca\/International\/wp-json\/wp\/v2\/posts\/41762\/revisions"}],"wp:attachment":[{"href":"https:\/\/linitiative.ca\/International\/wp-json\/wp\/v2\/media?parent=41762"}],"wp:term":[{"taxonomy":"category","embeddable":true,"href":"https:\/\/linitiative.ca\/International\/wp-json\/wp\/v2\/categories?post=41762"},{"taxonomy":"post_tag","embeddable":true,"href":"https:\/\/linitiative.ca\/International\/wp-json\/wp\/v2\/tags?post=41762"}],"curies":[{"name":"wp","href":"https:\/\/api.w.org\/{rel}","templated":true}]}}