{"id":41765,"date":"2019-06-20T10:16:45","date_gmt":"2019-06-20T14:16:45","guid":{"rendered":"https:\/\/linitiative.ca\/International\/tunisie-deux-banques-francaises-sappretent-a-quitter-selon-ahmed-el-karm\/"},"modified":"2019-06-20T10:16:45","modified_gmt":"2019-06-20T14:16:45","slug":"tunisie-deux-banques-francaises-sappretent-a-quitter-selon-ahmed-el-karm","status":"publish","type":"post","link":"https:\/\/linitiative.ca\/International\/tunisie-deux-banques-francaises-sappretent-a-quitter-selon-ahmed-el-karm\/","title":{"rendered":"Tunisie: Deux banques fran\u00e7aises s\u2019appr\u00eatent \u00e0 quitter, selon Ahmed El Karm"},"content":{"rendered":"<div class=\"post-cont-in left relative\">\n<div class=\"swp_social_panel swp_horizontal_panel swp_flat_fresh swp_default_full_color swp_individual_full_color swp_other_full_color scale-100 scale-\" data-min-width=\"1100\" data-float-color=\"#ffffff\" data-float=\"none\" data-float-mobile=\"none\" data-transition=\"slide\">\n<div class=\"nc_tweetContainer swp_share_button total_shares total_sharesalt\"><span class=\"swp_count\">28 <span class=\"swp_label\">Partages<\/span><\/span><\/div>\n<\/div>\n<p>Deux banques fran\u00e7aises s\u2019appr\u00eatent \u00e0 c\u00e9der leurs parts dans des institutions de cr\u00e9dit \u00e9tablies en Tunisie, a d\u00e9clar\u00e9 Ahmed El Karm, pr\u00e9sident de l\u2019Association professionnelle tunisienne des banques et des \u00e9tablissements financiers (APTBEF). Mais il n\u2019a pas cit\u00e9 leurs noms.<\/p>\n<p>Dans une d\u00e9claration \u00e0 TAP, en marge d\u2019une conf\u00e9rence organis\u00e9e au si\u00e8ge de l\u2019ATCE, \u00e0 l\u2019initiative de l\u2019APTBEF sur la responsabilit\u00e9 soci\u00e9tale des banques et des institutions financi\u00e8res, il a indiqu\u00e9 que les deux\u00a0\u00e9tablissements en question \u201d veulent c\u00e9der leurs parts \u00e0 des banques tunisiennes \u201c.<\/p>\n<div class=\"code-block code-block-1 c3\"><ins class=\"adsbygoogle c2\" data-ad-layout=\"in-article\" data-ad-format=\"fluid\" data-ad-client=\"ca-pub-2102118777505746\" data-ad-slot=\"7301775417\"\/> <\/div>\n<p>Toutefois, El Karm assure que cette \u00e9ventuelle cession \u201d constitue une d\u00e9marche normale d\u2019autant plus que les banques internationales ont des strat\u00e9gies qui ciblent des objectifs bien d\u00e9termin\u00e9s \u201c.<\/p>\n<p>A rappeler que le Secr\u00e9taire g\u00e9n\u00e9ral de l\u2019Union g\u00e9n\u00e9rale tunisienne du travail (UGTT), Noureddine Taboubi avait annonc\u00e9, il y a quelques jours, que trois banques internationales ont d\u00e9cid\u00e9 de quitter la Tunisie malgr\u00e9 l\u2019absence de tensions sociales et de protestations dans le secteur.<\/p>\n<div class=\"mvp-org-wrap mvp-org-logo\" itemprop=\"publisher\" itemscope=\"\" itemtype=\"https:\/\/schema.org\/Organization\"><img decoding=\"async\" src=\"https:\/\/www.tunisienumerique.com\/wp-content\/uploads\/2017\/02\/logo_tunisie_numerique.png\"\/><\/div>\n<div class=\"swp_social_panel swp_horizontal_panel swp_flat_fresh swp_default_full_color swp_individual_full_color swp_other_full_color scale-100 scale-\" data-min-width=\"1100\" data-float-color=\"#ffffff\" data-float=\"none\" data-float-mobile=\"none\" data-transition=\"slide\">\n<div class=\"nc_tweetContainer swp_share_button total_shares total_sharesalt\"><span class=\"swp_count\">28 <span class=\"swp_label\">Partages<\/span><\/span><\/div>\n<\/div>\n<div class=\"mvp-related-posts left relative\">\n<h4 class=\"post-header\"><span class=\"post-header\">Lire aussi<\/span><\/h4>\n<\/div>\n<\/div>\n<p>Auteur: Mourad S<br \/>\n<a href=\"https:\/\/www.tunisienumerique.com\/tunisie-deux-banques-francaises-sappretent-a-quitter-selon-ahmed-el-karm\/\">Cliquez ici pour lire l&rsquo;article depuis sa source.<\/a><\/p>\n","protected":false},"excerpt":{"rendered":"<p>28 Partages Deux banques fran\u00e7aises s\u2019appr\u00eatent \u00e0 c\u00e9der leurs parts dans des institutions de cr\u00e9dit \u00e9tablies en Tunisie, a d\u00e9clar\u00e9 Ahmed El Karm, pr\u00e9sident de l\u2019Association professionnelle tunisienne des banques et des \u00e9tablissements financiers (APTBEF). Mais il n\u2019a pas cit\u00e9 leurs noms. Dans une d\u00e9claration \u00e0 TAP, en marge d\u2019une conf\u00e9rence organis\u00e9e au si\u00e8ge de [&hellip;]<\/p>\n","protected":false},"author":1789,"featured_media":41766,"comment_status":"closed","ping_status":"closed","sticky":false,"template":"","format":"standard","meta":{"fifu_image_url":"","fifu_image_alt":"","footnotes":""},"categories":[73,55],"tags":[],"class_list":["post-41765","post","type-post","status-publish","format-standard","has-post-thumbnail","hentry","category-actualite","category-tunisie"],"_links":{"self":[{"href":"https:\/\/linitiative.ca\/International\/wp-json\/wp\/v2\/posts\/41765","targetHints":{"allow":["GET"]}}],"collection":[{"href":"https:\/\/linitiative.ca\/International\/wp-json\/wp\/v2\/posts"}],"about":[{"href":"https:\/\/linitiative.ca\/International\/wp-json\/wp\/v2\/types\/post"}],"author":[{"embeddable":true,"href":"https:\/\/linitiative.ca\/International\/wp-json\/wp\/v2\/users\/1789"}],"replies":[{"embeddable":true,"href":"https:\/\/linitiative.ca\/International\/wp-json\/wp\/v2\/comments?post=41765"}],"version-history":[{"count":0,"href":"https:\/\/linitiative.ca\/International\/wp-json\/wp\/v2\/posts\/41765\/revisions"}],"wp:featuredmedia":[{"embeddable":true,"href":"https:\/\/linitiative.ca\/International\/wp-json\/"}],"wp:attachment":[{"href":"https:\/\/linitiative.ca\/International\/wp-json\/wp\/v2\/media?parent=41765"}],"wp:term":[{"taxonomy":"category","embeddable":true,"href":"https:\/\/linitiative.ca\/International\/wp-json\/wp\/v2\/categories?post=41765"},{"taxonomy":"post_tag","embeddable":true,"href":"https:\/\/linitiative.ca\/International\/wp-json\/wp\/v2\/tags?post=41765"}],"curies":[{"name":"wp","href":"https:\/\/api.w.org\/{rel}","templated":true}]}}