{"id":41767,"date":"2019-06-20T10:18:52","date_gmt":"2019-06-20T14:18:52","guid":{"rendered":"https:\/\/linitiative.ca\/International\/video-photos-des-agents-securitaires-du-district-de-medenine-agressent-la-correspondante-de-tunisienumerique-et-une-autre-journaliste\/"},"modified":"2019-06-20T10:18:52","modified_gmt":"2019-06-20T14:18:52","slug":"video-photos-des-agents-securitaires-du-district-de-medenine-agressent-la-correspondante-de-tunisienumerique-et-une-autre-journaliste","status":"publish","type":"post","link":"https:\/\/linitiative.ca\/International\/video-photos-des-agents-securitaires-du-district-de-medenine-agressent-la-correspondante-de-tunisienumerique-et-une-autre-journaliste\/","title":{"rendered":"[vid\u00e9o+ photos] Des agents s\u00e9curitaires du district de M\u00e9denine agressent la correspondante de Tunisienumerique et une autre journaliste"},"content":{"rendered":"<div class=\"post-cont-in left relative\">\n<div class=\"swp_social_panel swp_horizontal_panel swp_flat_fresh swp_default_full_color swp_individual_full_color swp_other_full_color scale-100 scale-\" data-min-width=\"1100\" data-float-color=\"#ffffff\" data-float=\"none\" data-float-mobile=\"none\" data-transition=\"slide\">\n<div class=\"nc_tweetContainer swp_share_button total_shares total_sharesalt\"><span class=\"swp_count\">12 <span class=\"swp_label\">Partages<\/span><\/span><\/div>\n<\/div>\n<p>La correspondante de Tunisienumerique, Afef Werdni et sa cons\u0153ur de Sabra FM, Na\u00efma Khlissa ont \u00e9t\u00e9 agress\u00e9es par des agents s\u00e9curitaires au district de M\u00e9denine, ce matin du jeudi 20 juin.<\/p>\n<p>Les deux journalistes ont, \u00e9galement, \u00e9t\u00e9 interdites de couvrir les confrontations entre des s\u00e9curitaires et des r\u00e9fugi\u00e9s devant l\u2019asile de\u00a0ces derniers \u00e0 Djerba.<\/p>\n<div class=\"code-block code-block-1 c4\"><ins class=\"adsbygoogle c3\" data-ad-layout=\"in-article\" data-ad-format=\"fluid\" data-ad-client=\"ca-pub-2102118777505746\" data-ad-slot=\"7301775417\"\/> <\/div>\n<p>Les s\u00e9curitaires ont aussi fait monter notre correspondante dans leur voiture en jetant son t\u00e9l\u00e9phone par terre lui manquant de respect \u00e0 travers des mots qu\u2019elle a jug\u00e9s \u00ab\u00a0d\u00e9gradants\u00a0\u00bb.<\/p>\n<p>La sc\u00e8ne a \u00e9t\u00e9 film\u00e9e par la correspondante de Sabra FM avant\u00a0qu\u2019elle soit, elle-m\u00eame\u00a0trait\u00e9e de la m\u00eame mani\u00e8re.<\/p>\n<section class=\"post-gallery-wrap left relative\">\n<\/section>\n<div class=\"mvp-org-wrap mvp-org-logo\" itemprop=\"publisher\" itemscope=\"\" itemtype=\"https:\/\/schema.org\/Organization\"><img decoding=\"async\" src=\"https:\/\/www.tunisienumerique.com\/wp-content\/uploads\/2017\/02\/logo_tunisie_numerique.png\"\/><\/div>\n<div class=\"swp_social_panel swp_horizontal_panel swp_flat_fresh swp_default_full_color swp_individual_full_color swp_other_full_color scale-100 scale-\" data-min-width=\"1100\" data-float-color=\"#ffffff\" data-float=\"none\" data-float-mobile=\"none\" data-transition=\"slide\">\n<div class=\"nc_tweetContainer swp_share_button total_shares total_sharesalt\"><span class=\"swp_count\">12 <span class=\"swp_label\">Partages<\/span><\/span><\/div>\n<\/div>\n<div class=\"mvp-related-posts left relative\">\n<h4 class=\"post-header\"><span class=\"post-header\">Lire aussi<\/span><\/h4>\n<\/div>\n<\/div>\n<p>Auteur: Laameri Dorsaf<br \/>\n<a href=\"https:\/\/www.tunisienumerique.com\/video-photos-des-agents-securitaires-du-district-de-medenine-agressent-la-correspondante-de-tunisienumerique-et-une-autre-journaliste\/\">Cliquez ici pour lire l&rsquo;article depuis sa source.<\/a><\/p>\n","protected":false},"excerpt":{"rendered":"<p>12 Partages La correspondante de Tunisienumerique, Afef Werdni et sa cons\u0153ur de Sabra FM, Na\u00efma Khlissa ont \u00e9t\u00e9 agress\u00e9es par des agents s\u00e9curitaires au district de M\u00e9denine, ce matin du jeudi 20 juin. Les deux journalistes ont, \u00e9galement, \u00e9t\u00e9 interdites de couvrir les confrontations entre des s\u00e9curitaires et des r\u00e9fugi\u00e9s devant l\u2019asile de\u00a0ces derniers \u00e0 [&hellip;]<\/p>\n","protected":false},"author":1789,"featured_media":41768,"comment_status":"closed","ping_status":"closed","sticky":false,"template":"","format":"standard","meta":{"fifu_image_url":"","fifu_image_alt":"","footnotes":""},"categories":[73,55],"tags":[],"class_list":["post-41767","post","type-post","status-publish","format-standard","has-post-thumbnail","hentry","category-actualite","category-tunisie"],"_links":{"self":[{"href":"https:\/\/linitiative.ca\/International\/wp-json\/wp\/v2\/posts\/41767","targetHints":{"allow":["GET"]}}],"collection":[{"href":"https:\/\/linitiative.ca\/International\/wp-json\/wp\/v2\/posts"}],"about":[{"href":"https:\/\/linitiative.ca\/International\/wp-json\/wp\/v2\/types\/post"}],"author":[{"embeddable":true,"href":"https:\/\/linitiative.ca\/International\/wp-json\/wp\/v2\/users\/1789"}],"replies":[{"embeddable":true,"href":"https:\/\/linitiative.ca\/International\/wp-json\/wp\/v2\/comments?post=41767"}],"version-history":[{"count":0,"href":"https:\/\/linitiative.ca\/International\/wp-json\/wp\/v2\/posts\/41767\/revisions"}],"wp:featuredmedia":[{"embeddable":true,"href":"https:\/\/linitiative.ca\/International\/wp-json\/"}],"wp:attachment":[{"href":"https:\/\/linitiative.ca\/International\/wp-json\/wp\/v2\/media?parent=41767"}],"wp:term":[{"taxonomy":"category","embeddable":true,"href":"https:\/\/linitiative.ca\/International\/wp-json\/wp\/v2\/categories?post=41767"},{"taxonomy":"post_tag","embeddable":true,"href":"https:\/\/linitiative.ca\/International\/wp-json\/wp\/v2\/tags?post=41767"}],"curies":[{"name":"wp","href":"https:\/\/api.w.org\/{rel}","templated":true}]}}