{"id":41771,"date":"2019-06-20T10:54:06","date_gmt":"2019-06-20T14:54:06","guid":{"rendered":"https:\/\/linitiative.ca\/International\/can-2019-les-joueurs-du-cameroun-en-greve\/"},"modified":"2019-06-20T10:54:06","modified_gmt":"2019-06-20T14:54:06","slug":"can-2019-les-joueurs-du-cameroun-en-greve","status":"publish","type":"post","link":"https:\/\/linitiative.ca\/International\/can-2019-les-joueurs-du-cameroun-en-greve\/","title":{"rendered":"CAN 2019 : les joueurs du Cameroun en gr\u00e8ve"},"content":{"rendered":"<div class=\"nc_socialPanel swp_flatFresh swp_d_fullColor swp_i_fullColor swp_o_fullColor scale-100 scale-fullWidth\" data-position=\"none\" data-float=\"floatNone\" data-count=\"5\" data-floatcolor=\"#ffffff\" data-emphasize=\"0\">\n<div class=\"nc_tweetContainer totes totesalt\" data-id=\"6\"><span class=\"swp_count\"><span class=\"swp_label\">Partages<\/span> 0<\/span><\/div>\n<\/div>\n<p>\u00c0 la veille de l\u2019ouverture de la Coupe d\u2019Afrique des nations 2019, les joueurs du Cameroun ont entam\u00e9 une gr\u00e8ve pour r\u00e9clamer le versement d\u2019une prime.<\/p>\n<p>Les joueurs camerounais r\u00e9clament le versement de leur prime de participation, estim\u00e9e \u00e0 30.500 euros. Alors que le tenant du titre est cens\u00e9 se d\u00e9placer ce jeudi pour l\u2019Egypte<\/p>\n<div class=\"code-block code-block-1 c4\"><ins class=\"adsbygoogle c3\" data-ad-layout=\"in-article\" data-ad-format=\"fluid\" data-ad-client=\"ca-pub-2102118777505746\" data-ad-slot=\"7301775417\"\/> <\/div>\n<p>\u00ab Le staff a tent\u00e9 de faire intervenir la l\u00e9gende, Samuel Eto\u2019o en tant que m\u00e9diateur mais les n\u00e9gociations n\u2019auraient pas abouti \u00bb,\u00a0indique le site \u201cAfrik Foot\u201d.<\/p>\n<div class=\"mvp-org-wrap mvp-org-logo\" itemprop=\"publisher\" itemscope=\"\" itemtype=\"https:\/\/schema.org\/Organization\"><img decoding=\"async\" src=\"https:\/\/sport.tunisienumerique.com\/wp-content\/uploads\/2017\/05\/logo_tunisie_numerique.png\"\/><\/div>\n<div class=\"nc_socialPanel swp_flatFresh swp_d_fullColor swp_i_fullColor swp_o_fullColor scale-100 scale-fullWidth\" data-position=\"none\" data-float=\"floatNone\" data-count=\"5\" data-floatcolor=\"#ffffff\" data-emphasize=\"0\">\n<div class=\"nc_tweetContainer totes totesalt\" data-id=\"6\"><span class=\"swp_count\"><span class=\"swp_label\">Partages<\/span> 0<\/span><\/div>\n<\/div>\n<div class=\"mvp-related-posts left relative\">\n<h4 class=\"post-header\"><span class=\"post-header\">Lire aussi<\/span><\/h4>\n<\/div>\n<p>Auteur: a.<br \/>\n<a href=\"https:\/\/sport.tunisienumerique.com\/can-2019-joueurs-cameroun-greve\/\">Cliquez ici pour lire l&rsquo;article depuis sa source.<\/a><\/p>\n","protected":false},"excerpt":{"rendered":"<p>Partages 0 \u00c0 la veille de l\u2019ouverture de la Coupe d\u2019Afrique des nations 2019, les joueurs du Cameroun ont entam\u00e9 une gr\u00e8ve pour r\u00e9clamer le versement d\u2019une prime. Les joueurs camerounais r\u00e9clament le versement de leur prime de participation, estim\u00e9e \u00e0 30.500 euros. Alors que le tenant du titre est cens\u00e9 se d\u00e9placer ce jeudi [&hellip;]<\/p>\n","protected":false},"author":1789,"featured_media":41772,"comment_status":"closed","ping_status":"closed","sticky":false,"template":"","format":"standard","meta":{"fifu_image_url":"","fifu_image_alt":"","footnotes":""},"categories":[73,55],"tags":[],"class_list":["post-41771","post","type-post","status-publish","format-standard","has-post-thumbnail","hentry","category-actualite","category-tunisie"],"_links":{"self":[{"href":"https:\/\/linitiative.ca\/International\/wp-json\/wp\/v2\/posts\/41771","targetHints":{"allow":["GET"]}}],"collection":[{"href":"https:\/\/linitiative.ca\/International\/wp-json\/wp\/v2\/posts"}],"about":[{"href":"https:\/\/linitiative.ca\/International\/wp-json\/wp\/v2\/types\/post"}],"author":[{"embeddable":true,"href":"https:\/\/linitiative.ca\/International\/wp-json\/wp\/v2\/users\/1789"}],"replies":[{"embeddable":true,"href":"https:\/\/linitiative.ca\/International\/wp-json\/wp\/v2\/comments?post=41771"}],"version-history":[{"count":0,"href":"https:\/\/linitiative.ca\/International\/wp-json\/wp\/v2\/posts\/41771\/revisions"}],"wp:featuredmedia":[{"embeddable":true,"href":"https:\/\/linitiative.ca\/International\/wp-json\/"}],"wp:attachment":[{"href":"https:\/\/linitiative.ca\/International\/wp-json\/wp\/v2\/media?parent=41771"}],"wp:term":[{"taxonomy":"category","embeddable":true,"href":"https:\/\/linitiative.ca\/International\/wp-json\/wp\/v2\/categories?post=41771"},{"taxonomy":"post_tag","embeddable":true,"href":"https:\/\/linitiative.ca\/International\/wp-json\/wp\/v2\/tags?post=41771"}],"curies":[{"name":"wp","href":"https:\/\/api.w.org\/{rel}","templated":true}]}}