{"id":41773,"date":"2019-06-20T11:02:19","date_gmt":"2019-06-20T15:02:19","guid":{"rendered":"https:\/\/linitiative.ca\/International\/tunisie-arrestation-de-5-personnes-soupconnees-dapporter-un-soutien-logistique-aux-groupes-armes-dans-les-montagnes\/"},"modified":"2019-06-20T11:02:19","modified_gmt":"2019-06-20T15:02:19","slug":"tunisie-arrestation-de-5-personnes-soupconnees-dapporter-un-soutien-logistique-aux-groupes-armes-dans-les-montagnes","status":"publish","type":"post","link":"https:\/\/linitiative.ca\/International\/tunisie-arrestation-de-5-personnes-soupconnees-dapporter-un-soutien-logistique-aux-groupes-armes-dans-les-montagnes\/","title":{"rendered":"Tunisie: Arrestation de 5 personnes soup\u00e7onn\u00e9es d\u2019apporter un soutien logistique aux groupes arm\u00e9s dans les montagnes"},"content":{"rendered":"<div class=\"post-cont-in left relative\">\n<div class=\"swp_social_panel swp_horizontal_panel swp_flat_fresh swp_default_full_color swp_individual_full_color swp_other_full_color scale-100 scale-\" data-min-width=\"1100\" data-float-color=\"#ffffff\" data-float=\"none\" data-float-mobile=\"none\" data-transition=\"slide\">\n<div class=\"nc_tweetContainer swp_share_button total_shares total_sharesalt\"><span class=\"swp_count\">18 <span class=\"swp_label\">Partages<\/span><\/span><\/div>\n<\/div>\n<p>Les unit\u00e9s militaires op\u00e9rant sur les hauteurs du mont Mighla dans le gouvernorat de Sidi Bouzid ont arr\u00eat\u00e9 un v\u00e9hicule suspect dans la zone ferm\u00e9e d\u2019op\u00e9rations militaires et ont remarqu\u00e9 mercredi le d\u00e9placement de trois personnes pr\u00e8s d\u2019une maison abandonn\u00e9e dans la zone, en train de surveiller les mouvements des formations militaires.<\/p>\n<p>Dans un communiqu\u00e9 publi\u00e9 jeudi, le minist\u00e8re de la D\u00e9fense, a indiqu\u00e9 que les unit\u00e9s militaires ont proc\u00e9d\u00e9, dans une premi\u00e8re \u00e9tape\u00a0\u00e0 l\u2019arrestation de la voiture.\u00a0Les agents ont retrouv\u00e9 un homme et une femme sans papiers d\u2019identit\u00e9. Une certaine quantit\u00e9 de viandes, de pain, de l\u00e9gumes, de c\u00e9r\u00e9ales, de miel et de cigarettes ont \u00e9t\u00e9 \u00e9galement d\u00e9couverts.<\/p>\n<div class=\"code-block code-block-1 c3\"><ins class=\"adsbygoogle c2\" data-ad-layout=\"in-article\" data-ad-format=\"fluid\" data-ad-client=\"ca-pub-2102118777505746\" data-ad-slot=\"7301775417\"\/> <\/div>\n<p>Ils ont \u00e9galement\u00a0d\u00e9couvert de grandes quantit\u00e9s de v\u00eatements et de chaussures, ordinaires\u00a0et sportives, cach\u00e9es \u00e0 diff\u00e9rents endroits de la maison des deux suspects, en plus de t\u00e9l\u00e9phones portables, d\u2019\u00e9quipements divers, une grande scie automatique et plusieurs m\u00e9dicaments.<\/p>\n<p>Dans un deuxi\u00e8me temps, trois hommes ont \u00e9t\u00e9 arr\u00eat\u00e9s\u00a0 \u00e0 proximit\u00e9 d\u2019un v\u00e9hicule charg\u00e9 de fournitures alimentaires et autre mat\u00e9riel, ayant des liens familiaux avec le couple. Les unit\u00e9s militaires ont trouv\u00e9 un poste de soudage, une d\u00e9coupeuse de m\u00e9tal, une grande scie automatique et des livres de culte.<\/p>\n<p>Ces fournitures et \u00e9quipements \u00e9taient probablement utilis\u00e9s pour soutenir des terroristes dans la r\u00e9gion.<\/p>\n<p>Avec l\u2019autorisation du parquet militaire du tribunal militaire du Kef, ils ont \u00e9t\u00e9 interrog\u00e9s et remis \u00e0 la Garde nationale de l\u2019unit\u00e9 de Sidi Bouzid pour\u00a0\u00eatre soumis \u00e0 une enqu\u00eate.<\/p>\n<p>Le minist\u00e8re a d\u00e9clar\u00e9 que la pr\u00e9sence dans les zones militaires ferm\u00e9es ou les zones d\u2019op\u00e9rations militaires est interdite aux citoyens les exposent \u00e0 la possibilit\u00e9 soit de soup\u00e7on de soutien ou d\u2019appartenance \u00e0 des groupes terroristes, soit\u00a0au risque de mines ou de tirs militaires \u00e9ventuels dans ces zones.<\/p>\n<div class=\"mvp-org-wrap mvp-org-logo\" itemprop=\"publisher\" itemscope=\"\" itemtype=\"https:\/\/schema.org\/Organization\"><img decoding=\"async\" src=\"https:\/\/www.tunisienumerique.com\/wp-content\/uploads\/2017\/02\/logo_tunisie_numerique.png\"\/><\/div>\n<div class=\"swp_social_panel swp_horizontal_panel swp_flat_fresh swp_default_full_color swp_individual_full_color swp_other_full_color scale-100 scale-\" data-min-width=\"1100\" data-float-color=\"#ffffff\" data-float=\"none\" data-float-mobile=\"none\" data-transition=\"slide\">\n<div class=\"nc_tweetContainer swp_share_button total_shares total_sharesalt\"><span class=\"swp_count\">18 <span class=\"swp_label\">Partages<\/span><\/span><\/div>\n<\/div>\n<div class=\"mvp-related-posts left relative\">\n<h4 class=\"post-header\"><span class=\"post-header\">Lire aussi<\/span><\/h4>\n<\/div>\n<\/div>\n<p>Auteur: Mourad S<br \/>\n<a href=\"https:\/\/www.tunisienumerique.com\/tunisie-arrestation-de-5-personnes-soupconnees-dapporter-un-soutien-logistique-aux-groupes-armes-dans-les-montagnes\/\">Cliquez ici pour lire l&rsquo;article depuis sa source.<\/a><\/p>\n","protected":false},"excerpt":{"rendered":"<p>18 Partages Les unit\u00e9s militaires op\u00e9rant sur les hauteurs du mont Mighla dans le gouvernorat de Sidi Bouzid ont arr\u00eat\u00e9 un v\u00e9hicule suspect dans la zone ferm\u00e9e d\u2019op\u00e9rations militaires et ont remarqu\u00e9 mercredi le d\u00e9placement de trois personnes pr\u00e8s d\u2019une maison abandonn\u00e9e dans la zone, en train de surveiller les mouvements des formations militaires. Dans [&hellip;]<\/p>\n","protected":false},"author":1789,"featured_media":41774,"comment_status":"closed","ping_status":"closed","sticky":false,"template":"","format":"standard","meta":{"fifu_image_url":"","fifu_image_alt":"","footnotes":""},"categories":[73,55],"tags":[],"class_list":["post-41773","post","type-post","status-publish","format-standard","has-post-thumbnail","hentry","category-actualite","category-tunisie"],"_links":{"self":[{"href":"https:\/\/linitiative.ca\/International\/wp-json\/wp\/v2\/posts\/41773","targetHints":{"allow":["GET"]}}],"collection":[{"href":"https:\/\/linitiative.ca\/International\/wp-json\/wp\/v2\/posts"}],"about":[{"href":"https:\/\/linitiative.ca\/International\/wp-json\/wp\/v2\/types\/post"}],"author":[{"embeddable":true,"href":"https:\/\/linitiative.ca\/International\/wp-json\/wp\/v2\/users\/1789"}],"replies":[{"embeddable":true,"href":"https:\/\/linitiative.ca\/International\/wp-json\/wp\/v2\/comments?post=41773"}],"version-history":[{"count":0,"href":"https:\/\/linitiative.ca\/International\/wp-json\/wp\/v2\/posts\/41773\/revisions"}],"wp:featuredmedia":[{"embeddable":true,"href":"https:\/\/linitiative.ca\/International\/wp-json\/"}],"wp:attachment":[{"href":"https:\/\/linitiative.ca\/International\/wp-json\/wp\/v2\/media?parent=41773"}],"wp:term":[{"taxonomy":"category","embeddable":true,"href":"https:\/\/linitiative.ca\/International\/wp-json\/wp\/v2\/categories?post=41773"},{"taxonomy":"post_tag","embeddable":true,"href":"https:\/\/linitiative.ca\/International\/wp-json\/wp\/v2\/tags?post=41773"}],"curies":[{"name":"wp","href":"https:\/\/api.w.org\/{rel}","templated":true}]}}