{"id":41781,"date":"2019-06-20T17:11:54","date_gmt":"2019-06-20T21:11:54","guid":{"rendered":"https:\/\/linitiative.ca\/International\/can-2019-les-joueurs-du-zimbabwe-menacent-de-boycotter-le-match-douverture\/"},"modified":"2019-06-20T17:11:54","modified_gmt":"2019-06-20T21:11:54","slug":"can-2019-les-joueurs-du-zimbabwe-menacent-de-boycotter-le-match-douverture","status":"publish","type":"post","link":"https:\/\/linitiative.ca\/International\/can-2019-les-joueurs-du-zimbabwe-menacent-de-boycotter-le-match-douverture\/","title":{"rendered":"CAN 2019 : les joueurs du Zimbabwe menacent de boycotter le match d\u2019ouverture"},"content":{"rendered":"<div class=\"post-cont-in left relative\">\n<div class=\"swp_social_panel swp_horizontal_panel swp_flat_fresh swp_default_full_color swp_individual_full_color swp_other_full_color scale-100 scale-\" data-min-width=\"1100\" data-float-color=\"#ffffff\" data-float=\"none\" data-float-mobile=\"none\" data-transition=\"slide\">\n<div class=\"nc_tweetContainer swp_share_button total_shares total_sharesalt\"><span class=\"swp_count\">0 <span class=\"swp_label\">Partages<\/span><\/span><\/div>\n<\/div>\n<p>A J-1 du coup d\u2019envoi de la Coupe d\u2019Afrique des Nations 2019, une incertitude plane sur le match d\u2019ouverture, pr\u00e9vu ce vendredi (21h00) entre le pays h\u00f4te, l\u2019Egypte et le Zimbabwe.<br \/>Les joueurs de la s\u00e9lection du Zimbabwe ont menac\u00e9 de boycotter la premi\u00e8re rencontre de la CAN \u00e0 cause d\u2019une prime non vers\u00e9e en faveur des leurs comptes.<br \/>A en croire diverses sources zimbabw\u00e9ennes pr\u00e9sentes sur place, les Warriors ont annonc\u00e9 \u00e0 la presse qu\u2019ils ne joueraient pas tant qu\u2019ils n\u2019auront pas touch\u00e9 leur prime de qualification.<br \/>De quoi mettre dans tous leurs \u00e9tats les autorit\u00e9s sportives du pays d\u2019Afrique australe.<br \/>Une r\u00e9union se tiendrait actuellement entre les co\u00e9quipiers de Khama Billiat et la F\u00e9d\u00e9ration zimbabw\u00e9enne de football (ZIFA).<br \/>Pour rappel, les joueurs du Cameroun ont entam\u00e9 une gr\u00e8ve pour r\u00e9clamer le versement d\u2019une prime.<\/p>\n<div class=\"mvp-org-wrap mvp-org-logo\" itemprop=\"publisher\" itemscope=\"\" itemtype=\"https:\/\/schema.org\/Organization\"><img decoding=\"async\" src=\"https:\/\/www.tunisienumerique.com\/wp-content\/uploads\/2017\/02\/logo_tunisie_numerique.png\"\/><\/div>\n<div class=\"swp_social_panel swp_horizontal_panel swp_flat_fresh swp_default_full_color swp_individual_full_color swp_other_full_color scale-100 scale-\" data-min-width=\"1100\" data-float-color=\"#ffffff\" data-float=\"none\" data-float-mobile=\"none\" data-transition=\"slide\">\n<div class=\"nc_tweetContainer swp_share_button total_shares total_sharesalt\"><span class=\"swp_count\">0 <span class=\"swp_label\">Partages<\/span><\/span><\/div>\n<\/div>\n<div class=\"mvp-related-posts left relative\">\n<h4 class=\"post-header\"><span class=\"post-header\">Lire aussi<\/span><\/h4>\n<\/div>\n<\/div>\n<p>Auteur:<br \/>\n<a href=\"https:\/\/www.tunisienumerique.com\/can-2019-joueurs-zimbabwe-menacent-de-boycotter-match-douverture\/\">Cliquez ici pour lire l&rsquo;article depuis sa source.<\/a><\/p>\n","protected":false},"excerpt":{"rendered":"<p>0 Partages A J-1 du coup d\u2019envoi de la Coupe d\u2019Afrique des Nations 2019, une incertitude plane sur le match d\u2019ouverture, pr\u00e9vu ce vendredi (21h00) entre le pays h\u00f4te, l\u2019Egypte et le Zimbabwe.Les joueurs de la s\u00e9lection du Zimbabwe ont menac\u00e9 de boycotter la premi\u00e8re rencontre de la CAN \u00e0 cause d\u2019une prime non vers\u00e9e [&hellip;]<\/p>\n","protected":false},"author":1789,"featured_media":41782,"comment_status":"closed","ping_status":"closed","sticky":false,"template":"","format":"standard","meta":{"fifu_image_url":"","fifu_image_alt":"","footnotes":""},"categories":[73,55],"tags":[],"class_list":["post-41781","post","type-post","status-publish","format-standard","has-post-thumbnail","hentry","category-actualite","category-tunisie"],"_links":{"self":[{"href":"https:\/\/linitiative.ca\/International\/wp-json\/wp\/v2\/posts\/41781","targetHints":{"allow":["GET"]}}],"collection":[{"href":"https:\/\/linitiative.ca\/International\/wp-json\/wp\/v2\/posts"}],"about":[{"href":"https:\/\/linitiative.ca\/International\/wp-json\/wp\/v2\/types\/post"}],"author":[{"embeddable":true,"href":"https:\/\/linitiative.ca\/International\/wp-json\/wp\/v2\/users\/1789"}],"replies":[{"embeddable":true,"href":"https:\/\/linitiative.ca\/International\/wp-json\/wp\/v2\/comments?post=41781"}],"version-history":[{"count":0,"href":"https:\/\/linitiative.ca\/International\/wp-json\/wp\/v2\/posts\/41781\/revisions"}],"wp:featuredmedia":[{"embeddable":true,"href":"https:\/\/linitiative.ca\/International\/wp-json\/"}],"wp:attachment":[{"href":"https:\/\/linitiative.ca\/International\/wp-json\/wp\/v2\/media?parent=41781"}],"wp:term":[{"taxonomy":"category","embeddable":true,"href":"https:\/\/linitiative.ca\/International\/wp-json\/wp\/v2\/categories?post=41781"},{"taxonomy":"post_tag","embeddable":true,"href":"https:\/\/linitiative.ca\/International\/wp-json\/wp\/v2\/tags?post=41781"}],"curies":[{"name":"wp","href":"https:\/\/api.w.org\/{rel}","templated":true}]}}