{"id":41784,"date":"2019-06-20T16:23:03","date_gmt":"2019-06-20T20:23:03","guid":{"rendered":"https:\/\/linitiative.ca\/International\/projet-de-revision-du-code-penal-des-journalistes-denoncent-un-attentat-a-la-liberte-de-presse\/"},"modified":"2019-06-20T16:23:03","modified_gmt":"2019-06-20T20:23:03","slug":"projet-de-revision-du-code-penal-des-journalistes-denoncent-un-attentat-a-la-liberte-de-presse","status":"publish","type":"post","link":"https:\/\/linitiative.ca\/International\/projet-de-revision-du-code-penal-des-journalistes-denoncent-un-attentat-a-la-liberte-de-presse\/","title":{"rendered":"Projet de r\u00e9vision du Code p\u00e9nal : des journalistes d\u00e9noncent un attentat \u00e0 la libert\u00e9 de presse"},"content":{"rendered":"<div class=\"td-post-featured-image\"><a href=\"https:\/\/i0.wp.com\/www.sidwaya.info\/wp-content\/uploads\/2019\/06\/2-17.jpg?fit=738%2C493&#038;ssl=1\" data-caption=\"\"><img loading=\"lazy\" decoding=\"async\" width=\"696\" height=\"465\" class=\"entry-thumb td-modal-image\" src=\"https:\/\/i0.wp.com\/www.sidwaya.info\/wp-content\/uploads\/2019\/06\/2-17.jpg?resize=696%2C465&#038;ssl=1\" srcset=\"https:\/\/i0.wp.com\/www.sidwaya.info\/wp-content\/uploads\/2019\/06\/2-17.jpg?w=738&#038;ssl=1 738w, https:\/\/i0.wp.com\/www.sidwaya.info\/wp-content\/uploads\/2019\/06\/2-17.jpg?resize=300%2C200&#038;ssl=1 300w, https:\/\/i0.wp.com\/www.sidwaya.info\/wp-content\/uploads\/2019\/06\/2-17.jpg?resize=696%2C465&#038;ssl=1 696w, https:\/\/i0.wp.com\/www.sidwaya.info\/wp-content\/uploads\/2019\/06\/2-17.jpg?resize=629%2C420&#038;ssl=1 629w\" sizes=\"auto, (max-width: 696px) 100vw, 696px\" alt=\"\" title=\"2\"\/><\/a><\/div>\n<p><strong>Des organisations professionnelles des m\u00e9dias ont anim\u00e9 une conf\u00e9rence de presse, le jeudi 20 juin 2019 \u00e0 Ouagadougou, pour d\u00e9noncer les \u00abrestrictions \u00e0 la libert\u00e9 des m\u00e9dias et des citoyens contenues dans le projet de relecture du Code p\u00e9nal\u00bb.<\/strong><\/p>\n<p>Le projet de r\u00e9vision du nouveau Code p\u00e9nal adopt\u00e9 en Conseil des ministres le 6 juin 2019 et transmis \u00e0 l\u2019Assembl\u00e9e nationale, pour d\u00e9bat et adoption aujourd\u2019hui 21 juin, est remis en cause par des organisations professionnelles des m\u00e9dias. Elles ont manifest\u00e9 leur d\u00e9sapprobation, hier jeudi 20 juin 2019 \u00e0 Ouagadougou, lors d\u2019une conf\u00e9rence de presse. En effet, le projet de r\u00e9vision du Code p\u00e9nal est, selon les professionnels des m\u00e9dias, une op\u00e9ration qui vise \u00e0 introduire des dispositions \u00abattentatoires\u00bb \u00e0 la libert\u00e9 d\u2019expression dans le chapitre consacr\u00e9 aux infractions li\u00e9es au terrorisme et les communications relatives aux actes terroristes, par quel- que support ou moyen de communication que ce soit. Aussi, ont-ils d\u00e9nonc\u00e9, dans le projet de texte, des notions \u00abvagues\u00bb comme \u00abtemps voisin\u00bb, \u00abquiconque\u00bb, etc. Cela prouve la volont\u00e9 des autorit\u00e9s de ratisser large et de museler la presse et les citoyens, a estim\u00e9 le pr\u00e9sident de l\u2019Association des journalistes du Burkina (AJB), Gu\u00e9zouma Sanogo.<\/p>\n<p>Il a cit\u00e9 en exemple le projet d\u2019article 312-15 qui dispose\u00a0: \u00abest puni d\u2019une peine d\u2019emprisonnement d\u2019un \u00e0 cinq ans et d\u2019une amende d\u2019un million \u00e0 dix millions F CFA, quiconque publie ou relaie en direct ou dans un temps voisin, par un moyen de communication, quel qu\u2019en soit le support, des informations, images ou sons de nature \u00e0 compromettre le d\u00e9roulement d\u2019une op\u00e9ration ou d\u2019une intervention des forces de d\u00e9fense et de s\u00e9curit\u00e9 en cas de commission d\u2019acte terroriste\u00bb. De telles dispositions constituent un recul \u00abgrave\u00bb, selon les conf\u00e9renciers qui disent d\u00e9plorer la remise en cause de leurs acquis par le pouvoir en place, \u00abmalgr\u00e9 la pr\u00e9sence remarqu\u00e9e de journalistes dans le gouvernement\u00bb. Aux dires des responsables des organisations fa\u00eeti\u00e8res des m\u00e9dias, les journalistes, principales cibles, selon eux, n\u2019ont pas \u00e9t\u00e9 associ\u00e9s lors des discussions. \u00abLe processus de r\u00e9vision du Code p\u00e9nal n\u2019a aucunement \u00e9t\u00e9 participatif et ne peut rev\u00eatir le sceau d\u2019un quelconque consensus\u00bb, a d\u00e9clar\u00e9 M. Sanogo.<\/p>\n<p>\u00abL\u2019ex\u00e9cutif et le parlement, en parfaite complicit\u00e9, ont ignor\u00e9 les organisations professionnelles des m\u00e9dias dans leur majorit\u00e9\u00a0\u00e0 l\u2019occasion des s\u00e9ances des auditions pour amender le projet de texte \u00e0 l\u2019Assembl\u00e9e nationale. La Commission des affaires institutionnelles et des droits humains (CAGIDH) a boucl\u00e9 son rapport sans qu\u2019aucune organisation professionnelle des m\u00e9dias n\u2019ait pu \u00eatre entendue\u00bb, a-t-il regrett\u00e9. A la question de savoir pourquoi, c\u2019est maintenant qu\u2019ils d\u00e9noncent ces manquements, le pr\u00e9sident de la Soci\u00e9t\u00e9 des \u00e9diteurs de presse (SEP), Boureima Ou\u00e9draogo, a r\u00e9pondu que c\u2019est recemment qu\u2019ils ont eu le projet de loi et d\u2019ajouter que toutes les portes ont \u00e9t\u00e9 ferm\u00e9es aux organisations des m\u00e9dias. N\u00e9anmoins, ils se disent dispos\u00e9s \u00e0 se battre pour la d\u00e9fense de la libert\u00e9 des journalistes \u00e0 informer les citoyens.<\/p>\n<p class=\"c1\"><strong>Arnaud Fid\u00e8le YAMEOGO<\/strong><\/p>\n<p class=\"c1\"><strong>(Stagiaire)<\/strong><\/p>\n<p>Auteur: DD. Sidwaya<br \/>\n<a href=\"https:\/\/www.sidwaya.info\/blog\/2019\/06\/20\/projet-de-revision-du-code-penal-des-journalistes-denoncent-un-attentat-a-la-liberte-de-presse\/\">Cliquez ici pour lire l&rsquo;article depuis sa source.<\/a><\/p>\n","protected":false},"excerpt":{"rendered":"<p>Des organisations professionnelles des m\u00e9dias ont anim\u00e9 une conf\u00e9rence de presse, le jeudi 20 juin 2019 \u00e0 Ouagadougou, pour d\u00e9noncer les \u00abrestrictions \u00e0 la libert\u00e9 des m\u00e9dias et des citoyens contenues dans le projet de relecture du Code p\u00e9nal\u00bb. Le projet de r\u00e9vision du nouveau Code p\u00e9nal adopt\u00e9 en Conseil des ministres le 6 juin [&hellip;]<\/p>\n","protected":false},"author":1816,"featured_media":0,"comment_status":"closed","ping_status":"closed","sticky":false,"template":"","format":"standard","meta":{"fifu_image_url":"","fifu_image_alt":"","footnotes":""},"categories":[73,81],"tags":[],"class_list":["post-41784","post","type-post","status-publish","format-standard","hentry","category-actualite","category-burkina-faso"],"_links":{"self":[{"href":"https:\/\/linitiative.ca\/International\/wp-json\/wp\/v2\/posts\/41784","targetHints":{"allow":["GET"]}}],"collection":[{"href":"https:\/\/linitiative.ca\/International\/wp-json\/wp\/v2\/posts"}],"about":[{"href":"https:\/\/linitiative.ca\/International\/wp-json\/wp\/v2\/types\/post"}],"author":[{"embeddable":true,"href":"https:\/\/linitiative.ca\/International\/wp-json\/wp\/v2\/users\/1816"}],"replies":[{"embeddable":true,"href":"https:\/\/linitiative.ca\/International\/wp-json\/wp\/v2\/comments?post=41784"}],"version-history":[{"count":0,"href":"https:\/\/linitiative.ca\/International\/wp-json\/wp\/v2\/posts\/41784\/revisions"}],"wp:attachment":[{"href":"https:\/\/linitiative.ca\/International\/wp-json\/wp\/v2\/media?parent=41784"}],"wp:term":[{"taxonomy":"category","embeddable":true,"href":"https:\/\/linitiative.ca\/International\/wp-json\/wp\/v2\/categories?post=41784"},{"taxonomy":"post_tag","embeddable":true,"href":"https:\/\/linitiative.ca\/International\/wp-json\/wp\/v2\/tags?post=41784"}],"curies":[{"name":"wp","href":"https:\/\/api.w.org\/{rel}","templated":true}]}}