{"id":41786,"date":"2019-06-20T16:29:42","date_gmt":"2019-06-20T20:29:42","guid":{"rendered":"https:\/\/linitiative.ca\/International\/lutte-contre-la-desertification-les-efforts-du-burkina-faso-salues-par-les-nations-unies\/"},"modified":"2019-06-20T16:29:42","modified_gmt":"2019-06-20T20:29:42","slug":"lutte-contre-la-desertification-les-efforts-du-burkina-faso-salues-par-les-nations-unies","status":"publish","type":"post","link":"https:\/\/linitiative.ca\/International\/lutte-contre-la-desertification-les-efforts-du-burkina-faso-salues-par-les-nations-unies\/","title":{"rendered":"Lutte contre la d\u00e9sertification : les efforts du Burkina Faso salu\u00e9s par les Nations unies"},"content":{"rendered":"<div class=\"td-post-featured-image\"><a href=\"https:\/\/i2.wp.com\/www.sidwaya.info\/wp-content\/uploads\/2019\/06\/1-42.jpg?fit=738%2C493&#038;ssl=1\" data-caption=\"\"><img loading=\"lazy\" decoding=\"async\" width=\"696\" height=\"465\" class=\"entry-thumb td-modal-image\" src=\"https:\/\/i2.wp.com\/www.sidwaya.info\/wp-content\/uploads\/2019\/06\/1-42.jpg?resize=696%2C465&#038;ssl=1\" srcset=\"https:\/\/i2.wp.com\/www.sidwaya.info\/wp-content\/uploads\/2019\/06\/1-42.jpg?w=738&#038;ssl=1 738w, https:\/\/i2.wp.com\/www.sidwaya.info\/wp-content\/uploads\/2019\/06\/1-42.jpg?resize=300%2C200&#038;ssl=1 300w, https:\/\/i2.wp.com\/www.sidwaya.info\/wp-content\/uploads\/2019\/06\/1-42.jpg?resize=696%2C465&#038;ssl=1 696w, https:\/\/i2.wp.com\/www.sidwaya.info\/wp-content\/uploads\/2019\/06\/1-42.jpg?resize=629%2C420&#038;ssl=1 629w\" sizes=\"auto, (max-width: 696px) 100vw, 696px\" alt=\"\" title=\"1\"\/><\/a><\/div>\n<p><strong>Le Pr\u00e9sident du Faso, Roch Marc Christian Kabor\u00e9, a re\u00e7u, le jeudi 20 juin 2019, \u00e0 Kosyam, le secr\u00e9taire ex\u00e9cutif de la Convention des Nations unies sur la lutte contre la d\u00e9sertification (CNULCD), Ibrahim Thiaw.<\/strong><\/p>\n<p>Le leadership du Burkina Faso dans le domaine de la lutte contre la d\u00e9sertification s\u2019affirme \u00e0 l\u2019international. En s\u00e9jour \u00e0 Ouagadougou pour prendre part \u00e0 un sommet sur la question, le secr\u00e9taire ex\u00e9cutif de la Convention des Nations unies sur la lutte contre la d\u00e9sertification (CNULCD), Ibrahim Thiaw, l\u2019a reconnue au terme d\u2019une audience le 20 juin 2019 au palais de Kosyam. \u00abNous avons \u00e9t\u00e9 re\u00e7us par le chef de l\u2019Etat pour \u00e9changer sur la question de la d\u00e9sertification. Depuis les ann\u00e9es 1970, le Burkina Faso qui a toujours fait des efforts s\u2019est distingu\u00e9 dans ce domaine. Le prix alternatif remport\u00e9 par Yacouba Sawadogo en 2018 et celui attribu\u00e9 \u00e0 Mathieu Ou\u00e9draogo, un autre Burkinab\u00e8 qui recevra sa r\u00e9compense en juillet prochain en Chine, en sont des exemples parfaits\u00bb, a-t-il d\u00e9clar\u00e9.<\/p>\n<p>Pour lui, la lutte contre la d\u00e9sertification est une question bien comprise par les Burkinab\u00e8 qui doivent exporter leur savoir-faire dans le domaine et impacter les autres pays du Sahel, l\u2019objectif \u00e9tant d\u2019assurer une production agricole dans des zones particuli\u00e8rement hostiles. \u00abLa lutte contre la d\u00e9sertification comprend plusieurs volets, \u00e0 savoir acc\u00e9der \u00e0 l\u2019\u00e9nergie solaire pour faciliter la production agricole, r\u00e9duire les pertes apr\u00e8s les r\u00e9coltes, conserver les aliments, accroitre la chaine de valeur, assurer le bien-\u00eatre des populations, fixer les jeunes sur leur territoire et promouvoir l\u2019entrepreneuriat des femmes et leur acc\u00e8s \u00e0 la terre\u00bb, a fait savoir M. Thiaw. La d\u00e9l\u00e9gation a mis \u00e0 profit sa visite pour inviter le pr\u00e9sident du Faso \u00e0 la conf\u00e9rence des parties \u00e0 la convention, la Coop 2019 qui se tiendra en septembre prochain \u00e0 New Dehli en Inde. \u00abLes liens entre changement climatique, lutte contre la d\u00e9sertification et biodiversit\u00e9 ainsi que des sujets divers comme le droit foncier, les relations entre zones rurales et celles urbaines pour la production agricole, l\u2019\u00e9conomie du milieu rural seront au c\u0153ur des r\u00e9flexions lors de ce rendez-vous mondial\u00bb, a indiqu\u00e9 le secr\u00e9taire ex\u00e9cutif de la CNULCD.<\/p>\n<p>De l\u2019avis de ce dernier, le pr\u00e9sident du Faso qui pr\u00e9side le G5-Sahel et le CILSS, doit user de son influence pour que le Sahel soit au c\u0153ur de l\u2019action climatique et le sommet pr\u00e9vu dans quelques mois au si\u00e8ge de l\u2019ONU \u00e0 New York sur le sujet constitue une opportunit\u00e9. A \u00e9couter l\u2019\u00e9missaire onusien, les diff\u00e9rents Etats entrent dans les dix derni\u00e8res ann\u00e9es de l\u2019\u00e9ch\u00e9ance des Objectifs du d\u00e9veloppement durables (ODD) ainsi que de la d\u00e9cennie d\u00e9cr\u00e9t\u00e9e par l\u2019Assembl\u00e9e g\u00e9n\u00e9rale de l\u2019ONU sur la restauration des \u00e9cosyst\u00e8mes. \u00abLe Sahel \u00e0 travers des actions de la grande muraille verte pour le Sahara et le Sahel, doit continuer \u00e0 d\u00e9ployer ses efforts pour le respect des engagements\u00bb, a souhait\u00e9 Ibrahim Thiaw, ajoutant que le Burkina, gr\u00e2ce \u00e0 son exp\u00e9rience dans le domaine de la d\u00e9sertification, peut jouer un r\u00f4le important dans la restauration des terres \u00e0 l\u2019horizon 2030.<\/p>\n<p class=\"c1\"><strong>Beyon Romain NEBIE<\/strong><\/p>\n<p class=\"c1\"><strong>nbeyonromain@yahoo.fr<\/strong><\/p>\n<p>Auteur: DD. Sidwaya<br \/>\n<a href=\"https:\/\/www.sidwaya.info\/blog\/2019\/06\/20\/lutte-contre-la-desertification-les-efforts-du-burkina-faso-salues-par-les-nations-unies\/\">Cliquez ici pour lire l&rsquo;article depuis sa source.<\/a><\/p>\n","protected":false},"excerpt":{"rendered":"<p>Le Pr\u00e9sident du Faso, Roch Marc Christian Kabor\u00e9, a re\u00e7u, le jeudi 20 juin 2019, \u00e0 Kosyam, le secr\u00e9taire ex\u00e9cutif de la Convention des Nations unies sur la lutte contre la d\u00e9sertification (CNULCD), Ibrahim Thiaw. Le leadership du Burkina Faso dans le domaine de la lutte contre la d\u00e9sertification s\u2019affirme \u00e0 l\u2019international. En s\u00e9jour \u00e0 [&hellip;]<\/p>\n","protected":false},"author":1816,"featured_media":0,"comment_status":"closed","ping_status":"closed","sticky":false,"template":"","format":"standard","meta":{"fifu_image_url":"","fifu_image_alt":"","footnotes":""},"categories":[73,81],"tags":[],"class_list":["post-41786","post","type-post","status-publish","format-standard","hentry","category-actualite","category-burkina-faso"],"_links":{"self":[{"href":"https:\/\/linitiative.ca\/International\/wp-json\/wp\/v2\/posts\/41786","targetHints":{"allow":["GET"]}}],"collection":[{"href":"https:\/\/linitiative.ca\/International\/wp-json\/wp\/v2\/posts"}],"about":[{"href":"https:\/\/linitiative.ca\/International\/wp-json\/wp\/v2\/types\/post"}],"author":[{"embeddable":true,"href":"https:\/\/linitiative.ca\/International\/wp-json\/wp\/v2\/users\/1816"}],"replies":[{"embeddable":true,"href":"https:\/\/linitiative.ca\/International\/wp-json\/wp\/v2\/comments?post=41786"}],"version-history":[{"count":0,"href":"https:\/\/linitiative.ca\/International\/wp-json\/wp\/v2\/posts\/41786\/revisions"}],"wp:attachment":[{"href":"https:\/\/linitiative.ca\/International\/wp-json\/wp\/v2\/media?parent=41786"}],"wp:term":[{"taxonomy":"category","embeddable":true,"href":"https:\/\/linitiative.ca\/International\/wp-json\/wp\/v2\/categories?post=41786"},{"taxonomy":"post_tag","embeddable":true,"href":"https:\/\/linitiative.ca\/International\/wp-json\/wp\/v2\/tags?post=41786"}],"curies":[{"name":"wp","href":"https:\/\/api.w.org\/{rel}","templated":true}]}}