{"id":41787,"date":"2019-06-20T17:00:50","date_gmt":"2019-06-20T21:00:50","guid":{"rendered":"https:\/\/linitiative.ca\/International\/journee-mondiale-des-refugies-pres-de-26-000-personnes-sous-assistance-au-burkina\/"},"modified":"2019-06-20T17:00:50","modified_gmt":"2019-06-20T21:00:50","slug":"journee-mondiale-des-refugies-pres-de-26-000-personnes-sous-assistance-au-burkina","status":"publish","type":"post","link":"https:\/\/linitiative.ca\/International\/journee-mondiale-des-refugies-pres-de-26-000-personnes-sous-assistance-au-burkina\/","title":{"rendered":"Journ\u00e9e mondiale des r\u00e9fugi\u00e9s : pr\u00e8s de 26 000 personnes sous assistance au Burkina"},"content":{"rendered":"<div class=\"td-post-featured-image\"><a href=\"https:\/\/i1.wp.com\/www.sidwaya.info\/wp-content\/uploads\/2019\/06\/1-43.jpg?fit=596%2C555&#038;ssl=1\" data-caption=\"\"><img loading=\"lazy\" decoding=\"async\" width=\"596\" height=\"555\" class=\"entry-thumb td-modal-image\" src=\"https:\/\/i1.wp.com\/www.sidwaya.info\/wp-content\/uploads\/2019\/06\/1-43.jpg?resize=596%2C555&#038;ssl=1\" srcset=\"https:\/\/i1.wp.com\/www.sidwaya.info\/wp-content\/uploads\/2019\/06\/1-43.jpg?w=596&#038;ssl=1 596w, https:\/\/i1.wp.com\/www.sidwaya.info\/wp-content\/uploads\/2019\/06\/1-43.jpg?resize=300%2C279&#038;ssl=1 300w, https:\/\/i1.wp.com\/www.sidwaya.info\/wp-content\/uploads\/2019\/06\/1-43.jpg?resize=451%2C420&#038;ssl=1 451w\" sizes=\"auto, (max-width: 596px) 100vw, 596px\" alt=\"\" title=\"1\"\/><\/a><\/div>\n<p><strong>Le Haut-commissariat des Nations unies pour les r\u00e9fugi\u00e9s (UNHCR), en collaboration avec le Secr\u00e9tariat permanent de la Commission nationale pour les r\u00e9fugi\u00e9s, a anim\u00e9 le jeudi 20 juin 2019 \u00e0 Ouagadougou, une conf\u00e9rence de presse, \u00e0 l\u2019occasion de la 19e Journ\u00e9e mondiale du r\u00e9fugi\u00e9.<\/strong><\/p>\n<p>L\u2019Etat burkinab\u00e8 et le Haut-commissariat des Nations unies pour les r\u00e9fugi\u00e9s mutualisent leurs efforts pour assurer le droit d\u2019asile aux personnes ayant trouv\u00e9 refuge au pays des Hommes int\u00e8gres. Le jeudi 20 juin 2019, date marquant la 19e Journ\u00e9e mondiale des r\u00e9fugi\u00e9s, les deux parties ont concomitamment anim\u00e9 une conf\u00e9rence de presse \u00e0 Ouagadougou, pour faire le point de la situation dans le monde et au niveau national. La repr\u00e9sentante du Haut-commissariat des Nations unies pour les r\u00e9fugi\u00e9s (HCR) au Burkina Faso, Loli Kimyaci a indiqu\u00e9 qu\u2019\u00e0 la fin de l\u2019ann\u00e9e 2018, le monde a enregistr\u00e9 pr\u00e8s de 71 millions de personnes d\u00e9plac\u00e9es.<\/p>\n<p>\u00abAu Burkina Faso, \u00e0 la date du 30 avril 2019, pr\u00e8s de 26 000 personnes majoritairement maliennes (25\u00a0171) b\u00e9n\u00e9ficient de l\u2019asile, de l\u2019assistance et de la protection de l\u2019Etat burkinab\u00e8 et du HCR\u00bb, a-t-elle soutenu. Puis de poursuivre qu\u2019en raison de la crise qui perdure, de nouveaux arrivants fuyant leurs localit\u00e9s \u00e0 la suite des violences intercommunautaires continuent d\u2019\u00eatre enregistr\u00e9s. D\u2019o\u00f9 ses remerciements renouvel\u00e9s au gouvernement et au peuple burkinab\u00e8 pour leur hospitalit\u00e9. Et le secr\u00e9taire permanent de la Commission nationale pour les r\u00e9fugi\u00e9s, Flavien Imah William N\u00e9zien, d\u2019expliquer que cette hospitalit\u00e9, en plus de la solidarit\u00e9 vis-\u00e0-vis des r\u00e9fugi\u00e9s, repose sur le savoir-vivre des Burkinab\u00e8. Toutefois, il a indiqu\u00e9 que la gestion des r\u00e9fugi\u00e9s demeure une probl\u00e9matique \u00e0 r\u00e9soudre face \u00e0 la rar\u00e9faction des ressources financi\u00e8res, l\u2019aust\u00e9rit\u00e9 des politiques migratoires, la lutte contre le terrorisme et les cons\u00e9quences du changement climatique. M. Ni\u00e9zien a salu\u00e9 le r\u00f4le principal des agences du syst\u00e8me des Nations unies \u00e0 travers le bureau du HCR au Burkina Faso. En 2019, la comm\u00e9moration de la Journ\u00e9e des r\u00e9fugi\u00e9s se d\u00e9roule dans une atmosph\u00e8re de discorde avec le m\u00e9contentement de l\u2019Association des r\u00e9fugi\u00e9s r\u00e9sidant au Burkina Faso (ARBF). R\u00e9fugi\u00e9s m\u00e9contents Elle a manifest\u00e9 publiquement hier jeudi 20 juin pour d\u00e9noncer le d\u00e9tournement par l\u2019UNHCR, d\u2019un fonds destin\u00e9 \u00e0 ses membres et la falsification des dossiers des r\u00e9fugi\u00e9s par les organisations partenaires.<\/p>\n<p>Sur ces griefs rapport\u00e9s par les hommes de m\u00e9dias, la repr\u00e9sentante du HCR au Burkina Faso a expliqu\u00e9 que l\u2019ARBF n\u2019est pas \u00e0 ses premi\u00e8res d\u00e9clarations concernant un d\u00e9tournement de fonds qui aurait lieu dans le cadre du projet-pilote de r\u00e9insertion au Burkina Faso en 1998. \u00abLe HCR et ses partenaires ont entendu \u00e0 plusieurs reprises les responsables de l\u2019association qui n\u2019ont pas \u00e9t\u00e9 en mesure d\u2019apporter de preuve de leurs all\u00e9gations. Dans ces circonstances, il nous est difficile d\u2019y accorder foi\u00bb, a justifi\u00e9 Loli Kimyaci. Puis de pr\u00e9ciser que le HCR et ses partenaires sont tenus par des proc\u00e9dures \u00abextr\u00eamement strictes\u00bb avec des projets clos apr\u00e8s des contr\u00f4les financiers d\u00fbment men\u00e9s. Quand en est-il de la r\u00e9installation de tous les r\u00e9fugi\u00e9s urbains souhait\u00e9e par l\u2018ARBF? A cette question, le Secr\u00e9taire permanent de la Commission nationale pour les r\u00e9fugi\u00e9s a laiss\u00e9 entendre que chaque pays a ses propres crit\u00e8res de r\u00e9installation. \u00abLe principal crit\u00e8re est celui du besoin actuel de protection.<\/p>\n<p>Les personnes \u00e9ligibles doivent ensuite r\u00e9pondre \u00e0 certains crit\u00e8res de vuln\u00e9rabilit\u00e9 d\u00e9termin\u00e9s par les pays qui re\u00e7oivent les r\u00e9fugi\u00e9s\u00bb, a relev\u00e9 M. N\u00e9zien. Pour ce qui est des personnes non \u00e9ligibles \u00e0 la r\u00e9insertion, le HCR a pr\u00e9vu trois solutions durables pour les r\u00e9fugi\u00e9s. Il s\u2019agit du rapatriement volontaire dans le pays d\u2019origine, l\u2019int\u00e9gration locale dans le pays d\u2019asile et la r\u00e9installation dans un pays tiers. \u00abDe ces trois solutions, seul le rapatriement volontaire qui demeure la plus souhait\u00e9e, constitue un droit pour le r\u00e9fugi\u00e9\u00bb, a fait savoir madame Kimyaci.<\/p>\n<p class=\"c1\"><strong>Abdoulaye BALBONE<\/strong><\/p>\n<p>Auteur: DD. Sidwaya<br \/>\n<a href=\"https:\/\/www.sidwaya.info\/blog\/2019\/06\/20\/journee-mondiale-des-refugies-pres-de-26-000-personnes-sous-assistance-au-burkina\/\">Cliquez ici pour lire l&rsquo;article depuis sa source.<\/a><\/p>\n","protected":false},"excerpt":{"rendered":"<p>Le Haut-commissariat des Nations unies pour les r\u00e9fugi\u00e9s (UNHCR), en collaboration avec le Secr\u00e9tariat permanent de la Commission nationale pour les r\u00e9fugi\u00e9s, a anim\u00e9 le jeudi 20 juin 2019 \u00e0 Ouagadougou, une conf\u00e9rence de presse, \u00e0 l\u2019occasion de la 19e Journ\u00e9e mondiale du r\u00e9fugi\u00e9. L\u2019Etat burkinab\u00e8 et le Haut-commissariat des Nations unies pour les r\u00e9fugi\u00e9s [&hellip;]<\/p>\n","protected":false},"author":1816,"featured_media":0,"comment_status":"closed","ping_status":"closed","sticky":false,"template":"","format":"standard","meta":{"fifu_image_url":"","fifu_image_alt":"","footnotes":""},"categories":[73,81],"tags":[],"class_list":["post-41787","post","type-post","status-publish","format-standard","hentry","category-actualite","category-burkina-faso"],"_links":{"self":[{"href":"https:\/\/linitiative.ca\/International\/wp-json\/wp\/v2\/posts\/41787","targetHints":{"allow":["GET"]}}],"collection":[{"href":"https:\/\/linitiative.ca\/International\/wp-json\/wp\/v2\/posts"}],"about":[{"href":"https:\/\/linitiative.ca\/International\/wp-json\/wp\/v2\/types\/post"}],"author":[{"embeddable":true,"href":"https:\/\/linitiative.ca\/International\/wp-json\/wp\/v2\/users\/1816"}],"replies":[{"embeddable":true,"href":"https:\/\/linitiative.ca\/International\/wp-json\/wp\/v2\/comments?post=41787"}],"version-history":[{"count":0,"href":"https:\/\/linitiative.ca\/International\/wp-json\/wp\/v2\/posts\/41787\/revisions"}],"wp:attachment":[{"href":"https:\/\/linitiative.ca\/International\/wp-json\/wp\/v2\/media?parent=41787"}],"wp:term":[{"taxonomy":"category","embeddable":true,"href":"https:\/\/linitiative.ca\/International\/wp-json\/wp\/v2\/categories?post=41787"},{"taxonomy":"post_tag","embeddable":true,"href":"https:\/\/linitiative.ca\/International\/wp-json\/wp\/v2\/tags?post=41787"}],"curies":[{"name":"wp","href":"https:\/\/api.w.org\/{rel}","templated":true}]}}