{"id":41789,"date":"2019-06-20T17:09:17","date_gmt":"2019-06-20T21:09:17","guid":{"rendered":"https:\/\/linitiative.ca\/International\/lutte-contre-linsecurite-nous-tenons-le-bon-bout-jean-baptiste-ky-du-mpp\/"},"modified":"2019-06-20T17:09:17","modified_gmt":"2019-06-20T21:09:17","slug":"lutte-contre-linsecurite-nous-tenons-le-bon-bout-jean-baptiste-ky-du-mpp","status":"publish","type":"post","link":"https:\/\/linitiative.ca\/International\/lutte-contre-linsecurite-nous-tenons-le-bon-bout-jean-baptiste-ky-du-mpp\/","title":{"rendered":"Lutte contre l\u2019ins\u00e9curit\u00e9 : \u00abNous tenons le bon bout\u00bb, Jean-Baptiste Ky du MPP"},"content":{"rendered":"<div class=\"td-post-featured-image\"><a href=\"https:\/\/i2.wp.com\/www.sidwaya.info\/wp-content\/uploads\/2019\/06\/1-45.jpg?fit=738%2C493&#038;ssl=1\" data-caption=\"\"><img loading=\"lazy\" decoding=\"async\" width=\"696\" height=\"465\" class=\"entry-thumb td-modal-image\" src=\"https:\/\/i2.wp.com\/www.sidwaya.info\/wp-content\/uploads\/2019\/06\/1-45.jpg?resize=696%2C465&#038;ssl=1\" srcset=\"https:\/\/i2.wp.com\/www.sidwaya.info\/wp-content\/uploads\/2019\/06\/1-45.jpg?w=738&#038;ssl=1 738w, https:\/\/i2.wp.com\/www.sidwaya.info\/wp-content\/uploads\/2019\/06\/1-45.jpg?resize=300%2C200&#038;ssl=1 300w, https:\/\/i2.wp.com\/www.sidwaya.info\/wp-content\/uploads\/2019\/06\/1-45.jpg?resize=696%2C465&#038;ssl=1 696w, https:\/\/i2.wp.com\/www.sidwaya.info\/wp-content\/uploads\/2019\/06\/1-45.jpg?resize=629%2C420&#038;ssl=1 629w\" sizes=\"auto, (max-width: 696px) 100vw, 696px\" alt=\"\" title=\"1\"\/><\/a><\/div>\n<p><strong>Le Bureau politique national (BPN) du Mouvement du peuple pour le progr\u00e8s (MPP) organise demain, samedi 22 juin 2019, sa 2e session. Dans cette interview, le secr\u00e9taire national adjoint charg\u00e9 des secteurs structur\u00e9s, Jean-Baptiste Ky, situe les enjeux de la rencontre et \u00e9voque aussi des sujets d\u2019actualit\u00e9.<\/strong><\/p>\n<p><strong>Sidwaya (S.)\u00a0: Le MPP organise demain samedi 22 juin, la 2e session de son Bureau politique national (BPN). Quels sont les enjeux majeurs de cette rencontre\u00a0?<\/strong><\/p>\n<p>Jean-Baptiste Ky (J-B.K.)\u00a0: Cette rencontre est une session statutaire du parti, cens\u00e9e faire un point des activit\u00e9s entrant dans la cadre de sa vie, partager les informations avec les membres du Bureau politique national et statuer sur les t\u00e2ches urgentes du moment. Pr\u00e9cis\u00e9ment, \u00e0 cette \u00e9tape, il s\u2019agira de faire le point du parach\u00e8vement du renouvellement des structures. Ce renouvellement, qui a commenc\u00e9 apr\u00e8s le dernier congr\u00e8s, s\u2019est assez bien d\u00e9roul\u00e9 et cette session sera l\u2019occasion de faire le point et de donner des mots d\u2019ordre pour la reprise v\u00e9ritable de la lutte politique sur le terrain.<\/p>\n<p><strong>S.\u00a0: Cette session se tient dans un contexte de renouvellement des structures du parti, marqu\u00e9 par des difficult\u00e9s dans certaines sections et sous-sections. S\u2019agit-il de guerres de positionnement ou de cas d\u2019indiscipline ?<\/strong><\/p>\n<p>J-B. K.\u00a0: Le MPP est un grand parti qui regorge de potentialit\u00e9s et d\u2019hommes de qualit\u00e9. C\u2019est un parti, qui g\u00e8re le pouvoir d\u2019Etat en collaboration avec les partis alli\u00e9s si bien que les militants sont int\u00e9ress\u00e9s \u00e0 occuper des responsabilit\u00e9s au sein du parti \u00e0 un certain niveau pour mieux apporter leur contribution. Nous ne voyons donc pas cela d\u2019un mauvais \u0153il, au contraire, nous pensons que c\u2019est un signe de d\u00e9mocratie interne, de dynamisme du parti lui-m\u00eame et de la qualit\u00e9 des hommes qui le composent.<\/p>\n<p><strong>S.\u00a0: Le Centre pour la gouvernance d\u00e9mocratique (CGD) a publi\u00e9 les r\u00e9sultats de son sondage d\u2019opinion qui attribue la note de 4,72\/10 au chef de l\u2019Etat. Les Burkinab\u00e8 sont-ils de plus en plus d\u00e9\u00e7us de leur pr\u00e9sident ?<\/strong><\/p>\n<p>J-B. K.\u00a0: Certes, des Burkinab\u00e8 peuvent avoir des attentes qui ne sont pas encore combl\u00e9es, mais nous pensons que c\u2019est un processus. Le pr\u00e9sident du Faso a \u00e9t\u00e9 \u00e9lu pour un mandat de cinq ans et nous ne sommes pas encore au bout de ce mandat. Le constat est que beaucoup de choses ont d\u00e9j\u00e0 \u00e9t\u00e9 faites dans les domaines de la sant\u00e9, de la construction des infrastructures \u00e9ducatives et routi\u00e8res et des adductions d\u2019eau potable. Malheureusement, la situation s\u00e9curitaire qui endeuille les populations fait que les citoyens souffrent dans leurs chairs, si bien que cela peut entacher ce bilan largement positif du chef de l\u2019Etat. Mais ce n\u2019est pas pour autant que beaucoup de choses ne sont pas faites sur le terrain. En tr\u00e8s peu de temps, de nombreuses r\u00e9alisations ont \u00e9t\u00e9 faites. A entendre, les bilans des maires des communes sur les r\u00e9alisations dans leurs localit\u00e9s, et les constats faits sur le terrain, on se rend compte que beaucoup d\u2019efforts sont faits pour am\u00e9liorer les conditions de vie des populations et d\u00e9velopper le pays. Ainsi, dans bien de domaines, le bilan engrang\u00e9 en moins de cinq ans toute proportion respect\u00e9e, d\u00e9passe largement ce qui a \u00e9t\u00e9 fait en 27 ans. On peut citer, entre autres secteurs, l\u2019\u00e9lectrification, les routes, les infrastructures \u00e9ducatives et l\u2019offre des soins de sant\u00e9.<\/p>\n<p><strong>S.\u00a0: A un an des \u00e9lections de 2020, les r\u00e9sultats de ce sondage n\u2019inqui\u00e8tent-ils pas le camp pr\u00e9sidentiel\u00a0?<\/strong><\/p>\n<p>J-B. K.\u00a0: Nous ne sommes pas du tout inquiets, parce qu\u2019il n\u2019y a pas de quoi s\u2019inqui\u00e9ter. L\u2019ins\u00e9curit\u00e9 actuelle est une situation que personne n\u2019a ni voulue, ni pr\u00e9vue au Burkina Faso. Nous la subissons tous. Le Pr\u00e9sident, Roch Marc Christian Kabor\u00e9, a \u00e9t\u00e9 \u00e9lu sur la base d\u2019un programme. Initialement, en venant au pouvoir, il n\u2019avait pas imagin\u00e9 des difficult\u00e9s d\u2019une telle ampleur li\u00e9es \u00e0 la question s\u00e9curitaire. Si elles faisaient partie de la donne, des dispositions auraient \u00e9t\u00e9 prises pour l\u2019affronter convenablement. N\u00e9anmoins, le gouvernement s\u2019est engag\u00e9 \u00e0 y faire face et cela n\u00e9cessite des moyens humains, mat\u00e9riels et financiers. Nous ne doutons pas un seul instant que le citoyen sait appr\u00e9cier les efforts faits dans la gouvernance et les impr\u00e9vus qui s\u2019y sont greff\u00e9s. Les terroristes sont des ennemis de la nation et non du MPP uniquement. Lorsqu\u2019ils tuent, ils ne ciblent pas seulement nos militants.<\/p>\n<p><strong>S.\u00a0: Le front social est actuellement en \u00e9bullition. Comment cela peut-il s\u2019expliquer\u00a0?<\/strong><\/p>\n<p>J-B. K.\u00a0: A mon avis, le front social actuel est l\u2019expression de la libert\u00e9 des Burkinab\u00e8 de fa\u00e7on g\u00e9n\u00e9rale dans un contexte particulier qui a pr\u00e9c\u00e9d\u00e9 la venue de notre parti au pouvoir \u00e0 ne pas ignorer. Qu\u2019\u00e0 cela ne tienne, le MPP est un parti social-d\u00e9mocrate et il ne saurait s\u2019opposer aux gr\u00e8ves et aux manifestations des travailleurs, parce que par essence, nous faisons la promotion de la libert\u00e9, de la justice sociale et de l\u2019\u00e9quit\u00e9. Nous pensons donc que certains travailleurs sont dans leur droit de r\u00e9clamer de meilleures conditions de vie et de travail. Mais il ne faut pas perdre de vue que le Burkina Faso est un tout avec des paysans, des commer\u00e7ants et bien d\u2019autres corps de m\u00e9tiers et couches sociales. Chacun doit donc comprendre que le fruit du travail de tous doit profiter \u00e0 l\u2019ensemble des fils de ce pays. Par cons\u00e9quent, les revendications doivent se faire de fa\u00e7on responsable en pensant \u00e0 l\u2019int\u00e9r\u00eat g\u00e9n\u00e9ral. C\u2019est pour cela, qu\u2019on a l\u2019impression que certains ne sont pas forc\u00e9ment sinc\u00e8res dans leurs revendications et que d\u2019autres font de la surench\u00e8re. A notre avis, la fa\u00e7on d\u2019aborder la fronde sociale du gouvernement est responsable, parce qu\u2019il privil\u00e9gie le dialogue et la concertation, si bien que les mouvements et revendications finissent par trouver des solutions consensuelles.<\/p>\n<p><strong>S.\u00a0: Certains syndicats brandissent la gestion au cas par cas des revendications pour durcir le ton. Ne faut-il pas simplement op\u00e9rationnaliser la remise \u00e0 plat des salaires des fonctionnaires ?<\/strong><\/p>\n<p>J-B. K.\u00a0: La remise \u00e0 plat du salaire des fonctionnaires est une solution judicieuse. Elle a \u00e9t\u00e9 faite en concertation avec l\u2019ensemble des acteurs, aussi bien les syndicats que les autorit\u00e9s coutumi\u00e8res, les leaders d\u2019opinion et d\u2019Organisations de la soci\u00e9t\u00e9 civile (OSC). Mais le gouvernement a son calendrier et je suppose que les concertations ne sont pas totalement achev\u00e9es. C\u2019est la raison pour laquelle elle n\u2019est pas encore mise en \u0153uvre. Nous pensons que dans le souci de bien faire, il faut prendre le temps qu\u2019il faut et s\u2019entourer de toutes les pr\u00e9cautions, au risque de se retrouver au point de d\u00e9part.<\/p>\n<p><strong>S.\u00a0: Le front social peut-il avoir des r\u00e9percussions sur les \u00e9lections de 2020\u00a0?<\/strong><\/p>\n<p>J-B. K.\u00a0: De tout temps, il y a eu des revendications de divers ordres. Mais les gr\u00e8ves n\u2019ont pas encore emp\u00each\u00e9 les citoyens d\u2019aller voter, ce d\u2019autant plus qu\u2019il n\u2019y a pas que les fonctionnaires qui participent aux \u00e9lections. Dans tous les cas, aller voter, c\u2019est nous donner la possibilit\u00e9 de choisir la personne qui peut prendre en compte nos aspirations. Les revendications syndicales ne devraient pas emp\u00eacher la poursuite du processus d\u00e9mocratique.<\/p>\n<p><strong>S.\u00a0: La situation s\u00e9curitaire est pr\u00e9occupante. Y a-t-il un espoir que le Burkina retrouve sa qui\u00e9tude d\u2019antan\u00a0?<\/strong><\/p>\n<p>J-B. K.\u00a0: Au-del\u00e0 de nos appartenances politiques, c\u2019est notre souhait \u00e0 tous. C\u2019est dans l\u2019int\u00e9r\u00eat commun que le Burkina retrouve sa qui\u00e9tude d\u2019antan. Nous pensons que nous tenons le bon bout et que nos Forces de d\u00e9fense et de s\u00e9curit\u00e9 (FDS) sont en train d\u2019engranger des victoires. Avec l\u2019accompagnement de la population et la collaboration de tous, nous allons y arriver. Nous voyons \u00e9galement que de part et d\u2019autre, des initiatives conjointes avec nos partenaires \u00e9trangers et des pays de la sous-r\u00e9gion pour faire face \u00e0 ce d\u00e9fi. En activant tous les ressorts de notre soci\u00e9t\u00e9, le courage de nos hommes et la collaboration de tous les Burkinab\u00e8, nous arriverons \u00e0 bout du terrorisme. La nouvelle dynamique engag\u00e9e en travaillant en \u00e9troite collaboration avec les populations et en faisant des actions de proximit\u00e9 \u00e0 leur profit, contribue \u00e0 donner plus de confiance aux populations pour une franche collaboration avec les FDS et pourrait aider \u00e0 remporter la bataille sur le terrain.<\/p>\n<p><strong>S.\u00a0: Cette situation n\u2019a-t-elle pas des r\u00e9percussions sur la destination Burkina Faso en termes de tourisme et d\u2019investissements ext\u00e9rieurs ?<\/strong><\/p>\n<p>J-B. K.\u00a0: Jusque-l\u00e0, pour les citoyens que nous sommes, nous n\u2019avons pas constat\u00e9 un recul des investissements \u00e9trangers au Burkina Faso, parce que malgr\u00e9 le fait qu\u2019on colore notre pays en rouge, de nouvelles mines d\u2019or s\u2019ouvrent. Aucune entreprise \u00e9trang\u00e8re n\u2019a encore ferm\u00e9 du fait de la situation s\u00e9curitaire. De plus, il ne s\u2019agit pas d\u2019un ph\u00e9nom\u00e8ne typiquement burkinab\u00e8, c\u2019est un ph\u00e9nom\u00e8ne mondial que connaissent m\u00eame les grandes puissances comme la France et les USA. Les citoyens doivent donc \u00eatre cons\u00e9quents, pour savoir que le terrorisme ne doit pas nous emp\u00eacher d\u2019avancer.<\/p>\n<p><strong>S.\u00a0: Avec cette ins\u00e9curit\u00e9, les prochaines \u00e9lections pourront-elles se tenir\u00a0?<\/strong><\/p>\n<p>J-B. K.\u00a0: A notre avis, les \u00e9lections de 2020 vont se tenir parce que jusque-l\u00e0, les institutions de la r\u00e9publique fonctionnent normalement. Certes, il y a des difficult\u00e9s li\u00e9es \u00e0 la question s\u00e9curitaire, mais nous avons des r\u00e9ponses. Bien vrai que ces r\u00e9ponses peuvent para\u00eetre insatisfaisantes, du point de vue de certaines personnes, mais le pays continue sa marche. Les activit\u00e9s \u00e9conomiques se m\u00e8nent, les citoyens vont et viennent, il y a la libert\u00e9 d\u2019expression, les partis politiques s\u2019expriment \u2026 Nous ne pensons pas que nous sommes dans une situation de non droit qui puisse emp\u00eacher d\u2019aller aux \u00e9lections de fa\u00e7on r\u00e9guli\u00e8re. C\u2019est vrai que dans certaines parties du territoire, nous faisons face \u00e0 l\u2019ins\u00e9curit\u00e9, mais malgr\u00e9 cette situation, des initiatives dans le domaine de l\u2019\u00e9ducation notamment, ont permis aux \u00e9l\u00e8ves d\u2019aller \u00e0 l\u2019\u00e9cole et de passer leurs examens. De la m\u00eame mani\u00e8re, des solutions seront trouv\u00e9es pour que la majorit\u00e9 des Burkinab\u00e8 puissent voter. Avec la progression de nos FDS sur le terrain, nous esp\u00e9rons que d\u2019ici \u00e0 2020, les \u00e9lections pourront s\u2019organiser sur l\u2019ensemble du territoire national.<\/p>\n<p><strong>S.\u00a0: Le dialogue politique voulu par le pr\u00e9sident du Faso est toujours attendu. Qu\u2019est-ce qui coince ?<\/strong><\/p>\n<p>J-B. K.\u00a0: Il faudra plut\u00f4t poser cette question \u00e0 l\u2019opposition, parce que le pr\u00e9sident du Faso a eu la bonne volont\u00e9 d\u2019initier ce dialogue et cela est \u00e0 saluer. Le Premier ministre a fait des d\u00e9marches en recevant un certain nombre de personnalit\u00e9s. Si ce dialogue est bloqu\u00e9, il faut peut-\u00eatre aller chercher les causes de l\u2019autre c\u00f4t\u00e9. Sinon, quand on gouverne un pays, on le fait pour et avec tout le monde. Et c\u2019est ce que le pr\u00e9sident Kabor\u00e9 fait depuis son arriv\u00e9e au pouvoir. Certains estiment qu\u2019il n\u2019utilise pas assez le b\u00e2ton. Mais nous pensons qu\u2019il gouverne le pays en bon p\u00e8re de famille. Si tout le monde veut de ce dialogue politique, il aura lieu et c\u2019est la meilleure chose qui puisse nous arriver, puisqu\u2019avec le dialogue, on trouve toujours des solutions. Concernant le v\u0153u de l\u2019opposition qui souhaite que ce dialogue soit une sorte de forum national, nous avons des appr\u00e9hensions. Nous estimons que si c\u2019est en rapport avec la situation s\u00e9curitaire, un forum a d\u00e9j\u00e0 \u00e9t\u00e9 organis\u00e9 et a r\u00e9uni la totalit\u00e9 des composantes de la soci\u00e9t\u00e9 burkinab\u00e8. Le dialogue doit \u00eatre permanent et pour cela, dans le dernier remaniement gouvernemental, le portefeuille de la coh\u00e9sion sociale a \u00e9t\u00e9 ajout\u00e9 au minist\u00e8re en charge de l\u2019administration territoriale avec en plus un minist\u00e8re d\u00e9l\u00e9gu\u00e9. Il s\u2019agit d\u2019un travail permanent et non d\u2019organiser des forums et des r\u00e9unions qui parfois, s\u2019apparentent \u00e0 des foires. Il y a d\u00e9j\u00e0 le Haut conseil pour la r\u00e9conciliation et l\u2019unit\u00e9 nationale (HCRUN) et le Haut conseil du dialogue social (HCDS) qui ont aussi \u00e9t\u00e9 mis en place dans le but de favoriser le dialogue et la r\u00e9conciliation nationale. Nous souhaitons que l\u2019ensemble des acteurs soit de bonne foi pour que les choses puissent aller dans la bonne direction. Nous avons un pays \u00e0 construire ensemble. Il faut \u00e9viter le dilatoire et se mettre au travail, au lieu de passer tout le temps \u00e0 revendiquer et \u00e0 critiquer m\u00eame ce qui est bon. On ne peut pas \u00eatre tous du m\u00eame bord politique, mais nous avons un pays qui nous appartient \u00e0 tous et pour lequel aucun sacrifice n\u2019est de trop.<\/p>\n<p class=\"c1\"><strong>Interview r\u00e9alis\u00e9e par Jean-Marie TOE &#038;<\/strong><\/p>\n<p class=\"c1\"><strong>Antoinette Panson BENON (Stagiaire)<\/strong><\/p>\n<p>Auteur: DD. Sidwaya<br \/>\n<a href=\"https:\/\/www.sidwaya.info\/blog\/2019\/06\/20\/lutte-contre-linsecurite-nous-tenons-le-bon-bout-jean-baptiste-ky-du-mpp\/\">Cliquez ici pour lire l&rsquo;article depuis sa source.<\/a><\/p>\n","protected":false},"excerpt":{"rendered":"<p>Le Bureau politique national (BPN) du Mouvement du peuple pour le progr\u00e8s (MPP) organise demain, samedi 22 juin 2019, sa 2e session. Dans cette interview, le secr\u00e9taire national adjoint charg\u00e9 des secteurs structur\u00e9s, Jean-Baptiste Ky, situe les enjeux de la rencontre et \u00e9voque aussi des sujets d\u2019actualit\u00e9. Sidwaya (S.)\u00a0: Le MPP organise demain samedi 22 [&hellip;]<\/p>\n","protected":false},"author":1816,"featured_media":0,"comment_status":"closed","ping_status":"closed","sticky":false,"template":"","format":"standard","meta":{"fifu_image_url":"","fifu_image_alt":"","footnotes":""},"categories":[73,81],"tags":[],"class_list":["post-41789","post","type-post","status-publish","format-standard","hentry","category-actualite","category-burkina-faso"],"_links":{"self":[{"href":"https:\/\/linitiative.ca\/International\/wp-json\/wp\/v2\/posts\/41789","targetHints":{"allow":["GET"]}}],"collection":[{"href":"https:\/\/linitiative.ca\/International\/wp-json\/wp\/v2\/posts"}],"about":[{"href":"https:\/\/linitiative.ca\/International\/wp-json\/wp\/v2\/types\/post"}],"author":[{"embeddable":true,"href":"https:\/\/linitiative.ca\/International\/wp-json\/wp\/v2\/users\/1816"}],"replies":[{"embeddable":true,"href":"https:\/\/linitiative.ca\/International\/wp-json\/wp\/v2\/comments?post=41789"}],"version-history":[{"count":0,"href":"https:\/\/linitiative.ca\/International\/wp-json\/wp\/v2\/posts\/41789\/revisions"}],"wp:attachment":[{"href":"https:\/\/linitiative.ca\/International\/wp-json\/wp\/v2\/media?parent=41789"}],"wp:term":[{"taxonomy":"category","embeddable":true,"href":"https:\/\/linitiative.ca\/International\/wp-json\/wp\/v2\/categories?post=41789"},{"taxonomy":"post_tag","embeddable":true,"href":"https:\/\/linitiative.ca\/International\/wp-json\/wp\/v2\/tags?post=41789"}],"curies":[{"name":"wp","href":"https:\/\/api.w.org\/{rel}","templated":true}]}}