{"id":41792,"date":"2019-06-20T17:19:06","date_gmt":"2019-06-20T21:19:06","guid":{"rendered":"https:\/\/linitiative.ca\/International\/lutte-contre-linsecurite-en-afrique-de-louest-la-presse-met-sa-plume-a-contribution\/"},"modified":"2019-06-20T17:19:06","modified_gmt":"2019-06-20T21:19:06","slug":"lutte-contre-linsecurite-en-afrique-de-louest-la-presse-met-sa-plume-a-contribution","status":"publish","type":"post","link":"https:\/\/linitiative.ca\/International\/lutte-contre-linsecurite-en-afrique-de-louest-la-presse-met-sa-plume-a-contribution\/","title":{"rendered":"Lutte contre l\u2019ins\u00e9curit\u00e9 en Afrique de l\u2019Ouest  : la presse met sa plume \u00e0 contribution"},"content":{"rendered":"<div class=\"td-post-featured-image\"><a href=\"https:\/\/i2.wp.com\/www.sidwaya.info\/wp-content\/uploads\/2019\/06\/1-47.jpg?fit=728%2C486&#038;ssl=1\" data-caption=\"\"><img loading=\"lazy\" decoding=\"async\" width=\"696\" height=\"465\" class=\"entry-thumb td-modal-image\" src=\"https:\/\/i2.wp.com\/www.sidwaya.info\/wp-content\/uploads\/2019\/06\/1-47.jpg?resize=696%2C465&#038;ssl=1\" srcset=\"https:\/\/i2.wp.com\/www.sidwaya.info\/wp-content\/uploads\/2019\/06\/1-47.jpg?w=728&#038;ssl=1 728w, https:\/\/i2.wp.com\/www.sidwaya.info\/wp-content\/uploads\/2019\/06\/1-47.jpg?resize=300%2C200&#038;ssl=1 300w, https:\/\/i2.wp.com\/www.sidwaya.info\/wp-content\/uploads\/2019\/06\/1-47.jpg?resize=696%2C465&#038;ssl=1 696w, https:\/\/i2.wp.com\/www.sidwaya.info\/wp-content\/uploads\/2019\/06\/1-47.jpg?resize=629%2C420&#038;ssl=1 629w\" sizes=\"auto, (max-width: 696px) 100vw, 696px\" alt=\"\" title=\"1\"\/><\/a><\/div>\n<p><strong>Le Pr\u00e9sident du Faso, Roch Kabor\u00e9, a pr\u00e9sid\u00e9, hier jeudi 20 juin 2019 \u00e0 Ouagadougou, la c\u00e9r\u00e9monie d\u2019ouverture du forum du Groupement des \u00e9diteurs de presse publique d\u2019Afrique de l\u2019Ouest (GEPPAO), sur le r\u00f4le des m\u00e9dias dans la lutte contre le terrorisme.<\/strong><\/p>\n<p>\u00abAffect\u00e9s, interpell\u00e9s au quotidien\u00bb par le terrorisme devenu \u00abl\u2019un des plus grands d\u00e9fis auxquels les Etats sont confront\u00e9s\u00bb, les \u00e9diteurs de presse publique d\u2019Afrique de l\u2019Ouest veulent d\u00e9finir et jouer leur r\u00f4le dans la lutte contre le ph\u00e9nom\u00e8ne. A travers leur fa\u00eeti\u00e8re, le Groupement des \u00e9diteurs de presse publique d\u2019Afrique de l\u2019Ouest (GEPPAO), ils organisent, les 20 et 21 juin 2019, \u00e0 Ouagadougou, un forum sur la s\u00e9curit\u00e9 dans la sous-r\u00e9gion ouest-africaine, sous le th\u00e8me : \u00abLe r\u00f4le des m\u00e9dias dans la lutte contre le terrorisme en Afrique de l\u2019Ouest : entre contraintes s\u00e9curitaires et devoirs professionnels\u00bb. A la c\u00e9r\u00e9monie d\u2019ouverture, hier 20 juin, le pr\u00e9sident du GEPPAO, le directeur g\u00e9n\u00e9ral du quotidien d\u2019Etat ivoirien \u00abFraternit\u00e9 Matin\u00bb, Venance Konan, a indiqu\u00e9 qu\u2019il s\u2019agira, au cours du forum, de r\u00e9fl\u00e9chir, \u00e0 travers des panels sur comment les journalistes pourront assurer la couverture m\u00e9diatique des actes terroristes sans faire l\u2019apologie du terrorisme. A cela, s\u2019ajoutent la question relative \u00e0 la libert\u00e9 d\u2019informer sur le terrorisme sans entraver le travail des services de s\u00e9curit\u00e9 et de secours dans le respect des victimes, mais aussi l\u2019entretien des rapports entre hommes de m\u00e9dias et autorit\u00e9s politico-administratives.<\/p>\n<p>Pour le patron du forum, le Pr\u00e9sident du Faso, Roch Marc Christian Kabor\u00e9, cette rencontre prouve \u00e0 souhait l\u2019importance des actions concert\u00e9es, notamment dans le cadre du G5 Sahel, pour venir \u00e0 bout du terrorisme. Selon lui, les m\u00e9dias \u00e9mergents \u00e9largissent le cercle de la parole et offrent plus de libert\u00e9 \u00e0 l\u2019utilisateur qui est en m\u00eame temps un g\u00e9n\u00e9rateur de contenus. \u00abFace \u00e0 cette donne, il devient plus que jamais n\u00e9cessaire pour les m\u00e9dias traditionnels de redoubler d\u2019efforts pour relever les d\u00e9fis de la cr\u00e9dibilit\u00e9, du professionnalisme et de la responsabilit\u00e9\u00bb, a soutenu le chef de l\u2019Etat. Priorit\u00e9 \u00e0 la lutte contre le terrorisme Il a, par ailleurs, rendu hommage aux \u00abacteurs du 4e quatri\u00e8me pouvoir\u00bb et les a encourag\u00e9s \u00e0 envisager toutes les possibilit\u00e9s pour l\u2019essor d\u2019une presse qui construit et p\u00e9rennise la coh\u00e9sion sociale dans le contexte difficile actuel. \u00abNous continuerons \u00e0 favoriser une presse libre, responsable et transparente, car la libert\u00e9 d\u2019expression est une valeur fondamentale qui ne doit jamais \u00eatre mise en p\u00e9ril\u00bb, a-t-il d\u00e9clar\u00e9.<\/p>\n<p>Quant au Pr Filiga Michel Sawadogo, repr\u00e9sentant du pr\u00e9sident de la commission de l\u2019UEMOA, coparrain du forum, il a confi\u00e9 que le th\u00e8me de la rencontre t\u00e9moigne de la place strat\u00e9gique des m\u00e9dias dans la lutte contre l\u2019ins\u00e9curit\u00e9 et le terrorisme. D\u2019apr\u00e8s lui, l\u2019initiative du GEPPAO est \u00e0 encourager et perp\u00e9tuer dans la mesure o\u00f9, elle permettra de d\u00e9gager des solutions sur le plan s\u00e9curitaire sous forme de projets ou programmes. Tout en saluant les efforts du G5 Sahel, le commissaire de l\u2019UEMOA s\u2019est r\u00e9joui de la mise en \u0153uvre de la politique commune de l\u2019union en mati\u00e8re de paix et de s\u00e9curit\u00e9. Il a soulign\u00e9 que l\u2019organisation doit accorder un ordre de priorit\u00e9 \u00e0 la lutte contre le terrorisme et aux menaces de toutes sortes dans les Etats affect\u00e9s. Pour sa part, le directeur adjoint du journal d\u2019Etat s\u00e9n\u00e9galais, \u00abLe Soleil\u00bb, Sidi Diop, trouve que le forum cr\u00e9e un espace commun de travail entre professionnels de l\u2019information et experts de la s\u00e9curit\u00e9. De son c\u00f4t\u00e9, l\u2019\u00e9tudiant \u00e0 l\u2019Institut des sciences et techniques de l\u2019information et de la communication, Ifzou Kiemd\u00e9, se f\u00e9licite que ce soit une structure de m\u00e9dias qui organise une rencontre sur la question de la s\u00e9curit\u00e9, actuellement au c\u0153ur des politiques des Etats. Il esp\u00e8re une meilleure relation entre la presse et les forces de d\u00e9fense et de s\u00e9curit\u00e9 \u00e0 l\u2019issue du forum.<\/p>\n<p class=\"c1\"><strong>Jean Philibert SOME &#038;<\/strong><\/p>\n<p class=\"c1\"><strong>Michel ILBOUDO<\/strong><\/p>\n<p>Auteur: DD. Sidwaya<br \/>\n<a href=\"https:\/\/www.sidwaya.info\/blog\/2019\/06\/20\/lutte-contre-linsecurite-en-afrique-de-louest-la-presse-met-sa-plume-a-contribution\/\">Cliquez ici pour lire l&rsquo;article depuis sa source.<\/a><\/p>\n","protected":false},"excerpt":{"rendered":"<p>Le Pr\u00e9sident du Faso, Roch Kabor\u00e9, a pr\u00e9sid\u00e9, hier jeudi 20 juin 2019 \u00e0 Ouagadougou, la c\u00e9r\u00e9monie d\u2019ouverture du forum du Groupement des \u00e9diteurs de presse publique d\u2019Afrique de l\u2019Ouest (GEPPAO), sur le r\u00f4le des m\u00e9dias dans la lutte contre le terrorisme. \u00abAffect\u00e9s, interpell\u00e9s au quotidien\u00bb par le terrorisme devenu \u00abl\u2019un des plus grands d\u00e9fis [&hellip;]<\/p>\n","protected":false},"author":1816,"featured_media":0,"comment_status":"closed","ping_status":"closed","sticky":false,"template":"","format":"standard","meta":{"fifu_image_url":"","fifu_image_alt":"","footnotes":""},"categories":[73,81],"tags":[],"class_list":["post-41792","post","type-post","status-publish","format-standard","hentry","category-actualite","category-burkina-faso"],"_links":{"self":[{"href":"https:\/\/linitiative.ca\/International\/wp-json\/wp\/v2\/posts\/41792","targetHints":{"allow":["GET"]}}],"collection":[{"href":"https:\/\/linitiative.ca\/International\/wp-json\/wp\/v2\/posts"}],"about":[{"href":"https:\/\/linitiative.ca\/International\/wp-json\/wp\/v2\/types\/post"}],"author":[{"embeddable":true,"href":"https:\/\/linitiative.ca\/International\/wp-json\/wp\/v2\/users\/1816"}],"replies":[{"embeddable":true,"href":"https:\/\/linitiative.ca\/International\/wp-json\/wp\/v2\/comments?post=41792"}],"version-history":[{"count":0,"href":"https:\/\/linitiative.ca\/International\/wp-json\/wp\/v2\/posts\/41792\/revisions"}],"wp:attachment":[{"href":"https:\/\/linitiative.ca\/International\/wp-json\/wp\/v2\/media?parent=41792"}],"wp:term":[{"taxonomy":"category","embeddable":true,"href":"https:\/\/linitiative.ca\/International\/wp-json\/wp\/v2\/categories?post=41792"},{"taxonomy":"post_tag","embeddable":true,"href":"https:\/\/linitiative.ca\/International\/wp-json\/wp\/v2\/tags?post=41792"}],"curies":[{"name":"wp","href":"https:\/\/api.w.org\/{rel}","templated":true}]}}