{"id":41793,"date":"2019-06-20T17:22:10","date_gmt":"2019-06-20T21:22:10","guid":{"rendered":"https:\/\/linitiative.ca\/International\/lutte-contre-le-terrorisme-il-faut-repenser-le-role-des-medias-aichata-mindaoudou\/"},"modified":"2019-06-20T17:22:10","modified_gmt":"2019-06-20T21:22:10","slug":"lutte-contre-le-terrorisme-il-faut-repenser-le-role-des-medias-aichata-mindaoudou","status":"publish","type":"post","link":"https:\/\/linitiative.ca\/International\/lutte-contre-le-terrorisme-il-faut-repenser-le-role-des-medias-aichata-mindaoudou\/","title":{"rendered":"Lutte contre le terrorisme  : \u00abIl faut repenser  le r\u00f4le des m\u00e9dias\u00bb, A\u00efchata Mindaoudou"},"content":{"rendered":"<div class=\"td-post-featured-image\"><a href=\"https:\/\/i2.wp.com\/www.sidwaya.info\/wp-content\/uploads\/2019\/06\/1-48.jpg?fit=728%2C459&#038;ssl=1\" data-caption=\"\"><img loading=\"lazy\" decoding=\"async\" width=\"696\" height=\"439\" class=\"entry-thumb td-modal-image\" src=\"https:\/\/i2.wp.com\/www.sidwaya.info\/wp-content\/uploads\/2019\/06\/1-48.jpg?resize=696%2C439&#038;ssl=1\" srcset=\"https:\/\/i2.wp.com\/www.sidwaya.info\/wp-content\/uploads\/2019\/06\/1-48.jpg?w=728&#038;ssl=1 728w, https:\/\/i2.wp.com\/www.sidwaya.info\/wp-content\/uploads\/2019\/06\/1-48.jpg?resize=300%2C189&#038;ssl=1 300w, https:\/\/i2.wp.com\/www.sidwaya.info\/wp-content\/uploads\/2019\/06\/1-48.jpg?resize=696%2C439&#038;ssl=1 696w, https:\/\/i2.wp.com\/www.sidwaya.info\/wp-content\/uploads\/2019\/06\/1-48.jpg?resize=666%2C420&#038;ssl=1 666w\" sizes=\"auto, (max-width: 696px) 100vw, 696px\" alt=\"\" title=\"1\"\/><\/a><\/div>\n<p><strong>Apr\u00e8s la c\u00e9r\u00e9monie d\u2019ouverture, les participants ont eu droit \u00e0 plusieurs panels en rapport avec le th\u00e8me \u00e0 savoir : \u00abLe r\u00f4le des m\u00e9dias dans la lutte contre le terrorisme en Afrique de l\u2019Ouest : entre contraintes s\u00e9curitaires et devoirs professionnels\u00bb.<\/strong><\/p>\n<p>Premi\u00e8re \u00e0 livrer sa communication, A\u00efchata Mindaoudou, directrice g\u00e9n\u00e9rale de IPITI Niger, a indiqu\u00e9 que les journalistes doivent \u00e9viter d\u2019inciter \u00e0 la haine et \u00e0 la division. En plus de cela, la pan\u00e9liste a jug\u00e9 n\u00e9cessaire de repenser le r\u00f4le des m\u00e9dias en vue de s\u2019adapter \u00e0 la nouvelle donne. Selon elle, les terroristes disposent de moyens modernes de communication \u00e0 profusion pour semer la terreur. Pour les contrer et les emp\u00eacher de recruter au sein de la population, conseille-t-elle, il faut gagner la bataille de la communication. A\u00efchata Mindaoudou estime que les menaces et actes terroristes sont des questions d\u2019int\u00e9r\u00eat g\u00e9n\u00e9ral. De ce point de vue, pense-t-elle, le journaliste n\u2019a pas le droit de tout dire, tout \u00e9crire et tout diffuser. Pour des raisons \u00e9videntes de s\u00e9curit\u00e9, la presse doit respecter certains imp\u00e9ratifs, a insist\u00e9 la communicatrice. A l\u2019\u00e9couter, le journaliste doit se d\u00e9partir de l\u2019\u00e9motion. De son avis, il doit en outre travailler \u00e0 une prise de conscience de la population et \u00e9viter de tomber dans le pi\u00e8ge des terroristes. C\u2019est pourquoi, elle a demand\u00e9 aux uns et aux autres de ne pas faire l\u2019apologie du terrorisme.<\/p>\n<p>\u00abLes m\u00e9dias doivent pouvoir exercer leurs fonctions en pr\u00e9servant l\u2019int\u00e9r\u00eat g\u00e9n\u00e9ral, leur propre s\u00e9curit\u00e9 et celle de la population\u00bb, a-t-elle dit. Celle-ci a expliqu\u00e9 qu\u2019une relation de confiance entre m\u00e9dias et forces de d\u00e9fense et de s\u00e9curit\u00e9 doit \u00eatre \u00e9tablie, dans le cadre d\u2019une collaboration. Pour Mme Mindaoudou, la situation s\u00e9curitaire au Burkina Faso impose une nouvelle fa\u00e7on de communiquer. Pour l\u2019un des participants, Serges Daniel, correspondant de radio France internationale (RFI) la mont\u00e9e du terrorisme pose la probl\u00e9matique de la bonne gouvernance dans les Etats d\u2019Afrique de l\u2019Ouest et surtout l\u2019imp\u00e9rieuse n\u00e9cessit\u00e9 de d\u00e9radicaliser les jeunes endoctrin\u00e9s. Il a invit\u00e9 les gouvernants \u00e0 communiquer d\u00e8s que survient un acte terroriste car, quand les terroristes planifient une attaque, ils informent d\u00e8s lors qu\u2019ils passent \u00e0 l\u2019assaut.<\/p>\n<p class=\"c1\"><strong>Ouamtinga Michel ILBOUDO<\/strong><\/p>\n<p>Auteur: DD. Sidwaya<br \/>\n<a href=\"https:\/\/www.sidwaya.info\/blog\/2019\/06\/20\/lutte-contre-le-terrorisme-il-faut-repenser-le-role-des-medias-aichata-mindaoudou\/\">Cliquez ici pour lire l&rsquo;article depuis sa source.<\/a><\/p>\n","protected":false},"excerpt":{"rendered":"<p>Apr\u00e8s la c\u00e9r\u00e9monie d\u2019ouverture, les participants ont eu droit \u00e0 plusieurs panels en rapport avec le th\u00e8me \u00e0 savoir : \u00abLe r\u00f4le des m\u00e9dias dans la lutte contre le terrorisme en Afrique de l\u2019Ouest : entre contraintes s\u00e9curitaires et devoirs professionnels\u00bb. Premi\u00e8re \u00e0 livrer sa communication, A\u00efchata Mindaoudou, directrice g\u00e9n\u00e9rale de IPITI Niger, a indiqu\u00e9 [&hellip;]<\/p>\n","protected":false},"author":1816,"featured_media":0,"comment_status":"closed","ping_status":"closed","sticky":false,"template":"","format":"standard","meta":{"fifu_image_url":"","fifu_image_alt":"","footnotes":""},"categories":[73,81],"tags":[],"class_list":["post-41793","post","type-post","status-publish","format-standard","hentry","category-actualite","category-burkina-faso"],"_links":{"self":[{"href":"https:\/\/linitiative.ca\/International\/wp-json\/wp\/v2\/posts\/41793","targetHints":{"allow":["GET"]}}],"collection":[{"href":"https:\/\/linitiative.ca\/International\/wp-json\/wp\/v2\/posts"}],"about":[{"href":"https:\/\/linitiative.ca\/International\/wp-json\/wp\/v2\/types\/post"}],"author":[{"embeddable":true,"href":"https:\/\/linitiative.ca\/International\/wp-json\/wp\/v2\/users\/1816"}],"replies":[{"embeddable":true,"href":"https:\/\/linitiative.ca\/International\/wp-json\/wp\/v2\/comments?post=41793"}],"version-history":[{"count":0,"href":"https:\/\/linitiative.ca\/International\/wp-json\/wp\/v2\/posts\/41793\/revisions"}],"wp:attachment":[{"href":"https:\/\/linitiative.ca\/International\/wp-json\/wp\/v2\/media?parent=41793"}],"wp:term":[{"taxonomy":"category","embeddable":true,"href":"https:\/\/linitiative.ca\/International\/wp-json\/wp\/v2\/categories?post=41793"},{"taxonomy":"post_tag","embeddable":true,"href":"https:\/\/linitiative.ca\/International\/wp-json\/wp\/v2\/tags?post=41793"}],"curies":[{"name":"wp","href":"https:\/\/api.w.org\/{rel}","templated":true}]}}