{"id":41794,"date":"2019-06-20T13:50:02","date_gmt":"2019-06-20T17:50:02","guid":{"rendered":"https:\/\/linitiative.ca\/International\/syrie-16-civils-tues-dans-des-frappes-du-regime-dans-la-region-didleb\/"},"modified":"2019-06-20T13:50:02","modified_gmt":"2019-06-20T17:50:02","slug":"syrie-16-civils-tues-dans-des-frappes-du-regime-dans-la-region-didleb","status":"publish","type":"post","link":"https:\/\/linitiative.ca\/International\/syrie-16-civils-tues-dans-des-frappes-du-regime-dans-la-region-didleb\/","title":{"rendered":"Syrie: 16 civils tu\u00e9s dans des frappes du r\u00e9gime dans la r\u00e9gion d\u2019Idleb"},"content":{"rendered":"<p>Seize civils, dont trois secouristes \u00e0 bord d\u2019une ambulance et sept enfants, ont \u00e9t\u00e9 tu\u00e9s jeudi dans des bombardements du r\u00e9gime dans le nord-ouest de la Syrie, cible de frappes quasi quotidiennes depuis fin avril.<\/p>\n<p>Ces frappes meurtri\u00e8res du r\u00e9gime syrien surviennent au lendemain d\u2019une journ\u00e9e d\u00e9j\u00e0 particuli\u00e8rement sanglante dans la province d\u2019Idleb, o\u00f9 des affrontements opposent des forces progouvernementales \u00e0 des rebelles et des jihadistes.<\/p>\n<p>Dix-sept civils avaient d\u00e9j\u00e0 \u00e9t\u00e9 tu\u00e9s mercredi dans des bombardements des forces du r\u00e9gime, dont 12 lors d\u2019une frappe a\u00e9rienne sur un village dans la r\u00e9gion de Jabal al-Zawiya, situ\u00e9e dans le sud de la province d\u2019Idleb, selon l\u2019Observatoire syrien des droits de l\u2019Homme (OSDH).<\/p>\n<p>La r\u00e9gion d\u2019Idleb fait l\u2019objet d\u2019un accord conclu en septembre 2018 entre Ankara, parrain des rebelles, et Moscou, alli\u00e9 du r\u00e9gime, cens\u00e9 cr\u00e9er une \u00ab\u00a0zone d\u00e9militaris\u00e9e\u00a0\u00bb afin de s\u00e9parer les territoires contr\u00f4l\u00e9s par les insurg\u00e9s et les jihadistes des zones gouvernementales.<\/p>\n<p>L\u2019accord devait aussi \u00e9viter une offensive d\u2019envergure du r\u00e9gime. Mais les jihadistes du groupe Hayat Tahrir al-Cham (HTS) refusent de se retirer de la \u00ab\u00a0zone d\u00e9militaris\u00e9e\u00a0\u00bb et l\u2019accord n\u2019a jamais \u00e9t\u00e9 appliqu\u00e9 dans son int\u00e9gralit\u00e9.<\/p>\n<p>Jeudi, sept enfants ont \u00e9t\u00e9 tu\u00e9s lors de frappes des forces pror\u00e9gime dans la r\u00e9gion d\u2019Idleb, a rapport\u00e9 l\u2019OSDH.<\/p>\n<p>Selon l\u2019ONG, une frappe du r\u00e9gime a aussi vis\u00e9 une ambulance \u00e0 Maaret al-Noomane, tuant trois secouristes.<\/p>\n<p>\u00ab\u00a0L\u2019ambulance a \u00e9t\u00e9 d\u00e9lib\u00e9r\u00e9ment vis\u00e9e\u00a0\u00bb, a estim\u00e9 Fouad Issa, l\u2019un des responsables de l\u2019ONG Benefsej, propri\u00e9taire du v\u00e9hicule.<\/p>\n<p>Il a confirm\u00e9 la mort des trois secouristes et celle d\u2019une femme transport\u00e9e dans l\u2019ambulance.<\/p>\n<p>Arriv\u00e9 sur place, un photographe de l\u2019AFP a aper\u00e7u des secouristes portant un coll\u00e8gue bless\u00e9 et la carcasse de l\u2019ambulance.<\/p>\n<p>Dans un communiqu\u00e9, Benefsej a par la suite d\u00e9nonc\u00e9 une \u00ab\u00a0violation du droit humanitaire international\u00a0\u00bb.<\/p>\n<p>\u2013 \u00ab\u00a0Prix horrible\u00a0\u00bb \u2013<\/p>\n<p>Les Nations unies ont alert\u00e9 sur une escalade dans la r\u00e9gion d\u2019Idleb, o\u00f9 vivent trois millions de personnes, ce qui pourrait provoquer l\u2019une des pires catastrophes humanitaires depuis le d\u00e9but de la guerre en Syrie en 2011.<\/p>\n<p>Dans le nord de la province de Hama, limitrophe d\u2019Idleb, plus de 130 combattants ont \u00e9t\u00e9 tu\u00e9s depuis mardi, selon l\u2019ONG.<\/p>\n<p>D\u2019apr\u00e8s cette organisation qui dispose d\u2019un vaste r\u00e9seau de sources en Syrie, au moins 22 combattants jihadistes et rebelles et 21 membres des forces pror\u00e9gime ont \u00e9t\u00e9 tu\u00e9s jeudi.<\/p>\n<p>Le r\u00e9gime et son alli\u00e9 russe ont intensifi\u00e9 fin avril leurs bombardements sur la r\u00e9gion d\u2019Idleb et les zones adjacentes dans les provinces d\u2019Alep, Hama et Lattaqui\u00e9, des territoires domin\u00e9s par le groupe HTS, form\u00e9 par l\u2019ex-branche syrienne d\u2019Al-Qa\u00efda.<\/p>\n<p>Selon l\u2019OSDH, les violences dans ces r\u00e9gions ont tu\u00e9 plus de 400 civils depuis fin avril.<\/p>\n<p>Plus de 23 h\u00f4pitaux et une ambulance ont \u00e9t\u00e9 frapp\u00e9s dans la r\u00e9gion d\u2019Idleb, selon l\u2019ONU, qui estime que 330.000 personnes ont fui leurs foyers.<\/p>\n<p>Mardi, le patron des Nations unies, Antonio Guterres, a appel\u00e9 la Russie et la Turquie \u00e0 \u00ab\u00a0stabiliser la situation\u00a0\u00bb, d\u00e9plorant que la population paie \u00e0 nouveau \u00ab\u00a0un prix horrible\u00a0\u00bb.<\/p>\n<p>\u2013 \u00ab\u00a0Droit l\u00e9gitime\u00a0\u00bb \u2013<\/p>\n<p>Le chef de la diplomatie syrienne, Walid Mouallem, a lui de nouveau promis que Damas reprendrait le contr\u00f4le de la r\u00e9gion d\u2019Idleb.<\/p>\n<p>\u00ab\u00a0Idleb est une province syrienne et les op\u00e9rations que l\u2019arm\u00e9e syrienne conduit (\u2026) sont un droit l\u00e9gitime\u00a0\u00bb, a-t-il affirm\u00e9 \u00e0 la cha\u00eene TV Al-Mayadeen, bas\u00e9e \u00e0 Beyrouth.<\/p>\n<p>Des analystes estiment toutefois qu\u2019une offensive de grande ampleur n\u2019est pas \u00e0 craindre dans l\u2019imm\u00e9diat.<\/p>\n<p>Pour l\u2019analyste Sam Heller, du centre de r\u00e9flexion International Crisis Group (ICG), Damas et la Russie cherchent \u00e0 s\u00e9curiser les secteurs progouvernementaux et une base a\u00e9rienne militaire russe \u00e0 l\u2019ouest d\u2019Idleb, ainsi qu\u2019\u00e0 faire pression sur la Turquie pour que soit appliqu\u00e9 l\u2019accord portant sur la \u00ab\u00a0zone d\u00e9militaris\u00e9e\u00a0\u00bb.<\/p>\n<p>\u00ab\u00a0Damas est de toute \u00e9vidence toujours d\u00e9termin\u00e9 \u00e0 reprendre (\u2026) tout le territoire syrien\u00a0\u00bb, selon M. Heller.<\/p>\n<p>\u00ab\u00a0Mais c\u2019est la Russie qui a permis cette derni\u00e8re offensive militaire, vraisemblablement avec des objectifs plus limit\u00e9s\u00a0\u00bb, dit-il.<\/p>\n<p>Jeudi, le pr\u00e9sident syrien Bachar al-Assad s\u2019est entretenu \u00e0 Damas avec l\u2019\u00e9missaire russe Alexander Lavrentiev, et le vice-ministre des Affaires \u00e9trang\u00e8res Sergue\u00ef Verchinine, d\u2019apr\u00e8s l\u2019agence officielle Sana.<\/p>\n<p>D\u00e9clench\u00e9e en 2011, la guerre en Syrie a d\u00e9j\u00e0 fait plus de 370.000 morts et des millions de d\u00e9plac\u00e9s.<\/p>\n<p>Auteur: AFP<br \/>\n<a href=\"https:\/\/www.journalducameroun.com\/syrie-16-civils-tues-dans-des-frappes-du-regime-dans-la-region-didleb\/\">Cliquez ici pour lire l&rsquo;article depuis sa source.<\/a><\/p>\n","protected":false},"excerpt":{"rendered":"<p>Seize civils, dont trois secouristes \u00e0 bord d\u2019une ambulance et sept enfants, ont \u00e9t\u00e9 tu\u00e9s jeudi dans des bombardements du r\u00e9gime dans le nord-ouest de la Syrie, cible de frappes quasi quotidiennes depuis fin avril. Ces frappes meurtri\u00e8res du r\u00e9gime syrien surviennent au lendemain d\u2019une journ\u00e9e d\u00e9j\u00e0 particuli\u00e8rement sanglante dans la province d\u2019Idleb, o\u00f9 des [&hellip;]<\/p>\n","protected":false},"author":1965,"featured_media":0,"comment_status":"closed","ping_status":"closed","sticky":false,"template":"","format":"standard","meta":{"fifu_image_url":"","fifu_image_alt":"","footnotes":""},"categories":[73,82],"tags":[],"class_list":["post-41794","post","type-post","status-publish","format-standard","hentry","category-actualite","category-cameroun"],"_links":{"self":[{"href":"https:\/\/linitiative.ca\/International\/wp-json\/wp\/v2\/posts\/41794","targetHints":{"allow":["GET"]}}],"collection":[{"href":"https:\/\/linitiative.ca\/International\/wp-json\/wp\/v2\/posts"}],"about":[{"href":"https:\/\/linitiative.ca\/International\/wp-json\/wp\/v2\/types\/post"}],"author":[{"embeddable":true,"href":"https:\/\/linitiative.ca\/International\/wp-json\/wp\/v2\/users\/1965"}],"replies":[{"embeddable":true,"href":"https:\/\/linitiative.ca\/International\/wp-json\/wp\/v2\/comments?post=41794"}],"version-history":[{"count":0,"href":"https:\/\/linitiative.ca\/International\/wp-json\/wp\/v2\/posts\/41794\/revisions"}],"wp:attachment":[{"href":"https:\/\/linitiative.ca\/International\/wp-json\/wp\/v2\/media?parent=41794"}],"wp:term":[{"taxonomy":"category","embeddable":true,"href":"https:\/\/linitiative.ca\/International\/wp-json\/wp\/v2\/categories?post=41794"},{"taxonomy":"post_tag","embeddable":true,"href":"https:\/\/linitiative.ca\/International\/wp-json\/wp\/v2\/tags?post=41794"}],"curies":[{"name":"wp","href":"https:\/\/api.w.org\/{rel}","templated":true}]}}