{"id":41795,"date":"2019-06-20T13:50:06","date_gmt":"2019-06-20T17:50:06","guid":{"rendered":"https:\/\/linitiative.ca\/International\/malawi-la-police-disperse-violemment-des-manifestations-dans-tout-le-pays\/"},"modified":"2019-06-20T13:50:06","modified_gmt":"2019-06-20T17:50:06","slug":"malawi-la-police-disperse-violemment-des-manifestations-dans-tout-le-pays","status":"publish","type":"post","link":"https:\/\/linitiative.ca\/International\/malawi-la-police-disperse-violemment-des-manifestations-dans-tout-le-pays\/","title":{"rendered":"Malawi: la police disperse violemment des manifestations dans tout le pays"},"content":{"rendered":"<div readability=\"32\">\n<p>Publi\u00e9 le 20.06.2019 \u00e0 18h50 par AFP<\/p>\n<\/div>\n<div readability=\"104\">\n<p>La police du Malawi a dispers\u00e9 jeudi \u00e0 jets de gaz lacrymog\u00e8ne des milliers de manifestants qui protestaient dans plusieurs villes du pays contre la commission \u00e9lectorale, accus\u00e9e d\u2019avoir ent\u00e9rin\u00e9 la r\u00e9\u00e9lection controvers\u00e9e du pr\u00e9sident Peter Mutharika.<\/p>\n<p>Il s\u2019agit des plus importantes manifestations organis\u00e9es depuis la pr\u00e9sidentielle du 21 mai.<\/p>\n<p>Selon les r\u00e9sultats de la commission \u00e9lectorale, le chef de l\u2019Etat, au pouvoir depuis 2014, a \u00e9t\u00e9 r\u00e9\u00e9lu de justesse avec 38,57% des suffrages, devant son principal rival Lazarus Chakwera (35,41%) et Saulos Chilima (20,24%).<\/p>\n<p>L\u2019opposition crie depuis \u00e0 la fraude et a saisi la justice pour demander l\u2019annulation du scrutin.<\/p>\n<p>Jeudi, des milliers de personnes sont descendues dans les rues de la capitale politique, Lilongwe, la capitale \u00e9conomique, Blantyre, Mzuzu (nord) et Zomba (sud), \u00e0 l\u2019appel de la Coalition des d\u00e9fenseurs des droits humains, un groupement d\u2019ONG, ont rapport\u00e9 des journalistes de l\u2019AFP.<\/p>\n<p>A Blantyre, la police a repouss\u00e9 avec usage de gaz lacrymog\u00e8ne la foule qui approchait des bureaux de la commission \u00e9lectorale.<\/p>\n<p>A Lilongwe, des heurts avec les forces de l\u2019ordre ont \u00e9clat\u00e9 \u00e0 proximit\u00e9 du parlement, o\u00f9 des manifestants ont caillass\u00e9 des v\u00e9hicules de la police. Deux officiers ont \u00e9t\u00e9 bless\u00e9s, selon la police.<\/p>\n<p>Lazarus Chakwera et Saulos Chilima se sont joints aux manifestants \u00e0 Lilongwe.<\/p>\n<p>\u00ab\u00a0Les Malawites sont tr\u00e8s en col\u00e8re, d\u00e9\u00e7us par la fa\u00e7on dont les r\u00e9sultats de l\u2019\u00e9lection ont \u00e9t\u00e9 g\u00e9r\u00e9s\u00a0\u00bb, a expliqu\u00e9 le premier \u00e0 la presse. \u00ab\u00a0Nous voulons que tous les responsables de cette injustice d\u00e9missionnent\u00a0\u00bb, a-t-il ajout\u00e9.<\/p>\n<p>\u00ab\u00a0Nous nous sommes joints aux Malawites pour manifester contre le diable. Nous ne sommes pas contents de la fa\u00e7on dont les \u00e9lections ont \u00e9t\u00e9 conduites\u00a0\u00bb, a poursuivi Saulos Chilima.<\/p>\n<p>\u00ab\u00a0La justice doit l\u2019emporter\u00a0\u00bb, \u00ab\u00a0On r\u00e9clame notre vote\u00a0\u00bb, \u00ab\u00a0Non au vote Tipp-Ex\u00a0\u00bb, pouvait-on lire sur les pancartes brandies par les manifestants, en r\u00e9f\u00e9rence notamment \u00e0 l\u2019utilisation de \u00ab\u00a0blanc\u00a0\u00bb \u00e0 effacer sur de nombreux proc\u00e8s-verbaux.<\/p>\n<p>\u00ab\u00a0On ne prend partie pour personne, mais nous voulons que les Malawites vivent en d\u00e9mocratie\u00a0\u00bb, a d\u00e9clar\u00e9 le vice-pr\u00e9sident de la Coalition des d\u00e9fenseurs des droits humains, Gift Trapence.<\/p>\n<p>La Haute Cour de Lilongwe doit se prononcer vendredi sur la recevabilit\u00e9 des requ\u00eates de l\u2019opposition qui a demand\u00e9 l\u2019annulation de la pr\u00e9sidentielle.<\/p>\n<p>strs-bed\/pa\/jh<\/p>\n<\/div>\n<p>Auteur: AFP<br \/>\n<a href=\"https:\/\/www.journalducameroun.com\/malawi-la-police-disperse-violemment-des-manifestations-dans-tout-le-pays\/\">Cliquez ici pour lire l&rsquo;article depuis sa source.<\/a><\/p>\n","protected":false},"excerpt":{"rendered":"<p>Publi\u00e9 le 20.06.2019 \u00e0 18h50 par AFP La police du Malawi a dispers\u00e9 jeudi \u00e0 jets de gaz lacrymog\u00e8ne des milliers de manifestants qui protestaient dans plusieurs villes du pays contre la commission \u00e9lectorale, accus\u00e9e d\u2019avoir ent\u00e9rin\u00e9 la r\u00e9\u00e9lection controvers\u00e9e du pr\u00e9sident Peter Mutharika. Il s\u2019agit des plus importantes manifestations organis\u00e9es depuis la pr\u00e9sidentielle du [&hellip;]<\/p>\n","protected":false},"author":1965,"featured_media":0,"comment_status":"closed","ping_status":"closed","sticky":false,"template":"","format":"standard","meta":{"fifu_image_url":"","fifu_image_alt":"","footnotes":""},"categories":[73,82],"tags":[],"class_list":["post-41795","post","type-post","status-publish","format-standard","hentry","category-actualite","category-cameroun"],"_links":{"self":[{"href":"https:\/\/linitiative.ca\/International\/wp-json\/wp\/v2\/posts\/41795","targetHints":{"allow":["GET"]}}],"collection":[{"href":"https:\/\/linitiative.ca\/International\/wp-json\/wp\/v2\/posts"}],"about":[{"href":"https:\/\/linitiative.ca\/International\/wp-json\/wp\/v2\/types\/post"}],"author":[{"embeddable":true,"href":"https:\/\/linitiative.ca\/International\/wp-json\/wp\/v2\/users\/1965"}],"replies":[{"embeddable":true,"href":"https:\/\/linitiative.ca\/International\/wp-json\/wp\/v2\/comments?post=41795"}],"version-history":[{"count":0,"href":"https:\/\/linitiative.ca\/International\/wp-json\/wp\/v2\/posts\/41795\/revisions"}],"wp:attachment":[{"href":"https:\/\/linitiative.ca\/International\/wp-json\/wp\/v2\/media?parent=41795"}],"wp:term":[{"taxonomy":"category","embeddable":true,"href":"https:\/\/linitiative.ca\/International\/wp-json\/wp\/v2\/categories?post=41795"},{"taxonomy":"post_tag","embeddable":true,"href":"https:\/\/linitiative.ca\/International\/wp-json\/wp\/v2\/tags?post=41795"}],"curies":[{"name":"wp","href":"https:\/\/api.w.org\/{rel}","templated":true}]}}