{"id":41796,"date":"2019-06-20T13:50:08","date_gmt":"2019-06-20T17:50:08","guid":{"rendered":"https:\/\/linitiative.ca\/International\/soudan-le-procureur-general-remplace-nouvelles-manifestations-antipouvoir\/"},"modified":"2019-06-20T13:50:08","modified_gmt":"2019-06-20T17:50:08","slug":"soudan-le-procureur-general-remplace-nouvelles-manifestations-antipouvoir","status":"publish","type":"post","link":"https:\/\/linitiative.ca\/International\/soudan-le-procureur-general-remplace-nouvelles-manifestations-antipouvoir\/","title":{"rendered":"Soudan: le procureur g\u00e9n\u00e9ral remplac\u00e9, nouvelles manifestations antipouvoir"},"content":{"rendered":"<div readability=\"32\">\n<p>Publi\u00e9 le 20.06.2019 \u00e0 18h50 par AFP<\/p>\n<\/div>\n<div readability=\"146\">\n<p>Les g\u00e9n\u00e9raux au Soudan ont d\u00e9mis de ses fonctions jeudi le procureur g\u00e9n\u00e9ral, le jour de nouvelles manifestations pour maintenir la pression sur le pouvoir militaire et d\u00e9noncer la r\u00e9pression meurtri\u00e8re de la contestation in\u00e9dite dans le pays.<\/p>\n<p>D\u00e9clench\u00e9 le 19 d\u00e9cembre 2018 par le triplement du prix du pain dans un pays \u00e0 l\u2019\u00e9conomie exsangue, le mouvement de protestation s\u2019est vite transform\u00e9 en contestation du pouvoir et a pouss\u00e9 \u00e0 la destitution et l\u2019arrestation le 11 avril du pr\u00e9sident Omar el-B\u00e9chir.<\/p>\n<p>Malgr\u00e9 la mise \u00e0 l\u2019\u00e9cart de M. B\u00e9chir apr\u00e8s environ trois d\u00e9cennies au pouvoir, la contestation s\u2019est poursuivie, principalement avec un sit-in organis\u00e9 depuis le 6 avril devant le QG de l\u2019arm\u00e9e \u00e0 Khartoum, pour r\u00e9clamer au Conseil militaire de transition qui a succ\u00e9d\u00e9 au pr\u00e9sident d\u00e9chu de c\u00e9der le pouvoir aux civils.<\/p>\n<p>Mais le 3 juin, des hommes arm\u00e9s en tenue militaire ont dispers\u00e9 ce sit-in, un drame qui a fait des dizaines de morts et provoqu\u00e9 un toll\u00e9 international. Au moins 128 personnes ont \u00e9t\u00e9 tu\u00e9es dans la dispersion du sit-in et la r\u00e9pression qui s\u2019est poursuivie les jours suivants, selon des m\u00e9decins proches de la contestation. Les autorit\u00e9s fait \u00e9tat de 61 morts.<\/p>\n<p>Jeudi, le chef du Conseil militaire, Abdel Fattah al-Burhane, a d\u00e9mis de ses fonctions le procureur g\u00e9n\u00e9ral Al-Walid Sayyed Ahmed, a indiqu\u00e9 l\u2019agence officielle Suna sans pr\u00e9ciser les raisons de cette d\u00e9cision.<\/p>\n<p>Son rempla\u00e7ant, Abdallah Ahmed, qui dirigeait le parquet de Khartoum, \u00e9tait du fait de son dernier poste \u00e0 la t\u00eate d\u2019une commission d\u2019enqu\u00eate criminelle sur la dispersion du sit-in cr\u00e9\u00e9e par son pr\u00e9d\u00e9cesseur, selon Suna.<\/p>\n<p>Les militaires ont mis sur pied une autre commission enqu\u00eate, dont les r\u00e9sultats n\u2019ont pas \u00e9t\u00e9 encore publi\u00e9s.<\/p>\n<p>\u2013 \u00ab\u00a0Richesses suspectes\u00a0\u00bb \u2013<\/p>\n<p>Le Conseil militaire avait regrett\u00e9 des \u00ab\u00a0erreurs qui se sont produites\u00a0\u00bb lors de la dispersion, tout en assurant ne pas l\u2019avoir ordonn\u00e9e. Selon lui, l\u2019objectif initial de l\u2019op\u00e9ration \u00e9tait de chasser des \u00e9l\u00e9ments \u00ab\u00a0criminels\u00a0\u00bb dans le secteur de Colombia, pr\u00e8s du sit-in.<\/p>\n<p>L\u2019ex-procureur g\u00e9n\u00e9ral avait indiqu\u00e9 avoir particip\u00e9 \u00e0 une r\u00e9union avec les militaires pour organiser l\u2019op\u00e9ration de Colombia, la veille de la dispersion. Mais il a soulign\u00e9 qu&rsquo;\u00a0\u00bben sa pr\u00e9sence\u00a0\u00bb, la dispersion du sit-in n\u2019avait pas \u00e9t\u00e9 \u00e9voqu\u00e9e.<\/p>\n<p>Les paramilitaires des Forces de soutien rapide (RSF) ont \u00e9t\u00e9 accus\u00e9s par les chefs de la contestation et des ONG d\u2019\u00eatre \u00e0 l\u2019origine de la dispersion du sit-in.<\/p>\n<p>Jeudi, le num\u00e9ro deux du Conseil militaire, le g\u00e9n\u00e9ral Mohammed Hamdan Daglo qui dirige ces forces, surnomm\u00e9 \u00ab\u00a0Hemeidti\u00a0\u00bb, a assur\u00e9 que le \u00ab\u00a0responsable\u00a0\u00bb du drame avait \u00e9t\u00e9 identifi\u00e9, sans pr\u00e9ciser s\u2019il avait \u00e9t\u00e9 arr\u00eat\u00e9.<\/p>\n<p>Le g\u00e9n\u00e9ral a ajout\u00e9 que les auteurs de la dispersion, qu\u2019ils soient \u00ab\u00a0des membres des forces r\u00e9guli\u00e8res ou des civils, seraient traduits en justice\u00a0\u00bb.<\/p>\n<p>Le renvoi du procureur intervient quelques jours apr\u00e8s l\u2019inculpation de M. B\u00e9chir pour des faits de corruption. Ce dernier est notamment accus\u00e9 \u00ab\u00a0de possession de devises \u00e9trang\u00e8res\u00a0\u00bb mais aussi \u00ab\u00a0d\u2019avoir acquis des richesses de fa\u00e7on suspecte et ill\u00e9gale\u00a0\u00bb.<\/p>\n<p>\u2013 \u00ab\u00a0Pouvoir civil\u00a0\u00bb \u2013<\/p>\n<p>Jeudi, des centaines de personnes ont de nouveau manifest\u00e9 dans plusieurs villes du pays. \u00ab\u00a0Pouvoir civil, pouvoir civil\u00a0\u00bb! ont-elles scand\u00e9.<\/p>\n<p>Selon des t\u00e9moins, des rassemblements ont eu lieu \u00e0 Port-Soudan (nord-est), poumon \u00e9conomique du pays sur la Mer rouge, dans les villes centrales d\u2019al-Obeid et Madani, et \u00e0 Kassala (est).<\/p>\n<p>\u00ab\u00a0Nous sommes sortis aujourd\u2019hui parce que notre r\u00e9volution n\u2019est pas termin\u00e9e. Notre demande principale c\u2019est un pouvoir civil\u00a0\u00bb, a martel\u00e9 Mohamed Khalil, un manifestant de Port-Soudan.<\/p>\n<p>A Khartoum, des dizaines d\u2019employ\u00e9s d\u2019entreprises priv\u00e9es ou de minist\u00e8res, comme celui du P\u00e9trole, se sont rassembl\u00e9s devant leurs bureaux pour protester, d\u2019apr\u00e8s des t\u00e9moins. \u00ab\u00a0Les assassins du 3 juin doivent \u00eatre jug\u00e9s\u00a0\u00bb, pouvait-on lire sur certaines pancartes.<\/p>\n<p>Dimanche, le g\u00e9n\u00e9ral Daglo, a affirm\u00e9 que les autorit\u00e9s travaillaient \u00ab\u00a0dur pour envoyer \u00e0 la pendaison\u00a0\u00bb les auteurs de la r\u00e9pression.<\/p>\n<\/div>\n<p>Auteur: AFP<br \/>\n<a href=\"https:\/\/www.journalducameroun.com\/soudan-le-procureur-general-remplace-nouvelles-manifestations-antipouvoir\/\">Cliquez ici pour lire l&rsquo;article depuis sa source.<\/a><\/p>\n","protected":false},"excerpt":{"rendered":"<p>Publi\u00e9 le 20.06.2019 \u00e0 18h50 par AFP Les g\u00e9n\u00e9raux au Soudan ont d\u00e9mis de ses fonctions jeudi le procureur g\u00e9n\u00e9ral, le jour de nouvelles manifestations pour maintenir la pression sur le pouvoir militaire et d\u00e9noncer la r\u00e9pression meurtri\u00e8re de la contestation in\u00e9dite dans le pays. D\u00e9clench\u00e9 le 19 d\u00e9cembre 2018 par le triplement du prix [&hellip;]<\/p>\n","protected":false},"author":1965,"featured_media":0,"comment_status":"closed","ping_status":"closed","sticky":false,"template":"","format":"standard","meta":{"fifu_image_url":"","fifu_image_alt":"","footnotes":""},"categories":[73,82],"tags":[],"class_list":["post-41796","post","type-post","status-publish","format-standard","hentry","category-actualite","category-cameroun"],"_links":{"self":[{"href":"https:\/\/linitiative.ca\/International\/wp-json\/wp\/v2\/posts\/41796","targetHints":{"allow":["GET"]}}],"collection":[{"href":"https:\/\/linitiative.ca\/International\/wp-json\/wp\/v2\/posts"}],"about":[{"href":"https:\/\/linitiative.ca\/International\/wp-json\/wp\/v2\/types\/post"}],"author":[{"embeddable":true,"href":"https:\/\/linitiative.ca\/International\/wp-json\/wp\/v2\/users\/1965"}],"replies":[{"embeddable":true,"href":"https:\/\/linitiative.ca\/International\/wp-json\/wp\/v2\/comments?post=41796"}],"version-history":[{"count":0,"href":"https:\/\/linitiative.ca\/International\/wp-json\/wp\/v2\/posts\/41796\/revisions"}],"wp:attachment":[{"href":"https:\/\/linitiative.ca\/International\/wp-json\/wp\/v2\/media?parent=41796"}],"wp:term":[{"taxonomy":"category","embeddable":true,"href":"https:\/\/linitiative.ca\/International\/wp-json\/wp\/v2\/categories?post=41796"},{"taxonomy":"post_tag","embeddable":true,"href":"https:\/\/linitiative.ca\/International\/wp-json\/wp\/v2\/tags?post=41796"}],"curies":[{"name":"wp","href":"https:\/\/api.w.org\/{rel}","templated":true}]}}