{"id":41797,"date":"2019-06-20T13:50:10","date_gmt":"2019-06-20T17:50:10","guid":{"rendered":"https:\/\/linitiative.ca\/International\/samoura-chapeaute-la-caf-africains-et-europeens-sopposent\/"},"modified":"2019-06-20T13:50:10","modified_gmt":"2019-06-20T17:50:10","slug":"samoura-chapeaute-la-caf-africains-et-europeens-sopposent","status":"publish","type":"post","link":"https:\/\/linitiative.ca\/International\/samoura-chapeaute-la-caf-africains-et-europeens-sopposent\/","title":{"rendered":"Samoura chapeaute la CAF: Africains et Europ\u00e9ens s\u2019opposent"},"content":{"rendered":"<div readability=\"32\">\n<p>Publi\u00e9 le 20.06.2019 \u00e0 18h50 par AFP<\/p>\n<\/div>\n<div readability=\"114\">\n<p>D\u00e9cision d\u2019urgence ou \u00e0 la h\u00e2te? La nomination jeudi de la N.2 de la Fifa Fatma Samoura comme d\u00e9l\u00e9gu\u00e9e g\u00e9n\u00e9rale pour l\u2019Afrique a cr\u00e9\u00e9 des tensions entre la Conf\u00e9d\u00e9ration africaine (CAF), qui d\u00e9fend son droit d\u2019\u00eatre aid\u00e9e, et l\u2019UEFA, qui conteste ce choix.<\/p>\n<p>\u00ab\u00a0Je ne peux pas approuver cette proposition \u00e0 l\u2019heure actuelle\u00a0\u00bb, a lanc\u00e9 le pr\u00e9sident de l\u2019UEFA Aleksander Ceferin, dans une lettre que l\u2019AFP s\u2019est procur\u00e9e.<\/p>\n<p>Sa r\u00e9ponse a jet\u00e9 un froid quelques heures apr\u00e8s les propos de son homologue de la CAF Ahmad Ahmad qui se f\u00e9licitait de l\u2019intervention de la Fifa pour remettre d\u2019\u00e9querre l\u2019instance critiqu\u00e9e de toutes parts depuis plusieurs mois: \u00ab\u00a0Il n\u2019y a pas mieux que la Fifa pour venir voir ce qu\u2019il se passe \u00e0 l\u2019int\u00e9rieur de la CAF.\u00a0\u00bb<\/p>\n<p>Mme Samoura a \u00e9t\u00e9 nomm\u00e9e pour superviser le fonctionnement de la CAF pendant six mois, \u00e0 partir du 1er ao\u00fbt. Sous sa tutelle, un audit doit \u00eatre men\u00e9 pour redresser une organisation fragilis\u00e9e par les soup\u00e7ons de corruption autour de son pr\u00e9sident, et une organisation heurt\u00e9e de la CAN qui d\u00e9bute vendredi, entre autres.<\/p>\n<p>Probl\u00e8me, le pr\u00e9sident de l\u2019UEFA, membre du Conseil de la Fifa, le gouvernement du football mondial, n\u2019est pas d\u2019accord avec sa d\u00e9signation, sur le fond comme la forme.<\/p>\n<p>\u00ab\u00a0C\u2019est inconcevable d\u2019envoyer une lettre en plein milieu de la nuit (re\u00e7ue \u00e0 1h30 ce matin) et attendre ma r\u00e9ponse avant 10h30 ce matin. Je veux toujours aider, mais le Bureau du Conseil de la Fifa ne pourrait \u00eatre r\u00e9duit \u00e0 une simple chambre d\u2019enregistrement\u00a0\u00bb, a-t-il \u00e9crit.<\/p>\n<p>\u2013 \u00ab\u00a0Elle est africaine, elle sait arrondir\u00a0\u00bb \u2013<\/p>\n<p>\u00ab\u00a0Jamais dans l\u2019histoire de nos institutions le secr\u00e9taire g\u00e9n\u00e9ral de la Fifa a \u00e9t\u00e9 d\u00e9tach\u00e9 pour prendre le contr\u00f4le d\u2019une conf\u00e9d\u00e9ration, m\u00eame avec le consentement de cette derni\u00e8re. Vous devez comprendre que ce n\u2019est pas le type de d\u00e9cision \u00e0 prendre \u00e0 la l\u00e9g\u00e8re\u00a0\u00bb, a-t-il poursuivi.<\/p>\n<p>Le dirigeant slov\u00e8ne a exprim\u00e9 ses doutes sur la l\u00e9galit\u00e9 du processus au niveau des statuts et sur un \u00e9ventuel conflit d\u2019int\u00e9r\u00eats, d\u2019autant que Fatma Samoura conservera sa casquette de secr\u00e9taire g\u00e9n\u00e9rale de la Fifa pendant qu\u2019elle aidera la CAF.<\/p>\n<p>Ses d\u00e9clarations ont provoqu\u00e9 des remous au Caire, o\u00f9 on d\u00e9fend la logique d\u2019une d\u00e9marche rassemblant la CAF et la Fifa.<\/p>\n<p>\u00ab\u00a0Gianni Infantino (pr\u00e9sident de la Fifa) n\u2019a pas \u00e9t\u00e9 \u00e9lu pour d\u00e9velopper un continent au d\u00e9triment d\u2019un autre. Quand la CAF lui fait une demande, on voit mal comment la Fifa ne peut pas jouer son r\u00f4le. C\u2019est une logique d\u2019accompagnement\u00a0\u00bb, explique \u00e0 l\u2019AFP Constant Omari, vice-pr\u00e9sident de la CAF.<\/p>\n<p>\u00ab\u00a0On ne peut pas agir comme \u00e7a quand il y a une bonne action. Nous sommes souverains de nos actions\u00a0\u00bb, a-t-il poursuivi, en d\u00e9fendant le choix de la S\u00e9n\u00e9galaise.<\/p>\n<p>\u00ab\u00a0Cela aurait \u00e9t\u00e9 choquant si \u00e7a avait \u00e9t\u00e9 un Europ\u00e9en ou un Sud-Am\u00e9ricain. Pour appliquer les r\u00e9formes, il faut conna\u00eetre le contexte. Elle est africaine, elle sait arrondir les angles, favoriser la discussion.\u00a0\u00bb<\/p>\n<p>La r\u00e9action de M. Ceferin, \u00ab\u00a0c\u2019est dommage. Nous avons un objectif de r\u00e9duire le foss\u00e9 avec les autres continents dans les 5 \u00e0 10 prochaines ann\u00e9es\u00a0\u00bb, a-t-il conclu.<\/p>\n<\/div>\n<p>Auteur: AFP<br \/>\n<a href=\"https:\/\/www.journalducameroun.com\/samoura-chapeaute-la-caf-africains-et-europeens-sopposent\/\">Cliquez ici pour lire l&rsquo;article depuis sa source.<\/a><\/p>\n","protected":false},"excerpt":{"rendered":"<p>Publi\u00e9 le 20.06.2019 \u00e0 18h50 par AFP D\u00e9cision d\u2019urgence ou \u00e0 la h\u00e2te? La nomination jeudi de la N.2 de la Fifa Fatma Samoura comme d\u00e9l\u00e9gu\u00e9e g\u00e9n\u00e9rale pour l\u2019Afrique a cr\u00e9\u00e9 des tensions entre la Conf\u00e9d\u00e9ration africaine (CAF), qui d\u00e9fend son droit d\u2019\u00eatre aid\u00e9e, et l\u2019UEFA, qui conteste ce choix. \u00ab\u00a0Je ne peux pas approuver [&hellip;]<\/p>\n","protected":false},"author":1965,"featured_media":0,"comment_status":"closed","ping_status":"closed","sticky":false,"template":"","format":"standard","meta":{"fifu_image_url":"","fifu_image_alt":"","footnotes":""},"categories":[73,82],"tags":[],"class_list":["post-41797","post","type-post","status-publish","format-standard","hentry","category-actualite","category-cameroun"],"_links":{"self":[{"href":"https:\/\/linitiative.ca\/International\/wp-json\/wp\/v2\/posts\/41797","targetHints":{"allow":["GET"]}}],"collection":[{"href":"https:\/\/linitiative.ca\/International\/wp-json\/wp\/v2\/posts"}],"about":[{"href":"https:\/\/linitiative.ca\/International\/wp-json\/wp\/v2\/types\/post"}],"author":[{"embeddable":true,"href":"https:\/\/linitiative.ca\/International\/wp-json\/wp\/v2\/users\/1965"}],"replies":[{"embeddable":true,"href":"https:\/\/linitiative.ca\/International\/wp-json\/wp\/v2\/comments?post=41797"}],"version-history":[{"count":0,"href":"https:\/\/linitiative.ca\/International\/wp-json\/wp\/v2\/posts\/41797\/revisions"}],"wp:attachment":[{"href":"https:\/\/linitiative.ca\/International\/wp-json\/wp\/v2\/media?parent=41797"}],"wp:term":[{"taxonomy":"category","embeddable":true,"href":"https:\/\/linitiative.ca\/International\/wp-json\/wp\/v2\/categories?post=41797"},{"taxonomy":"post_tag","embeddable":true,"href":"https:\/\/linitiative.ca\/International\/wp-json\/wp\/v2\/tags?post=41797"}],"curies":[{"name":"wp","href":"https:\/\/api.w.org\/{rel}","templated":true}]}}