{"id":41798,"date":"2019-06-20T14:18:02","date_gmt":"2019-06-20T18:18:02","guid":{"rendered":"https:\/\/linitiative.ca\/International\/lafrica-banking-forum-pour-une-inclusion-financiere-en-afrique\/"},"modified":"2019-06-20T14:18:02","modified_gmt":"2019-06-20T18:18:02","slug":"lafrica-banking-forum-pour-une-inclusion-financiere-en-afrique","status":"publish","type":"post","link":"https:\/\/linitiative.ca\/International\/lafrica-banking-forum-pour-une-inclusion-financiere-en-afrique\/","title":{"rendered":"L\u2019Africa Banking Forum pour une inclusion financi\u00e8re en Afrique"},"content":{"rendered":"<div readability=\"32\">\n<p>Publi\u00e9 le 20.06.2019 \u00e0 19h18 par APA News<\/p>\n<\/div>\n<div readability=\"68\">\n<p>Les participants \u00e0 la 11\u00e8 \u00e9dition de l\u2019Africa Banking Forum (ABF) qui se tient depuis jeudi \u00e0 Douala \u00e0 l\u2019initiative de l\u2019organisme marocain i-conf\u00e9rences, ont plaid\u00e9 pour une inclusion financi\u00e8re en vue de favoriser le d\u00e9veloppement du continent africain.Ax\u00e9 sur le th\u00e8me \u00ab Ba banque catalyseur de l\u2019\u00e9mergence africaine \u00bb, le forum veut d\u00e9finir des plans d\u2019actions et programmes visant le financement de l\u2019activit\u00e9 \u00e9conomique et l\u2019accompagnement de la croissance.<\/p>\n<p>Proc\u00e9dant \u00e0 l\u2019ouverture des travaux, le secr\u00e9taire g\u00e9n\u00e9ral du minist\u00e8re des Finances, Gilbert Didier Edoa a appel\u00e9 \u00e0 \u00ab un syst\u00e8me de financement fort pour soutenir les \u00e9conomies africaines \u00bb, ce qui selon lui, suppose \u00ab un secteur bancaire sain et efficace \u00bb.<\/p>\n<p>\u00ab Dans ce contexte, a-t-il dit, les banques doivent pr\u00f4ner la transparence, la pr\u00e9vention, l\u2019\u00e9thique, le d\u00e9veloppement des infrastructures et la protection des \u00e9pargnants \u00bb.<\/p>\n<p>Appelant \u00e0 un secteur priv\u00e9 fort comme \u00ab moteur de d\u00e9veloppement \u00bb, l\u2019orateur a invit\u00e9 les banques \u00e0 mettre sur pied des m\u00e9canismes de financement clairs pour le d\u00e9veloppement des Petites et moyennes entreprises sur qui reposent la plupart des \u00e9conomies africaines.<\/p>\n<p>Selon la Banque mondiale (BM) et le Fonds mon\u00e9taire international (FMI) l\u2019Afrique qui repr\u00e9sente 17% de la population mondiale est l\u2019une des r\u00e9gions du continent o\u00f9 la croissance \u00e9conomique pr\u00e9sage de bonnes perspectives, soit 3,8% en 2018.<\/p>\n<p>Toutefois, il faut une meilleure organisation du secteur bancaire pour que le taux bancarisation en Afrique qui tourne autour de 20% puisse s\u2019am\u00e9liorer.<\/p>\n<\/div>\n<p>Auteur: APA News<br \/>\n<a href=\"https:\/\/www.journalducameroun.com\/lafrica-banking-forum-pour-une-inclusion-financiere-en-afrique\/\">Cliquez ici pour lire l&rsquo;article depuis sa source.<\/a><\/p>\n","protected":false},"excerpt":{"rendered":"<p>Publi\u00e9 le 20.06.2019 \u00e0 19h18 par APA News Les participants \u00e0 la 11\u00e8 \u00e9dition de l\u2019Africa Banking Forum (ABF) qui se tient depuis jeudi \u00e0 Douala \u00e0 l\u2019initiative de l\u2019organisme marocain i-conf\u00e9rences, ont plaid\u00e9 pour une inclusion financi\u00e8re en vue de favoriser le d\u00e9veloppement du continent africain.Ax\u00e9 sur le th\u00e8me \u00ab Ba banque catalyseur de [&hellip;]<\/p>\n","protected":false},"author":1965,"featured_media":0,"comment_status":"closed","ping_status":"closed","sticky":false,"template":"","format":"standard","meta":{"fifu_image_url":"","fifu_image_alt":"","footnotes":""},"categories":[73,82],"tags":[],"class_list":["post-41798","post","type-post","status-publish","format-standard","hentry","category-actualite","category-cameroun"],"_links":{"self":[{"href":"https:\/\/linitiative.ca\/International\/wp-json\/wp\/v2\/posts\/41798","targetHints":{"allow":["GET"]}}],"collection":[{"href":"https:\/\/linitiative.ca\/International\/wp-json\/wp\/v2\/posts"}],"about":[{"href":"https:\/\/linitiative.ca\/International\/wp-json\/wp\/v2\/types\/post"}],"author":[{"embeddable":true,"href":"https:\/\/linitiative.ca\/International\/wp-json\/wp\/v2\/users\/1965"}],"replies":[{"embeddable":true,"href":"https:\/\/linitiative.ca\/International\/wp-json\/wp\/v2\/comments?post=41798"}],"version-history":[{"count":0,"href":"https:\/\/linitiative.ca\/International\/wp-json\/wp\/v2\/posts\/41798\/revisions"}],"wp:attachment":[{"href":"https:\/\/linitiative.ca\/International\/wp-json\/wp\/v2\/media?parent=41798"}],"wp:term":[{"taxonomy":"category","embeddable":true,"href":"https:\/\/linitiative.ca\/International\/wp-json\/wp\/v2\/categories?post=41798"},{"taxonomy":"post_tag","embeddable":true,"href":"https:\/\/linitiative.ca\/International\/wp-json\/wp\/v2\/tags?post=41798"}],"curies":[{"name":"wp","href":"https:\/\/api.w.org\/{rel}","templated":true}]}}