{"id":41801,"date":"2019-06-20T15:50:02","date_gmt":"2019-06-20T19:50:02","guid":{"rendered":"https:\/\/linitiative.ca\/International\/defiant-trump-le-senat-americain-bloque-une-vente-darmes-a-ryad\/"},"modified":"2019-06-20T15:50:02","modified_gmt":"2019-06-20T19:50:02","slug":"defiant-trump-le-senat-americain-bloque-une-vente-darmes-a-ryad","status":"publish","type":"post","link":"https:\/\/linitiative.ca\/International\/defiant-trump-le-senat-americain-bloque-une-vente-darmes-a-ryad\/","title":{"rendered":"D\u00e9fiant Trump, le S\u00e9nat am\u00e9ricain bloque une vente d\u2019armes \u00e0 Ryad"},"content":{"rendered":"<div readability=\"32\">\n<p>Publi\u00e9 le 20.06.2019 \u00e0 20h50 par AFP<\/p>\n<\/div>\n<div readability=\"140\">\n<p>Le S\u00e9nat am\u00e9ricain a marqu\u00e9 jeudi sa d\u00e9fiance envers Donald Trump en bloquant un m\u00e9ga-contrat d\u2019armement avec l\u2019Arabie saoudite pour d\u00e9noncer les ravages de la guerre au Y\u00e9men et l\u2019assassinat du journaliste Jamal Khashoggi.<\/p>\n<p>La d\u00e9cision est un coup dur pour l\u2019Arabie saoudite, quelques heures apr\u00e8s un premier camouflet diplomatique. Le Royaume-Uni a annonc\u00e9 la suspension des ventes d\u2019armes pouvant \u00eatre utilis\u00e9es par Ryad au Y\u00e9men, se conformant \u00e0 une d\u00e9cision judiciaire.<\/p>\n<p>A la Chambre haute du Congr\u00e8s am\u00e9ricain, plusieurs \u00e9lus de la majorit\u00e9 r\u00e9publicaine se sont joints aux d\u00e9mocrates pour voter trois r\u00e9solutions s\u2019opposant \u00e0 une vente d\u2019armes, de munitions et de mat\u00e9riel \u00e0 Ryad et \u00e0 plusieurs autres pays arabes, d\u2019un montant total de 8,1 milliards de dollars.<\/p>\n<p>Elle avait \u00e9t\u00e9 autoris\u00e9e fin mai par l\u2019administration Trump, qui avait contourn\u00e9 le Congr\u00e8s en invoquant une situation d\u2019urgence provoqu\u00e9e par l\u2019Iran.<\/p>\n<p>Les trois r\u00e9solutions devraient \u00eatre confirm\u00e9es \u00e0 la Chambre des repr\u00e9sentants, contr\u00f4l\u00e9e par les d\u00e9mocrates. Mais le pr\u00e9sident am\u00e9ricain va ensuite certainement opposer son veto.<\/p>\n<p>Les opposants \u00e0 la vente ont fustig\u00e9 la responsabilit\u00e9 de Ryad dans le conflit au Y\u00e9men, qui a fait des dizaines de milliers de morts, dont de nombreux civils, selon diverses organisations humanitaires.<\/p>\n<p>\u00ab\u00a0Quand elles visent les civils, comment pouvons-nous continuer \u00e0 vendre ces armes\u00a0\u00bb, a affirm\u00e9 le d\u00e9mocrate Robert Menendez.<\/p>\n<p>Certains \u00e9lus sont aussi furieux apr\u00e8s l\u2019assassinat en octobre 2018 de Jamal Khashoggi, correspondant du Washington Post et critique du r\u00e9gime, dans le consulat saoudien \u00e0 Istanbul.<\/p>\n<p>Le journaliste a \u00e9t\u00e9 tu\u00e9 dans l\u2019enceinte diplomatique avant d\u2019\u00eatre d\u00e9membr\u00e9, des affirmations \u00ab\u00a0sans fondement\u00a0\u00bb selon les autorit\u00e9s saoudiennes.<\/p>\n<p>De nombreux parlementaires am\u00e9ricains consid\u00e8rent le prince h\u00e9ritier saoudien Mohammed ben Salmane comme le donneur d\u2019ordre de ce meurtre, ce qui a \u00e9t\u00e9 confirm\u00e9 par l\u2019enqu\u00eate d\u2019une experte de l\u2019ONU publi\u00e9e mercredi qui a r\u00e9v\u00e9l\u00e9 de nouveaux d\u00e9tails sordides.<\/p>\n<p>\u2013 Appel \u00e0 la France \u2013<\/p>\n<p>\u00ab\u00a0Ce n\u2019est pas le niveau de p\u00e9trole que vous pourrez produire qui vous donnera, de ma part et de celle des autres (s\u00e9nateurs), l\u2019autorisation de d\u00e9couper quelqu\u2019un dans un consulat\u00a0\u00bb, a lanc\u00e9 le r\u00e9publicain Lindsey Graham \u00e0 l\u2019adresse de Ryad.<\/p>\n<p>Mais le r\u00e9publicain Tom Cotton a appel\u00e9 ses coll\u00e8gues \u00e0 \u00ab\u00a0envoyer un bon signal \u00e0 T\u00e9h\u00e9ran\u00a0\u00bb, affirmant que l\u2019Iran attendait \u00ab\u00a0des signes de fermet\u00e9 ou de faiblesse\u00a0\u00bb de Washington, en pleine p\u00e9riode de tension entre les deux pays ennemis.<\/p>\n<p>L\u2019Arabie saoudite intervient militairement depuis 2015 au Y\u00e9men \u00e0 la t\u00eate d\u2019une coalition pro-gouvernementale contre les rebelles Houthis, soutenus par T\u00e9h\u00e9ran.<\/p>\n<p>A Londres, le ministre du Commerce international Liam Fox a annonc\u00e9 jeudi la suspension des licences de ventes d\u2019armes \u00e0 l\u2019Arabie saoudite et \u00e0 ses partenaires de la coalition \u00ab\u00a0qui pourraient \u00eatre utilis\u00e9es dans le conflit au Y\u00e9men\u00a0\u00bb.<\/p>\n<p>La Cour d\u2019appel de Londres avait auparavant estim\u00e9 que ces contrats \u00e9taient entach\u00e9s d\u2019une \u00ab\u00a0erreur de droit sur un point important\u00a0\u00bb, l\u2019ex\u00e9cutif britannique n\u2019ayant \u00ab\u00a0pas \u00e9valu\u00e9 si la coalition (\u2026) avait commis des violations du droit international humanitaire par le pass\u00e9\u00a0\u00bb dans ce conflit.<\/p>\n<p>Le gouvernement va tenter d\u2019interjeter appel, a soulign\u00e9 M. Fox.<\/p>\n<p>Le ministre saoudien des Affaires \u00e9trang\u00e8res Adel al-Jubeir a minimis\u00e9 la d\u00e9cision judiciaire, qui \u00ab\u00a0touche plus \u00e0 la forme qu\u2019au fond\u00a0\u00bb.<\/p>\n<p>\u00ab\u00a0Les licences de ventes d\u2019armes (qui ont \u00e9t\u00e9 accord\u00e9es) vont se poursuivre\u00a0\u00bb et les nouvelles licences \u00ab\u00a0attendront\u00a0\u00bb jusqu\u2019\u00e0 ce que le gouvernement britannique fasse les \u00ab\u00a0changements n\u00e9cessaires \u00e0 ses proc\u00e9dures\u00a0\u00bb, a-t-il r\u00e9agi lors d\u2019une conf\u00e9rence de presse \u00e0 Londres.<\/p>\n<p>Il a mis en garde contre un arr\u00eat des ventes d\u2019armes dont \u00ab\u00a0le seul b\u00e9n\u00e9ficiaire va \u00eatre l\u2019Iran\u00a0\u00bb, soulignant que son pays \u00ab\u00a0se bat pour emp\u00eacher l\u2019Iran de prendre le contr\u00f4le de pays strat\u00e9giquement importants\u00a0\u00bb.<\/p>\n<p>Parmi les autres pays vendeurs d\u2019armes, l\u2019Allemagne avait pris la m\u00eame d\u00e9cision en invoquant la mort de Jamal Khashoggi.<\/p>\n<p>Plusieurs ONG ont appel\u00e9 la France, qui refuse jusqu\u2019ici de suspendre ses contrats avec Ryad, \u00e0 suivre les pas de Londres.<\/p>\n<\/div>\n<p>Auteur: AFP<br \/>\n<a href=\"https:\/\/www.journalducameroun.com\/defiant-trump-le-senat-americain-bloque-une-vente-darmes-a-ryad\/\">Cliquez ici pour lire l&rsquo;article depuis sa source.<\/a><\/p>\n","protected":false},"excerpt":{"rendered":"<p>Publi\u00e9 le 20.06.2019 \u00e0 20h50 par AFP Le S\u00e9nat am\u00e9ricain a marqu\u00e9 jeudi sa d\u00e9fiance envers Donald Trump en bloquant un m\u00e9ga-contrat d\u2019armement avec l\u2019Arabie saoudite pour d\u00e9noncer les ravages de la guerre au Y\u00e9men et l\u2019assassinat du journaliste Jamal Khashoggi. La d\u00e9cision est un coup dur pour l\u2019Arabie saoudite, quelques heures apr\u00e8s un premier [&hellip;]<\/p>\n","protected":false},"author":1965,"featured_media":0,"comment_status":"closed","ping_status":"closed","sticky":false,"template":"","format":"standard","meta":{"fifu_image_url":"","fifu_image_alt":"","footnotes":""},"categories":[73,82],"tags":[],"class_list":["post-41801","post","type-post","status-publish","format-standard","hentry","category-actualite","category-cameroun"],"_links":{"self":[{"href":"https:\/\/linitiative.ca\/International\/wp-json\/wp\/v2\/posts\/41801","targetHints":{"allow":["GET"]}}],"collection":[{"href":"https:\/\/linitiative.ca\/International\/wp-json\/wp\/v2\/posts"}],"about":[{"href":"https:\/\/linitiative.ca\/International\/wp-json\/wp\/v2\/types\/post"}],"author":[{"embeddable":true,"href":"https:\/\/linitiative.ca\/International\/wp-json\/wp\/v2\/users\/1965"}],"replies":[{"embeddable":true,"href":"https:\/\/linitiative.ca\/International\/wp-json\/wp\/v2\/comments?post=41801"}],"version-history":[{"count":0,"href":"https:\/\/linitiative.ca\/International\/wp-json\/wp\/v2\/posts\/41801\/revisions"}],"wp:attachment":[{"href":"https:\/\/linitiative.ca\/International\/wp-json\/wp\/v2\/media?parent=41801"}],"wp:term":[{"taxonomy":"category","embeddable":true,"href":"https:\/\/linitiative.ca\/International\/wp-json\/wp\/v2\/categories?post=41801"},{"taxonomy":"post_tag","embeddable":true,"href":"https:\/\/linitiative.ca\/International\/wp-json\/wp\/v2\/tags?post=41801"}],"curies":[{"name":"wp","href":"https:\/\/api.w.org\/{rel}","templated":true}]}}