{"id":41802,"date":"2019-06-20T17:18:03","date_gmt":"2019-06-20T21:18:03","guid":{"rendered":"https:\/\/linitiative.ca\/International\/signature-de-cinq-accords-de-cooperation-entre-la-cote-divoire-et-le-senegal\/"},"modified":"2019-06-20T17:18:03","modified_gmt":"2019-06-20T21:18:03","slug":"signature-de-cinq-accords-de-cooperation-entre-la-cote-divoire-et-le-senegal","status":"publish","type":"post","link":"https:\/\/linitiative.ca\/International\/signature-de-cinq-accords-de-cooperation-entre-la-cote-divoire-et-le-senegal\/","title":{"rendered":"Signature de cinq accords de coop\u00e9ration entre la C\u00f4te d\u2019Ivoire et le S\u00e9n\u00e9gal"},"content":{"rendered":"<div readability=\"32\">\n<p>Publi\u00e9 le 20.06.2019 \u00e0 22h18 par APA News<\/p>\n<\/div>\n<div readability=\"92\">\n<p>Cinq accords de coop\u00e9ration ont \u00e9t\u00e9 sign\u00e9s entre la C\u00f4te d\u2019Ivoire et le S\u00e9n\u00e9gal, jeudi soir \u00e0 Abidjan, au terme d\u2019un entretien entre le pr\u00e9sident ivoirien Alassane Ouattara et son homologue s\u00e9n\u00e9galais Macky Sall qui effectue une visite d\u2019\u00c9tat de 72 heures en terre ivoirienne, a constat\u00e9 APA sur place dans la capitale \u00e9conomique ivoirienne.Il s\u2019agit d\u2019un accord de coop\u00e9ration en mati\u00e8re d\u2019habitat social, \u00a0un accord de coop\u00e9ration dans le domaine de l\u2019\u00e9nergie et du p\u00e9trole, un \u00a0accord de coop\u00e9ration et d\u2019\u00e9changes cin\u00e9matographiques, un protocole de \u00a0coop\u00e9ration cin\u00e9matographique entre le minist\u00e8re de la Culture et de la \u00a0francophonie de C\u00f4te d\u2019Ivoire et le minist\u00e8re de la Culture et de la \u00a0communication du S\u00e9n\u00e9gal et enfin d\u2019un accord de coop\u00e9ration commerciale \u00a0entre les deux pays.\u00a0<\/p>\n<p>\u00ab Nous avons la volont\u00e9 de renforcer davantage les \u00a0relations entre le S\u00e9n\u00e9gal et la C\u00f4te d\u2019Ivoire, de redynamiser nos \u00a0\u00e9changes qui sont \u00e0 un bon niveau. Mais je crois que nous pouvons faire \u00a0mieux car le potentiel et la volont\u00e9 politique sont l\u00e0. Nous voulons \u00a0aussi renforcer le commerce et l\u2019investissement au S\u00e9n\u00e9gal comme en C\u00f4te \u00a0d\u2019Ivoire \u00bb, a dit le pr\u00e9sident ivoirien, Alassane Ouattara \u00e0 la presse \u00a0au sortir de cet entretien avec son homologue s\u00e9n\u00e9galais qui a dur\u00e9 pr\u00e8s \u00a0d\u2019une heure.\u00a0<\/p>\n<p>\u00ab Nous sommes d\u2019accord qu\u2019il faut explorer les secteurs \u00a0tels que la p\u00eache, la culture, le tourisme, la d\u00e9fense et la s\u00e9curit\u00e9 \u00bb, \u00a0a poursuivi M. Ouattara, soulignant avoir pass\u00e9 en revue \u00e9galement les \u00a0questions mon\u00e9taires de la sous-r\u00e9gion avec M. Sall.<\/p>\n<p>\u00a0\u00ab Nous avons \u00a0\u00e9galement \u00e9voqu\u00e9 la situation sociopolitique dans quelques pays de la \u00a0sous-r\u00e9gion\u2026 Nous avons insist\u00e9 sur la n\u00e9cessit\u00e9 de mieux coordonner \u00a0nos actions pour combattre l\u2019extr\u00e9misme et le terrorisme \u00bb, a conclu M. \u00a0Ouattara, se r\u00e9jouissant de la r\u00e9\u00e9lection de M. Sall \u00e0 la t\u00eate de son \u00a0pays.\u00a0<\/p>\n<p>Avant lui, le pr\u00e9sident s\u00e9n\u00e9galais Macky Sall qui dit effectuer \u00a0une \u00ab visite familiale au-del\u00e0 du cachet officiel\u00bb, s\u2019est f\u00e9licit\u00e9 de \u00abl\u2019excellent travail \u00bb effectu\u00e9 par M. Ouattara \u00e0 la t\u00eate de son pays , estimant que \u00ab la C\u00f4te d\u2019Ivoire est une fiert\u00e9 pour l\u2019Afrique de l\u2019ouest \u00a0\u00bb.\u00a0<\/p>\n<p>\u00ab Nos discussions ont port\u00e9 sur la coop\u00e9ration bilat\u00e9rale qui se \u00a0porte bien. Mais il faut faire des progr\u00e8s dans le domaine commercial\u2026 \u00a0Nous avons la volont\u00e9 d\u2019accro\u00eetre les \u00e9changes commerciaux en \u00a0renfor\u00e7ant notamment le partenariat entre le secteur priv\u00e9 des deux pays \u00a0\u00bb, a fait savoir \u00e0 son tour M. Sall.<\/p>\n<p>\u00a0Le pr\u00e9sident s\u00e9n\u00e9galais, Macky \u00a0Sall est arriv\u00e9 dans la mi-journ\u00e9e de ce jeudi \u00e0 Abidjan en compagnie de \u00a0son \u00e9pouse, Mari\u00e8me Sall pour une visite d\u2019\u00c9tat de 72 heures. \u00a0\u00a0<\/p>\n<p>Vendredi, au cours d\u2019une c\u00e9r\u00e9monie solennelle, il sera fait citoyen \u00a0d\u2019honneur de la ville d\u2019Abidjan et recevra les clefs de la capitale \u00e9conomique ivoirienne. Apr\u00e8s quoi, dans la soir\u00e9e le num\u00e9ro un \u00a0s\u00e9n\u00e9galais visitera la Compagnie ivoirienne de production d\u2019\u00e9lectricit\u00e9 (CIPREL) au sud de la capitale \u00e9conomique ivoirienne.<\/p>\n<\/div>\n<p>Auteur: APA News<br \/>\n<a href=\"https:\/\/www.journalducameroun.com\/signature-de-cinq-accords-de-cooperation-entre-la-cote-divoire-et-le-senegal\/\">Cliquez ici pour lire l&rsquo;article depuis sa source.<\/a><\/p>\n","protected":false},"excerpt":{"rendered":"<p>Publi\u00e9 le 20.06.2019 \u00e0 22h18 par APA News Cinq accords de coop\u00e9ration ont \u00e9t\u00e9 sign\u00e9s entre la C\u00f4te d\u2019Ivoire et le S\u00e9n\u00e9gal, jeudi soir \u00e0 Abidjan, au terme d\u2019un entretien entre le pr\u00e9sident ivoirien Alassane Ouattara et son homologue s\u00e9n\u00e9galais Macky Sall qui effectue une visite d\u2019\u00c9tat de 72 heures en terre ivoirienne, a constat\u00e9 [&hellip;]<\/p>\n","protected":false},"author":1965,"featured_media":0,"comment_status":"closed","ping_status":"closed","sticky":false,"template":"","format":"standard","meta":{"fifu_image_url":"","fifu_image_alt":"","footnotes":""},"categories":[73,82],"tags":[],"class_list":["post-41802","post","type-post","status-publish","format-standard","hentry","category-actualite","category-cameroun"],"_links":{"self":[{"href":"https:\/\/linitiative.ca\/International\/wp-json\/wp\/v2\/posts\/41802","targetHints":{"allow":["GET"]}}],"collection":[{"href":"https:\/\/linitiative.ca\/International\/wp-json\/wp\/v2\/posts"}],"about":[{"href":"https:\/\/linitiative.ca\/International\/wp-json\/wp\/v2\/types\/post"}],"author":[{"embeddable":true,"href":"https:\/\/linitiative.ca\/International\/wp-json\/wp\/v2\/users\/1965"}],"replies":[{"embeddable":true,"href":"https:\/\/linitiative.ca\/International\/wp-json\/wp\/v2\/comments?post=41802"}],"version-history":[{"count":0,"href":"https:\/\/linitiative.ca\/International\/wp-json\/wp\/v2\/posts\/41802\/revisions"}],"wp:attachment":[{"href":"https:\/\/linitiative.ca\/International\/wp-json\/wp\/v2\/media?parent=41802"}],"wp:term":[{"taxonomy":"category","embeddable":true,"href":"https:\/\/linitiative.ca\/International\/wp-json\/wp\/v2\/categories?post=41802"},{"taxonomy":"post_tag","embeddable":true,"href":"https:\/\/linitiative.ca\/International\/wp-json\/wp\/v2\/tags?post=41802"}],"curies":[{"name":"wp","href":"https:\/\/api.w.org\/{rel}","templated":true}]}}