{"id":41803,"date":"2019-06-20T17:50:01","date_gmt":"2019-06-20T21:50:01","guid":{"rendered":"https:\/\/linitiative.ca\/International\/nucleaire-stop-ou-encore-la-france-bientot-a-lheure-des-choix\/"},"modified":"2019-06-20T17:50:01","modified_gmt":"2019-06-20T21:50:01","slug":"nucleaire-stop-ou-encore-la-france-bientot-a-lheure-des-choix","status":"publish","type":"post","link":"https:\/\/linitiative.ca\/International\/nucleaire-stop-ou-encore-la-france-bientot-a-lheure-des-choix\/","title":{"rendered":"Nucl\u00e9aire, stop ou encore? La France bient\u00f4t \u00e0 l\u2019heure des choix"},"content":{"rendered":"<div readability=\"32\">\n<p>Publi\u00e9 le 20.06.2019 \u00e0 22h50 par AFP<\/p>\n<\/div>\n<div readability=\"154\">\n<p>Faut-il construire de nouveaux EPR ? Dans un contexte de retards et surco\u00fbts sur le chantier embl\u00e9matique de Flamanville, la France veut avoir les cartes en main d\u2019ici deux ans pour d\u00e9cider la construction \u00e9ventuelle de nouveaux r\u00e9acteurs nucl\u00e9aires, une d\u00e9cision qui s\u2019annonce complexe et controvers\u00e9e car elle engagera le pays pour des d\u00e9cennies.<\/p>\n<p>Le projet de programmation pluriannuelle de l\u2019\u00e9nergie (PPE) pour les dix ann\u00e9es \u00e0 venir ouvre la porte \u00e0 la construction de nouveaux r\u00e9acteurs: le gouvernement souhaite disposer \u00ab\u00a0d\u2019ici mi-2021\u00a0\u00bb des \u00e9l\u00e9ments pour prendre une d\u00e9cision.<\/p>\n<p>Le pr\u00e9sident Emmanuel Macron avait demand\u00e9 \u00e0 EDF, en novembre dernier, \u00ab\u00a0des engagements fermes sur le prix, pour qu\u2019ils soient plus comp\u00e9titifs. Tout doit \u00eatre pr\u00eat en 2021 pour que le choix qui sera propos\u00e9 aux Fran\u00e7ais puisse \u00eatre un choix transparent et \u00e9clair\u00e9\u00a0\u00bb.<\/p>\n<p>Le co\u00fbt sera donc essentiel, aux c\u00f4t\u00e9s d\u2019autres param\u00e8tres: les avantages et inconv\u00e9nients par rapport \u00e0 d\u2019autres moyens de production \u00e9mettant peu de carbone, les mod\u00e8les de financement envisageables, la concertation avec le public, la question des d\u00e9chets\u2026 Sachant qu\u2019EDF cherche aussi \u00e0 exporter les vers de nouveaux pays.<\/p>\n<p>Pour pr\u00e9parer l\u2019\u00e9ch\u00e9ance de 2021, EDF planche sur un mod\u00e8le de r\u00e9acteur EPR dit \u00ab\u00a0optimis\u00e9\u00a0\u00bb, plus simple et moins cher que la version actuelle, avec un co\u00fbt de production de l\u2019\u00e9lectricit\u00e9 comparable aux centrales \u00e0 gaz.<\/p>\n<p>Mais un autre crit\u00e8re s\u2019av\u00e8re d\u00e9terminant: l\u2019avanc\u00e9e du chantier de l\u2019EPR de Flamanville dont les importants retards et surco\u00fbts pourraient s\u2019aggraver avec ses probl\u00e8mes de soudures alors que l\u2019Autorit\u00e9 de s\u00fbret\u00e9 nucl\u00e9aire (ASN) a d\u00e9cid\u00e9 jeudi que huit soudures difficiles d\u2019acc\u00e8s devraient \u00eatre r\u00e9par\u00e9es.<\/p>\n<p>\u00ab\u00a0C\u2019est la sagesse d\u2019attendre que Flamanville ait fait la preuve de son fonctionnement avant d\u2019engager des d\u00e9cisions\u00a0\u00bb, estimait le ministre de l\u2019Economie, Bruno Le Maire, en d\u00e9but d\u2019ann\u00e9e.<\/p>\n<p>\u2013 \u00ab\u00a0incertitudes\u00a0\u00bb \u2013<\/p>\n<p>\u00ab\u00a0Il y a beaucoup d\u2019incertitudes \u00e0 manipuler, et des incertitudes \u00e0 chaque fois \u00e0 plusieurs milliards, voire dizaines de milliards d\u2019euros\u00a0\u00bb, rel\u00e8ve aupr\u00e8s de l\u2019AFP Patrick Criqui, \u00e9conomiste sp\u00e9cialis\u00e9 dans les politiques \u00e9nergie-climat.<\/p>\n<p>Mais pour les industriels, la d\u00e9cision ne doit pas tarder. A peine reconduit dans ses fonctions pour un nouveau mandat, le PDG d\u2019EDF Jean-Bernard L\u00e9vy a demand\u00e9 en mai d\u2019\u00e9viter les \u00ab\u00a0atermoiements\u00a0\u00bb.<\/p>\n<p>La Soci\u00e9t\u00e9 fran\u00e7aise d\u2019\u00e9nergie nucl\u00e9aire (SFEN) estime qu\u2019il faut un engagement ferme \u00ab\u00a0au plus tard courant 2021\u00a0\u00bb pour au moins trois paires d\u2019EPR, destin\u00e9s \u00e0 vivre 60 ans. C\u2019est essentiel selon elle pour que les industriels puissent mettre en \u0153uvre ces chantiers sans avoir perdu les comp\u00e9tences n\u00e9cessaires.<\/p>\n<p>C\u2019est aussi une question de \u00ab\u00a0s\u00e9curit\u00e9 d\u2019approvisionnement\u00a0\u00bb pour la France: les r\u00e9acteurs actuels ayant \u00e9t\u00e9 construits dans une p\u00e9riode de temps restreinte, ils atteindront leur limite d\u2019\u00e2ge et commenceront \u00e0 fermer en masse au tournant des ann\u00e9es 2040. Il faut donc anticiper leur remplacement, argumente la SFEN, si l\u2019on veut continuer \u00e0 b\u00e9n\u00e9ficier du nucl\u00e9aire \u00e0 terme.<\/p>\n<p>\u00ab\u00a0La grande question, c\u2019est de savoir si on va vers une sortie compl\u00e8te du nucl\u00e9aire ou si on maintiendra une part de nucl\u00e9aire dans l\u2019approvisionnement \u00e9lectrique fran\u00e7ais \u00e0 l\u2019horizon 2050\u00a0\u00bb, souligne Patrick Criqui.<\/p>\n<p>\u2013 \u00ab\u00a0aucune fatalit\u00e9\u00a0\u00bb \u2013<\/p>\n<p>\u00ab\u00a0Il n\u2019y a aucune fatalit\u00e9, et heureusement d\u2019ailleurs, \u00e0 la poursuite du nucl\u00e9aire en France\u00a0\u00bb, juge pour sa part Yves Marignac, directeur du cabinet Wise-Paris, proche du mouvement anti-nucl\u00e9aire. \u00ab\u00a0Il y a l\u2019option qui consiste \u00e0 se projeter dans un syst\u00e8me 100% renouvelable et \u00e0 faire appel \u00e0 des solutions innovantes\u00a0\u00bb, d\u00e9veloppe-t-il pour l\u2019AFP.<\/p>\n<p>Pour l\u2019instant, la France veut seulement r\u00e9duire sa d\u00e9pendance au nucl\u00e9aire, qui doit repr\u00e9senter 50% de son \u00e9lectricit\u00e9 \u00e0 l\u2019horizon 2035, contre 71,7% l\u2019an dernier.<\/p>\n<p>Il s\u2019agit \u00ab\u00a0d\u2019un r\u00e9\u00e9quilibrage dans lequel le nucl\u00e9aire a sa place\u00a0\u00bb, r\u00e9sume le ministre de la Transition \u00e9cologique et solidaire, Fran\u00e7ois de Rugy, pourtant ancien partisan de la sortie de l\u2019atome.<\/p>\n<p>Pour la suite, et d\u2019\u00e9ventuels nouveaux EPR, il souhaite \u00ab\u00a0qu\u2019un choix politique puisse \u00eatre fait de la fa\u00e7on la plus transparente et d\u00e9mocratique qui soit, \u00e0 l\u2019occasion des \u00e9lections de 2022\u00a0\u00bb.<\/p>\n<p>Si cette question devient bien un th\u00e8me de la campagne \u00e9lectorale, \u00ab\u00a0\u00e7a va \u00eatre chaud\u00a0\u00bb, pr\u00e9dit Patrick Criqui. Avec d\u00e9j\u00e0 une question, d\u2019ordre politique: \u00ab\u00a0Quels vont \u00eatre dans les mois qui viennent le rapport de force et les conditions d\u2019une discussion ou n\u00e9gociation entre le parti du pr\u00e9sident (Macron) et les \u00e9cologistes ?\u00a0\u00bb<\/p>\n<\/div>\n<p>Auteur: AFP<br \/>\n<a href=\"https:\/\/www.journalducameroun.com\/nucleaire-stop-ou-encore-la-france-bientot-a-lheure-des-choix\/\">Cliquez ici pour lire l&rsquo;article depuis sa source.<\/a><\/p>\n","protected":false},"excerpt":{"rendered":"<p>Publi\u00e9 le 20.06.2019 \u00e0 22h50 par AFP Faut-il construire de nouveaux EPR ? Dans un contexte de retards et surco\u00fbts sur le chantier embl\u00e9matique de Flamanville, la France veut avoir les cartes en main d\u2019ici deux ans pour d\u00e9cider la construction \u00e9ventuelle de nouveaux r\u00e9acteurs nucl\u00e9aires, une d\u00e9cision qui s\u2019annonce complexe et controvers\u00e9e car elle [&hellip;]<\/p>\n","protected":false},"author":1965,"featured_media":0,"comment_status":"closed","ping_status":"closed","sticky":false,"template":"","format":"standard","meta":{"fifu_image_url":"","fifu_image_alt":"","footnotes":""},"categories":[73,82],"tags":[],"class_list":["post-41803","post","type-post","status-publish","format-standard","hentry","category-actualite","category-cameroun"],"_links":{"self":[{"href":"https:\/\/linitiative.ca\/International\/wp-json\/wp\/v2\/posts\/41803","targetHints":{"allow":["GET"]}}],"collection":[{"href":"https:\/\/linitiative.ca\/International\/wp-json\/wp\/v2\/posts"}],"about":[{"href":"https:\/\/linitiative.ca\/International\/wp-json\/wp\/v2\/types\/post"}],"author":[{"embeddable":true,"href":"https:\/\/linitiative.ca\/International\/wp-json\/wp\/v2\/users\/1965"}],"replies":[{"embeddable":true,"href":"https:\/\/linitiative.ca\/International\/wp-json\/wp\/v2\/comments?post=41803"}],"version-history":[{"count":0,"href":"https:\/\/linitiative.ca\/International\/wp-json\/wp\/v2\/posts\/41803\/revisions"}],"wp:attachment":[{"href":"https:\/\/linitiative.ca\/International\/wp-json\/wp\/v2\/media?parent=41803"}],"wp:term":[{"taxonomy":"category","embeddable":true,"href":"https:\/\/linitiative.ca\/International\/wp-json\/wp\/v2\/categories?post=41803"},{"taxonomy":"post_tag","embeddable":true,"href":"https:\/\/linitiative.ca\/International\/wp-json\/wp\/v2\/tags?post=41803"}],"curies":[{"name":"wp","href":"https:\/\/api.w.org\/{rel}","templated":true}]}}