{"id":41823,"date":"2019-06-20T02:10:02","date_gmt":"2019-06-20T06:10:02","guid":{"rendered":"https:\/\/linitiative.ca\/International\/climat-social-retour-au-calme-a-la-bicec\/"},"modified":"2019-06-20T02:10:02","modified_gmt":"2019-06-20T06:10:02","slug":"climat-social-retour-au-calme-a-la-bicec","status":"publish","type":"post","link":"https:\/\/linitiative.ca\/International\/climat-social-retour-au-calme-a-la-bicec\/","title":{"rendered":"Climat social : retour au calme \u00e0 la Bicec"},"content":{"rendered":"<p>C\u2019est d\u00e9sormais l\u2019accalmie \u00e0 la <strong>Bicec<\/strong>. La Banque International du Cameroun pour l\u2019Epargne et le Cr\u00e9dit a repris ses services depuis le 13 juin 2019 apr\u00e8s un mouvement de gr\u00e8ve de son personnel. Mouvement observ\u00e9 d\u00e8s le 10 juin 2019 dans toutes les agences du Cameroun. Le Collectif syndical des employ\u00e9s de cette banque \u00e9tait en effet en col\u00e8re contre son top management. Motifs, \u00ab<em>non-respect par le directeur g\u00e9n\u00e9ral des engagements relatifs au paiement d\u2019une prime de cession au personnel, la r\u00e9ouverture des lignes de cr\u00e9dits au b\u00e9n\u00e9fice des employ\u00e9s, la revalorisation des salaires, la r\u00e9vision\u00a0 des horaires de travail, et la pr\u00e9servation des emplois<\/em>\u00bb, essentiellement.<\/p>\n<hr\/>\n<h4><strong>>> Lire aussi \u2013 <a title=\"Bicec : une gr\u00e8ve sur tout le r\u00e9seau national paralyse les activit\u00e9s de la banque\" href=\"https:\/\/ecomatin.net\/bicec-le-personnel-en-greve\/\" target=\"_blank\" rel=\"noopener noreferrer\">Bicec : une gr\u00e8ve sur tout le r\u00e9seau national paralyse les activit\u00e9s de la banque<\/a><br \/><\/strong><\/h4>\n<hr\/>\n<p>C\u2019est le processus en cours de la cession de <strong>65, 8%<\/strong> de parts d\u2019actions de la Bicec \u00e0 la <strong>Banque cr\u00e9dit populaire<\/strong> (<strong>BCP<\/strong>), filiale du Groupe <strong>Banque populaire cr\u00e9dit \u00e9pargne<\/strong> (Bpce) qui est \u00e0 l\u2019origine du courroux des employ\u00e9s. Les r\u00e9unions de conciliation entre les protestataires et la direction g\u00e9n\u00e9rale Bicec, autour de <strong>Gr\u00e9goire Owona<\/strong>, le ministre du Travail et de la S\u00e9curit\u00e9 sociale, ont malheureusement d\u00e9bouch\u00e9 sur un \u00e9chec. Le principal point d\u2019achoppement portait sur le d\u00e9caissement au profit de chaque employ\u00e9 de l\u2019\u00e9quivalent de 3 mois de salaire brut.<\/p>\n<p>Le d\u00e9brayage du personnel pr\u00e9voyait une cessation d\u2019activit\u00e9s\u00a0 en deux phases dans l\u2019ensemble du r\u00e9seau Bicec: la premi\u00e8re phase s\u2019\u00e9tendait, entre 8h30 et 13h30, du lundi 10 juin au mercredi 12 juin 2019. Puis, du 24 au 26 juin, pour la deuxi\u00e8me phase. Apr\u00e8s trois jours d\u2019observation d\u2019un mot d\u2019ordre massivement suivi, les gr\u00e9vistes ont finalement\u00a0 fum\u00e9 le calumet de la paix avec leur Direction g\u00e9n\u00e9rale. <strong>Jean Baptiste Bokam<\/strong>, le pr\u00e9sident du conseil d\u2019administration de la Bicec a personnellement pr\u00e9sid\u00e9 une r\u00e9union de crise, avec pour objectif d\u2019obtenir une suspension du mouvement de gr\u00e8ve des employ\u00e9s de la banque.<\/p>\n<blockquote readability=\"9\">\n<p>Il en ressort une promesse de paiement d\u2019une prime de cession \u00e9quivalente \u00e0 deux mois de salaire au personnel. Ladite prime sera vers\u00e9e, conform\u00e9ment aux conclusions de la concertation, en 6 mois. Il a \u00e9galement \u00e9t\u00e9 convenu d\u2019une ren\u00e9gociation de la prime de cession en discussion<\/p>\n<\/blockquote>\n<p>Il en ressort une promesse de paiement d\u2019une prime de cession \u00e9quivalente \u00e0 deux mois de salaire au personnel. Ladite prime sera vers\u00e9e, conform\u00e9ment aux conclusions de la concertation, en 6 mois. Il a \u00e9galement \u00e9t\u00e9 convenu d\u2019une ren\u00e9gociation de la prime de cession en discussion.<\/p>\n<hr\/>\n<h4><strong>>> Lire aussi \u2013 <a title=\"Bicec : enqu\u00eate autour d\u2019un d\u00e9tournement de 300 millions de Fcfa\" href=\"https:\/\/ecomatin.net\/bicec-enquete-autour-dun-detournement-de-300-millions-de-fcfa\/\" target=\"_blank\" rel=\"noopener noreferrer\">Bicec : enqu\u00eate autour d\u2019un d\u00e9tournement de 300 millions de Fcfa<\/a><br \/><\/strong><\/h4>\n<hr\/>\n<p>Apr\u00e8s une s\u00e9ance de travail tendue, des solutions de sortie de crise ont finalement d\u00e9bouch\u00e9 sur une lev\u00e9e du mot d\u2019ordre. Il en ressort une promesse de paiement d\u2019une prime de cession \u00e9quivalente \u00e0 deux mois de salaire au personnel. Ladite prime sera vers\u00e9e, conform\u00e9ment aux conclusions de la concertation, en 6 mois. Il a \u00e9galement \u00e9t\u00e9 convenu d\u2019une ren\u00e9gociation de la prime de cession en discussion. Les points portant sur la r\u00e9ouverture des lignes de cr\u00e9dits au b\u00e9n\u00e9fice du personnel, la revalorisation des salaires, la r\u00e9vision\u00a0 des horaires de travail, la pr\u00e9servation des emplois, doivent \u00eatre \u00e9galement prochainement discut\u00e9s entre la direction g\u00e9n\u00e9rale de la Bicec et la section syndicale d\u2019entreprise de la banque.<\/p>\n<p>La Banque internationale du Cameroun pour l\u2019\u00e9pargne et le cr\u00e9dit dispose de pr\u00e8s de <strong>400.000 clients<\/strong> au Cameroun dispose de pr\u00e8s de <strong>400.000 clients<\/strong> au Cameroun, r\u00e9partis sur <strong>37 agences<\/strong>, avec plus de <strong>700 employ\u00e9s<\/strong>, son actionnariat se divise entre la Bpce (68\u20195%), l\u2019Etat du Cameroun (<strong>17,5%<\/strong>) et divers porteurs (<strong>7,5%<\/strong>).<\/p>\n<div class=\"about-author about-author-box container-wrapper\">\n<div class=\"author-avatar\">\n<p><img decoding=\"async\" src=\"http:\/\/\" alt=\"\"\/><\/p>\n<\/div>\n<p><h4>La R\u00e9daction EcoMatin<\/h4>\n<\/p>\n<\/div>\n<div class=\"awac-wrapper awac widget blog_subscription-2\">\n<h4 class=\"widget-title\">Abonnez-vous \u00e0 notre lettre d&rsquo;information<\/h4>\n<\/div>\n<p>Auteur: EcoMatin<br \/>\n<a href=\"https:\/\/ecomatin.net\/climat-social-retour-au-calme-a-la-bicec\/\">Cliquez ici pour lire l&rsquo;article depuis sa source.<\/a><\/p>\n","protected":false},"excerpt":{"rendered":"<p>C\u2019est d\u00e9sormais l\u2019accalmie \u00e0 la Bicec. La Banque International du Cameroun pour l\u2019Epargne et le Cr\u00e9dit a repris ses services depuis le 13 juin 2019 apr\u00e8s un mouvement de gr\u00e8ve de son personnel. Mouvement observ\u00e9 d\u00e8s le 10 juin 2019 dans toutes les agences du Cameroun. Le Collectif syndical des employ\u00e9s de cette banque \u00e9tait [&hellip;]<\/p>\n","protected":false},"author":1969,"featured_media":0,"comment_status":"closed","ping_status":"closed","sticky":false,"template":"","format":"standard","meta":{"fifu_image_url":"","fifu_image_alt":"","footnotes":""},"categories":[82,78],"tags":[],"class_list":["post-41823","post","type-post","status-publish","format-standard","hentry","category-cameroun","category-economie"],"_links":{"self":[{"href":"https:\/\/linitiative.ca\/International\/wp-json\/wp\/v2\/posts\/41823","targetHints":{"allow":["GET"]}}],"collection":[{"href":"https:\/\/linitiative.ca\/International\/wp-json\/wp\/v2\/posts"}],"about":[{"href":"https:\/\/linitiative.ca\/International\/wp-json\/wp\/v2\/types\/post"}],"author":[{"embeddable":true,"href":"https:\/\/linitiative.ca\/International\/wp-json\/wp\/v2\/users\/1969"}],"replies":[{"embeddable":true,"href":"https:\/\/linitiative.ca\/International\/wp-json\/wp\/v2\/comments?post=41823"}],"version-history":[{"count":0,"href":"https:\/\/linitiative.ca\/International\/wp-json\/wp\/v2\/posts\/41823\/revisions"}],"wp:attachment":[{"href":"https:\/\/linitiative.ca\/International\/wp-json\/wp\/v2\/media?parent=41823"}],"wp:term":[{"taxonomy":"category","embeddable":true,"href":"https:\/\/linitiative.ca\/International\/wp-json\/wp\/v2\/categories?post=41823"},{"taxonomy":"post_tag","embeddable":true,"href":"https:\/\/linitiative.ca\/International\/wp-json\/wp\/v2\/tags?post=41823"}],"curies":[{"name":"wp","href":"https:\/\/api.w.org\/{rel}","templated":true}]}}