{"id":41825,"date":"2019-06-20T06:32:04","date_gmt":"2019-06-20T10:32:04","guid":{"rendered":"https:\/\/linitiative.ca\/International\/mines-300-nouveaux-minerais-decouverts\/"},"modified":"2019-06-20T06:32:04","modified_gmt":"2019-06-20T10:32:04","slug":"mines-300-nouveaux-minerais-decouverts","status":"publish","type":"post","link":"https:\/\/linitiative.ca\/International\/mines-300-nouveaux-minerais-decouverts\/","title":{"rendered":"Mines : 300 nouveaux minerais d\u00e9couverts"},"content":{"rendered":"<p>Alors que se pr\u00e9pare la Conf\u00e9rence internationale sur les mines pr\u00e9vue en septembre 2019 \u00e0 Yaound\u00e9, le Cameroun vient d\u2019enregistrer un tournant d\u00e9cisif dans l\u2019exploitation de ses ressources. D\u2019apr\u00e8s une \u00e9tude men\u00e9e depuis 2014 avec l\u2019appui de la <strong>Banque mondiale<\/strong> \u00e0 hauteur <strong>34,8 milliards de FCFA<\/strong>, le sous-sol camerounais dispose d\u2019une importante vari\u00e9t\u00e9 de minerais. <strong>Fru Calistrus Gentry<\/strong>, le Secr\u00e9taire d\u2019Etat au <strong>minist\u00e8re des Mines, de l\u2019Industrie et du D\u00e9veloppement Technologique<\/strong> (Minmidt), a r\u00e9cemment lev\u00e9 un pan de voile sur l\u2019ampleur de la teneur en m\u00e9taux pr\u00e9cieux dont regorge le Cameroun dans le cadre du <strong>Programme de renforcement des capacit\u00e9s dans le secteur minier<\/strong> (Precasem) : \u00ab<em>d\u2019importants gisements de minerais ont r\u00e9cemment \u00e9t\u00e9 d\u00e9couverts sur notre territoire. Il n\u2019y a plus aucun doute sur l\u2019existence de nouveaux m\u00e9taux dans notre sous-sol.<\/em>\u00bb<\/p>\n<hr\/>\n<h4><strong>>> Lire aussi \u2013 <a title=\"Mines: le potentiel de la bauxite de Minim Martap r\u00e9\u00e9valu\u00e9\" href=\"https:\/\/ecomatin.net\/mines-le-potentiel-de-la-bauxite-de-minim-martap-reevalue\/\" target=\"_blank\" rel=\"noopener noreferrer\">Mines: le potentiel de la bauxite de Minim Martap r\u00e9\u00e9valu\u00e9<\/a><br \/><\/strong><\/h4>\n<hr\/>\n<p>L\u2019\u00e9tude a ainsi r\u00e9v\u00e9l\u00e9 l\u2019existence dans notre sous-sol de 300 nouveaux minerais rares. Ils proviennent, selon cette \u00e9tude 5 des 10 R\u00e9gions du Cameroun: Adamaoua, Centre, Est, Nord et Ouest. Il s\u2019agit notamment du cuivre, de l\u2019or, de l\u2019uranium, le zinc, le nickel, le rutile, le mangan\u00e8se ainsi que des m\u00e9taux de base, les terres rares notamment: \u00ab <em>Il est tr\u00e8s probable que d\u2019ici septembre, avant la conf\u00e9rence internationale, qu\u2019on ait d\u2019autres r\u00e9sultats qui peuvent augmenter ces chiffres \u00e0 plus de 500<\/em>\u00bb, pr\u00e9voit Fru Calistrus Gentry. L\u2019\u00e9tude dont les premiers r\u00e9sultats ont \u00e9t\u00e9 pr\u00e9sent\u00e9s le 11 juin 2019 indique que les donn\u00e9es publi\u00e9es sont parcellaires. Leur \u00e9ventuelle poursuite pourrait ainsi d\u00e9voiler d\u2019autres surprises. Pla\u00e7ant ainsi le Cameroun parmi les pays africains poss\u00e9dant un sous-sol immens\u00e9ment riche, \u00e0 l\u2019instar de la R\u00e9publique D\u00e9mocratique du Congo ou du Botswana.<\/p>\n<hr\/>\n<h4><strong>>> Lire aussi \u2013 <a title=\"Mine: le fer de Mbalam-Nabeba est-il maudit\" href=\"https:\/\/ecomatin.net\/mine-le-fer-de-mbalam-nabeba-est-il-maudit\/\" target=\"_blank\" rel=\"noopener noreferrer\">Mine: le fer de Mbalam-Nabeba est-il maudit<\/a><br \/><\/strong><\/h4>\n<hr\/>\n<p>Le minist\u00e8re des Mines, de l\u2019Industrie et du D\u00e9veloppement Technologique se dit ouvert aux propositions des plus grosses structures mini\u00e8res du monde sp\u00e9cialis\u00e9es dans la recherche, le forage et l\u2019exploration du sous-sol. Les bases de cette future coop\u00e9ration seront expos\u00e9es au cours de la <strong>Conf\u00e9rence internationale d\u2019investissement des mines<\/strong> \u00e0 destination du Cameroun programm\u00e9e du 2 au 4 septembre 2019. \u00ab<em>L\u2019objet, c\u2019est de faire appel \u00e0 de tr\u00e8s grandes soci\u00e9t\u00e9s mini\u00e8res dans le monde pour venir exploiter les donn\u00e9es qu\u2019on vient d\u2019avoir pour que le Cameroun devienne un chantier minier<\/em>\u00bb, conclu le Secr\u00e9taire d\u2019Etat au Mindmidt. Cette nouvelle intervient au moment o\u00f9 le Cameroun, pays producteur de p\u00e9trole subit de plein fouet la chute du prix et des stocks de ce produit de rente. Le Cameroun se situe aujourd\u2019hui seulement \u00e0 un taux d\u2019exploitation en de\u00e7\u00e0 de <strong>40%<\/strong> de ses potentialit\u00e9s en ressources mini\u00e8res.<\/p>\n<div class=\"about-author about-author-box container-wrapper\">\n<div class=\"author-avatar\">\n<p><img decoding=\"async\" src=\"http:\/\/\" alt=\"\"\/><\/p>\n<\/div>\n<p><h4>La R\u00e9daction EcoMatin<\/h4>\n<\/p>\n<\/div>\n<div class=\"awac-wrapper awac widget blog_subscription-2\">\n<h4 class=\"widget-title\">Abonnez-vous \u00e0 notre lettre d&rsquo;information<\/h4>\n<\/div>\n<p>Auteur: EcoMatin<br \/>\n<a href=\"https:\/\/ecomatin.net\/mines-300-nouveaux-minerais-decouverts\/\">Cliquez ici pour lire l&rsquo;article depuis sa source.<\/a><\/p>\n","protected":false},"excerpt":{"rendered":"<p>Alors que se pr\u00e9pare la Conf\u00e9rence internationale sur les mines pr\u00e9vue en septembre 2019 \u00e0 Yaound\u00e9, le Cameroun vient d\u2019enregistrer un tournant d\u00e9cisif dans l\u2019exploitation de ses ressources. D\u2019apr\u00e8s une \u00e9tude men\u00e9e depuis 2014 avec l\u2019appui de la Banque mondiale \u00e0 hauteur 34,8 milliards de FCFA, le sous-sol camerounais dispose d\u2019une importante vari\u00e9t\u00e9 de minerais. [&hellip;]<\/p>\n","protected":false},"author":1969,"featured_media":0,"comment_status":"closed","ping_status":"closed","sticky":false,"template":"","format":"standard","meta":{"fifu_image_url":"","fifu_image_alt":"","footnotes":""},"categories":[82,78],"tags":[],"class_list":["post-41825","post","type-post","status-publish","format-standard","hentry","category-cameroun","category-economie"],"_links":{"self":[{"href":"https:\/\/linitiative.ca\/International\/wp-json\/wp\/v2\/posts\/41825","targetHints":{"allow":["GET"]}}],"collection":[{"href":"https:\/\/linitiative.ca\/International\/wp-json\/wp\/v2\/posts"}],"about":[{"href":"https:\/\/linitiative.ca\/International\/wp-json\/wp\/v2\/types\/post"}],"author":[{"embeddable":true,"href":"https:\/\/linitiative.ca\/International\/wp-json\/wp\/v2\/users\/1969"}],"replies":[{"embeddable":true,"href":"https:\/\/linitiative.ca\/International\/wp-json\/wp\/v2\/comments?post=41825"}],"version-history":[{"count":0,"href":"https:\/\/linitiative.ca\/International\/wp-json\/wp\/v2\/posts\/41825\/revisions"}],"wp:attachment":[{"href":"https:\/\/linitiative.ca\/International\/wp-json\/wp\/v2\/media?parent=41825"}],"wp:term":[{"taxonomy":"category","embeddable":true,"href":"https:\/\/linitiative.ca\/International\/wp-json\/wp\/v2\/categories?post=41825"},{"taxonomy":"post_tag","embeddable":true,"href":"https:\/\/linitiative.ca\/International\/wp-json\/wp\/v2\/tags?post=41825"}],"curies":[{"name":"wp","href":"https:\/\/api.w.org\/{rel}","templated":true}]}}