{"id":41827,"date":"2019-06-20T08:04:52","date_gmt":"2019-06-20T12:04:52","guid":{"rendered":"https:\/\/linitiative.ca\/International\/exploitation-miniere-le-sous-sol-camerounais-compte-plus-de-4-varietes-de-pierres-de-couleurs\/"},"modified":"2019-06-20T08:04:52","modified_gmt":"2019-06-20T12:04:52","slug":"exploitation-miniere-le-sous-sol-camerounais-compte-plus-de-4-varietes-de-pierres-de-couleurs","status":"publish","type":"post","link":"https:\/\/linitiative.ca\/International\/exploitation-miniere-le-sous-sol-camerounais-compte-plus-de-4-varietes-de-pierres-de-couleurs\/","title":{"rendered":"Exploitation mini\u00e8re : le sous-sol camerounais compte plus de 4 vari\u00e9t\u00e9s de pierres  de couleurs"},"content":{"rendered":"<p>Le <strong>saphir<\/strong>, le <strong>grena<\/strong>, l\u2019<strong>am\u00e9thyste<\/strong>, et la <strong>gromalyne<\/strong>, sont les quatre principaux types de pierres \u00e9num\u00e9r\u00e9s vendredi dernier par la coop\u00e9rative <strong>Nath Mining<\/strong> lors de la soir\u00e9e de pr\u00e9sentation du potentiel des pierres de couleurs du sous-sol camerounais. Les pierres de couleurs font partie des min\u00e9raux de d\u00e9veloppement qui sont des g\u00e9n\u00e9rateurs de revenus. Mais au Cameroun, ce secteur pourtant florissant est assez mal connu et souffre de clandestinit\u00e9 d\u2019o\u00f9 l\u2019objectif majeur du Nath Mining de le formaliser, l\u2019encadrer et le rentabiliser. Pionni\u00e8re dans ce domaine, Nath Minng r\u00e9unit toutes les ressources humaines pour professionnellement aborder ce sujet. \u00ab <em>Nath Mining est une pi\u00e8ce \u00e0 conviction que nous tenons et qui expose devant nous un \u00e9chantillon de pierres pr\u00e9cieuses de notre sous-sol qui ne sont pas les plus prestigieuses. Notre r\u00f4le est donc de les valoriser en les transformant localement, et pour ce faire nous avons beaucoup plus besoin des investisseurs et partenaires locaux<\/em>\u00bb, laisse entendre M. <strong>Fo\u2019o Makemtsa<\/strong>, pr\u00e9sident fondateur Nath mining.<\/p>\n<hr\/>\n<h4><strong>>> Lire aussi \u2013 <a title=\"Mines: le potentiel de la bauxite de Minim Martap r\u00e9\u00e9valu\u00e9\" href=\"https:\/\/ecomatin.net\/mines-le-potentiel-de-la-bauxite-de-minim-martap-reevalue\/\" target=\"_blank\" rel=\"noopener noreferrer\">Mines: le potentiel de la bauxite de Minim Martap r\u00e9\u00e9valu\u00e9<\/a><br \/><\/strong><\/h4>\n<hr\/>\n<p>Nath Mining compte quatre ans d\u2019exp\u00e9rience avec plus de <strong>100 000 000 millions de FCFA<\/strong> investis. Cette coop\u00e9rative est sp\u00e9cialis\u00e9e dans le processus minier en partenariat avec les artisans locaux pour garantir les qualit\u00e9s, la taille des pierres et leur commercialisation. D\u2019apr\u00e8s Laure Wandja, associ\u00e9 Nath Mining. \u00ab<em>Les premi\u00e8res ann\u00e9es ont \u00e9t\u00e9 des ann\u00e9es d\u2019analyse du cadre, des lieux, nouer des contacts avec des partenaires, rencontrer des investisseurs potentiels dans les salons internationaux, acheter des pierres, les exporter et faire connaitre le sous-sol, ce qui nous a fait rencontrer des partenaires en Allemagne, Inde, Belgique, USA et Dubai<\/em> \u00bb.<br \/>Nath Mining est accompagn\u00e9e par le minist\u00e8re des mines, de l\u2019industrie et du d\u00e9veloppement technologique (Minmidt) qui lui a d\u00e9livr\u00e9 son ordonnance d\u2019exploitation, et qui lui pr\u00eate main-forte \u00e0 travers sa contribution \u00e0 cette premi\u00e8re session de pr\u00e9sentation qui permettra d\u2019esquisser les nouvelles technologies en vue de partager des pratiques exemplaires et de travailler pour l\u2019am\u00e9lioration de la gestion des pierres de couleurs et pour le d\u00e9ploiement de toute son expertise en vue d\u2019assurer la r\u00e9ussite parfaite de ce projet. Une fois les pierres transform\u00e9es localement, leur valeur sera multipli\u00e9e par mille ce qui am\u00e9liorera les conditions de vie des artisans miniers. Aussi, encadrer le secteur et pr\u00e9lever les taxes qui vont augmenter le Pib.<\/p>\n<hr\/>\n<h4><strong>>> Lire aussi \u2013 <a title=\"Mine: le fer de Mbalam-Nabeba est-il maudit\" href=\"https:\/\/ecomatin.net\/mine-le-fer-de-mbalam-nabeba-est-il-maudit\/\" target=\"_blank\" rel=\"noopener noreferrer\">Mine: le fer de Mbalam-Nabeba est-il maudit<\/a><br \/><\/strong><\/h4>\n<hr\/>\n<p>En pr\u00e9vision, Nath Mining pr\u00e9voit d\u2019installer une taillerie sur Yaound\u00e9, exploiter l\u2019or avec ses partenaires agr\u00e9\u00e9s, organiser le premier salon de pierres de couleurs au Cameroun et ouvrir un centre de formation au m\u00e9tier de tailleur de pierres (lapidaires).<\/p>\n<div class=\"about-author about-author-box container-wrapper\">\n<div class=\"author-avatar\">\n<p><img decoding=\"async\" src=\"http:\/\/\" alt=\"\"\/><\/p>\n<\/div>\n<p><h4>La R\u00e9daction EcoMatin<\/h4>\n<\/p>\n<\/div>\n<div class=\"awac-wrapper awac widget blog_subscription-2\">\n<h4 class=\"widget-title\">Abonnez-vous \u00e0 notre lettre d&rsquo;information<\/h4>\n<\/div>\n<p>Auteur: EcoMatin<br \/>\n<a href=\"https:\/\/ecomatin.net\/exploitation-miniere-le-sous-sol-camerounais-compte-plus-de-4-varietes-de-pierres-de-couleurs\/\">Cliquez ici pour lire l&rsquo;article depuis sa source.<\/a><\/p>\n","protected":false},"excerpt":{"rendered":"<p>Le saphir, le grena, l\u2019am\u00e9thyste, et la gromalyne, sont les quatre principaux types de pierres \u00e9num\u00e9r\u00e9s vendredi dernier par la coop\u00e9rative Nath Mining lors de la soir\u00e9e de pr\u00e9sentation du potentiel des pierres de couleurs du sous-sol camerounais. Les pierres de couleurs font partie des min\u00e9raux de d\u00e9veloppement qui sont des g\u00e9n\u00e9rateurs de revenus. Mais [&hellip;]<\/p>\n","protected":false},"author":1969,"featured_media":0,"comment_status":"closed","ping_status":"closed","sticky":false,"template":"","format":"standard","meta":{"fifu_image_url":"","fifu_image_alt":"","footnotes":""},"categories":[82,78],"tags":[],"class_list":["post-41827","post","type-post","status-publish","format-standard","hentry","category-cameroun","category-economie"],"_links":{"self":[{"href":"https:\/\/linitiative.ca\/International\/wp-json\/wp\/v2\/posts\/41827","targetHints":{"allow":["GET"]}}],"collection":[{"href":"https:\/\/linitiative.ca\/International\/wp-json\/wp\/v2\/posts"}],"about":[{"href":"https:\/\/linitiative.ca\/International\/wp-json\/wp\/v2\/types\/post"}],"author":[{"embeddable":true,"href":"https:\/\/linitiative.ca\/International\/wp-json\/wp\/v2\/users\/1969"}],"replies":[{"embeddable":true,"href":"https:\/\/linitiative.ca\/International\/wp-json\/wp\/v2\/comments?post=41827"}],"version-history":[{"count":0,"href":"https:\/\/linitiative.ca\/International\/wp-json\/wp\/v2\/posts\/41827\/revisions"}],"wp:attachment":[{"href":"https:\/\/linitiative.ca\/International\/wp-json\/wp\/v2\/media?parent=41827"}],"wp:term":[{"taxonomy":"category","embeddable":true,"href":"https:\/\/linitiative.ca\/International\/wp-json\/wp\/v2\/categories?post=41827"},{"taxonomy":"post_tag","embeddable":true,"href":"https:\/\/linitiative.ca\/International\/wp-json\/wp\/v2\/tags?post=41827"}],"curies":[{"name":"wp","href":"https:\/\/api.w.org\/{rel}","templated":true}]}}