{"id":41828,"date":"2019-06-20T10:35:59","date_gmt":"2019-06-20T14:35:59","guid":{"rendered":"https:\/\/linitiative.ca\/International\/la-chine-prospecte-pour-la-reconstruction-de-la-sonara\/"},"modified":"2019-06-20T10:35:59","modified_gmt":"2019-06-20T14:35:59","slug":"la-chine-prospecte-pour-la-reconstruction-de-la-sonara","status":"publish","type":"post","link":"https:\/\/linitiative.ca\/International\/la-chine-prospecte-pour-la-reconstruction-de-la-sonara\/","title":{"rendered":"La Chine prospecte pour la reconstruction de la Sonara"},"content":{"rendered":"<div class=\"featured-area featured-area-inner\"><img loading=\"lazy\" decoding=\"async\" width=\"696\" height=\"393\" src=\"https:\/\/i0.wp.com\/ecomatin.net\/wp-content\/uploads\/2019\/06\/ecomatin.net-raffinerie-la-chine-prospecte-pour-la-reconstruction-de-la-sonara-sonara-incendie.jpg?resize=696%2C393&#038;ssl=1&#038;is-pending-load=1\" class=\"attachment-jannah-image-post size-jannah-image-post wp-post-image jetpack-lazy-image\" alt=\"\" data-attachment-id=\"9168\" data-permalink=\"https:\/\/ecomatin.net\/la-chine-prospecte-pour-la-reconstruction-de-la-sonara\/sonara-incendie\/\" data-orig-file=\"https:\/\/i0.wp.com\/ecomatin.net\/wp-content\/uploads\/2019\/06\/ecomatin.net-raffinerie-la-chine-prospecte-pour-la-reconstruction-de-la-sonara-sonara-incendie.jpg?fit=696%2C393&#038;ssl=1\" data-orig-size=\"696,393\" data-comments-opened=\"0\" data-image-meta=\"{\"aperture\":\"0\",\"credit\":\"\",\"camera\":\"\",\"caption\":\"\",\"created_timestamp\":\"0\",\"copyright\":\"\",\"focal_length\":\"0\",\"iso\":\"0\",\"shutter_speed\":\"0\",\"title\":\"\",\"orientation\":\"0\"}\" data-image-title=\"Sonara incendie\" data-image-description=\"\" data-medium-file=\"https:\/\/i0.wp.com\/ecomatin.net\/wp-content\/uploads\/2019\/06\/ecomatin.net-raffinerie-la-chine-prospecte-pour-la-reconstruction-de-la-sonara-sonara-incendie.jpg?fit=300%2C169&#038;ssl=1\" data-large-file=\"https:\/\/i0.wp.com\/ecomatin.net\/wp-content\/uploads\/2019\/06\/ecomatin.net-raffinerie-la-chine-prospecte-pour-la-reconstruction-de-la-sonara-sonara-incendie.jpg?fit=696%2C393&#038;ssl=1\" data-lazy-srcset=\"https:\/\/i0.wp.com\/ecomatin.net\/wp-content\/uploads\/2019\/06\/ecomatin.net-raffinerie-la-chine-prospecte-pour-la-reconstruction-de-la-sonara-sonara-incendie.jpg?w=696&#038;ssl=1 696w, https:\/\/i0.wp.com\/ecomatin.net\/wp-content\/uploads\/2019\/06\/ecomatin.net-raffinerie-la-chine-prospecte-pour-la-reconstruction-de-la-sonara-sonara-incendie.jpg?resize=300%2C169&#038;ssl=1 300w, https:\/\/i0.wp.com\/ecomatin.net\/wp-content\/uploads\/2019\/06\/ecomatin.net-raffinerie-la-chine-prospecte-pour-la-reconstruction-de-la-sonara-sonara-incendie.jpg?resize=390%2C220&#038;ssl=1 390w\" data-lazy-sizes=\"(max-width: 696px) 100vw, 696px\" srcset=\"data:image\/gif;base64,R0lGODlhAQABAIAAAAAAAP\/\/\/yH5BAEAAAAALAAAAAABAAEAAAIBRAA7\"\/><\/div>\n<div class=\"entry-content entry clearfix\" readability=\"66\">\n<p>Une d\u00e9l\u00e9gation d\u2019hommes d\u2019affaires de l\u2019Empire du milieu en s\u00e9jour au Cameroun du 13 au 22 juin fait les yeux doux au Cameroun pour la r\u00e9habilitation des quatre unit\u00e9s de la Soci\u00e9t\u00e9 nationale de raffinage, ras\u00e9es par les flammes le 31 mai 2019. En s\u00e9ance de travail avec les membres de la\u00a0<strong>Chambre d\u2019agriculture, des p\u00eaches, de l\u2019\u00e9levage, des p\u00eaches et des for\u00eats (Capef)<\/strong>, ce groupe d\u2019investisseurs conduit par\u00a0<strong>Liu Bingjun,<\/strong>\u00a0vice-pr\u00e9sident en charge de la\u00a0coop\u00e9ration internationale de <strong>Shandong China Investment Taihua Group<\/strong>, a abord\u00e9 la question de la reconstruction de la Sonara. Dans le secteur du\u00a0<strong>BTP,<\/strong>\u00a0les Chinois proposent des solutions pour la fabrication des mat\u00e9riaux de construction.\u00a0\u00a0Outre la rencontre avec les entrepreneurs \u00e0 la Capef,\u00a0\u00a0plusieurs audiences et rencontres avec les officiels camerounais sont pr\u00e9vues.<\/p>\n<p>Suite \u00e0 cet incendie, le gouvernement s\u2019\u00e9tait mobilis\u00e9\u00a0\u00a0pr\u00e9cisant que la Sonara va recruter dans les plus brefs d\u00e9lais un cabinet d\u2019expertise pour \u00e9tablir un diagnostic et proposer un sch\u00e9ma de r\u00e9habilitation. \u00ab <em>Nous pensons que les travaux devraient s\u2019\u00e9tendre sur une douzaine de mois<\/em> \u00bb, a indiqu\u00e9\u00a0<strong>Gaston Eloundou Essomba\u00a0<\/strong>lors d\u2019une conf\u00e9rence de presse, le 2 juin.<\/p>\n<p><strong>\u00a0<\/strong><strong>Une douzaine de mois de travaux<\/strong><\/p>\n<p>Mais l\u2019activit\u00e9 de la Sonara se poursuit, puisque l\u2019entreprise se livre \u00e9galement au trading et compte participer aux importations de carburant, dont les premiers navires ont accost\u00e9 ce 4 juin au quai de la <strong>Soci\u00e9t\u00e9 camerounaise des d\u00e9p\u00f4ts p\u00e9troliers<\/strong> (SCDP), \u00e0 Douala. Une activit\u00e9 qu\u2019elle conna\u00eet bien : l\u2019ann\u00e9e derni\u00e8re, l\u2019\u00c9tat lui a conc\u00e9d\u00e9 de gr\u00e9 \u00e0 gr\u00e9 tous les achats des hydrocarbures cons\u00e9cutivement \u00e0 l\u2019arr\u00eat technique de ses installations pendant huit mois, durant des travaux d\u2019extension et de modernisation de la raffinerie. La Sonara a r\u00e9alis\u00e9 un chiffre d\u2019affaires de <strong>1 090,6 millions de dollars<\/strong> en 2018. Elle couvre traditionnellement <strong>80 %<\/strong> des besoins du pays en produits p\u00e9troliers, le reste \u00e9tant combl\u00e9 par les traders qui r\u00e9pondent g\u00e9n\u00e9ralement \u00e0 des appels d\u2019offres.<\/p>\n<p class=\"yiv7621358847ydp4ed102eamsonormal c3\"><strong><span class=\"c2\">\u00a0<\/span><\/strong><\/p>\n<div class=\"about-author about-author-box container-wrapper\">\n<div class=\"author-avatar\">\n<p><img decoding=\"async\" src=\"http:\/\/\" alt=\"\"\/><\/p>\n<\/div>\n<p><h4>La R\u00e9daction EcoMatin<\/h4>\n<\/p>\n<\/div>\n<div class=\"awac-wrapper awac widget blog_subscription-2\">\n<h4 class=\"widget-title\">Abonnez-vous \u00e0 notre lettre d&rsquo;information<\/h4>\n<\/div>\n<\/div>\n<div class=\"toggle-post-content clearfix\"><a id=\"toggle-post-button\" class=\"button\" href=\"#\">Afficher plus <\/a><\/div>\n<p>Auteur: EcoMatin<br \/>\n<a href=\"https:\/\/ecomatin.net\/la-chine-prospecte-pour-la-reconstruction-de-la-sonara\/\">Cliquez ici pour lire l&rsquo;article depuis sa source.<\/a><\/p>\n","protected":false},"excerpt":{"rendered":"<p>Une d\u00e9l\u00e9gation d\u2019hommes d\u2019affaires de l\u2019Empire du milieu en s\u00e9jour au Cameroun du 13 au 22 juin fait les yeux doux au Cameroun pour la r\u00e9habilitation des quatre unit\u00e9s de la Soci\u00e9t\u00e9 nationale de raffinage, ras\u00e9es par les flammes le 31 mai 2019. En s\u00e9ance de travail avec les membres de la\u00a0Chambre d\u2019agriculture, des p\u00eaches, [&hellip;]<\/p>\n","protected":false},"author":1969,"featured_media":0,"comment_status":"closed","ping_status":"closed","sticky":false,"template":"","format":"standard","meta":{"fifu_image_url":"","fifu_image_alt":"","footnotes":""},"categories":[82,78],"tags":[],"class_list":["post-41828","post","type-post","status-publish","format-standard","hentry","category-cameroun","category-economie"],"_links":{"self":[{"href":"https:\/\/linitiative.ca\/International\/wp-json\/wp\/v2\/posts\/41828","targetHints":{"allow":["GET"]}}],"collection":[{"href":"https:\/\/linitiative.ca\/International\/wp-json\/wp\/v2\/posts"}],"about":[{"href":"https:\/\/linitiative.ca\/International\/wp-json\/wp\/v2\/types\/post"}],"author":[{"embeddable":true,"href":"https:\/\/linitiative.ca\/International\/wp-json\/wp\/v2\/users\/1969"}],"replies":[{"embeddable":true,"href":"https:\/\/linitiative.ca\/International\/wp-json\/wp\/v2\/comments?post=41828"}],"version-history":[{"count":0,"href":"https:\/\/linitiative.ca\/International\/wp-json\/wp\/v2\/posts\/41828\/revisions"}],"wp:attachment":[{"href":"https:\/\/linitiative.ca\/International\/wp-json\/wp\/v2\/media?parent=41828"}],"wp:term":[{"taxonomy":"category","embeddable":true,"href":"https:\/\/linitiative.ca\/International\/wp-json\/wp\/v2\/categories?post=41828"},{"taxonomy":"post_tag","embeddable":true,"href":"https:\/\/linitiative.ca\/International\/wp-json\/wp\/v2\/tags?post=41828"}],"curies":[{"name":"wp","href":"https:\/\/api.w.org\/{rel}","templated":true}]}}