{"id":41829,"date":"2019-06-20T12:40:40","date_gmt":"2019-06-20T16:40:40","guid":{"rendered":"https:\/\/linitiative.ca\/International\/le-choix-du-nouveau-concessionnaire-du-terminal-a-conteneurs-du-port-de-douala-reporte-au-2-juillet\/"},"modified":"2019-06-20T12:40:40","modified_gmt":"2019-06-20T16:40:40","slug":"le-choix-du-nouveau-concessionnaire-du-terminal-a-conteneurs-du-port-de-douala-reporte-au-2-juillet","status":"publish","type":"post","link":"https:\/\/linitiative.ca\/International\/le-choix-du-nouveau-concessionnaire-du-terminal-a-conteneurs-du-port-de-douala-reporte-au-2-juillet\/","title":{"rendered":"Le choix du nouveau concessionnaire du terminal \u00e0 conteneurs du Port de Douala report\u00e9 au 2 juillet"},"content":{"rendered":"<p>Le nom de l\u2019entreprise devant g\u00e9rer\u00a0\u00a0le terminal \u00e0 conteneurs du Port autonome de Douala n\u2019est toujours pas connu.\u00a0\u00a0Annonc\u00e9 pour mardi 18 juin 2019,\u00a0\u00a0ce sera finalement le 2 juillet prochain pr\u00e9cise le communiqu\u00e9 du PAD. \u00ab\u00a0<em>Le d\u00e9pouillement des offres des cinq entreprises pr\u00e9s\u00e9lectionn\u00e9es au terme de l\u2019appel international \u00e0 manifestation d\u2019int\u00e9r\u00eat lanc\u00e9 en janvier 2018, relatif \u00e0 l\u2019attribution de la concession des activit\u00e9s de r\u00e9novation, de modernisation, d\u2019exploitation et de maintenance du terminal \u00e0 conteneurs du port de Douala<\/em>\u00a0\u00bb lit-on. En effet, ce report a \u00e9t\u00e9 accord\u00e9 par la Direction g\u00e9n\u00e9rale du PAD, apr\u00e8s la demande exprim\u00e9e et motiv\u00e9e de la majorit\u00e9 des candidats pr\u00e9-qualifi\u00e9s qui avaient jusqu\u2019au 18 juin pour d\u00e9poser leurs dossiers.<\/p>\n<p>Le consortium\u00a0<strong>Bollor\u00e9-APM Terminal,<\/strong>\u00a0\u00a0exclu de la liste des entreprises pr\u00e9-qualifi\u00e9es semble satisfait de cette d\u00e9cision. Car, celui-ci, en intentant un proc\u00e8s au tribunal administratif de Douala, contre le Cameroun \u00e0 l\u2019effet d\u2019obtenir des explications sur sa non-s\u00e9lection dans le processus devant conduire \u00e0 la d\u00e9signation du nouveau concessionnaire de cette infrastructure portuaire souhaitait voir cette date du 18 juin report\u00e9e.\u00a0\u00a0Le consortium n\u2019excluait pas aussi la th\u00e8se de l\u2019annulation de la proc\u00e9dure.<\/p>\n<p>Apr\u00e8s une longue attente, qui aura dur\u00e9 un an,\u00a0<strong>Cyrus Ngo\u2019o,<\/strong>\u00a0le directeur g\u00e9n\u00e9ral du\u00a0<strong>Port<\/strong>\u00a0<strong>autonome de Douala (PAD),<\/strong>\u00a0l\u2019entreprise publique qui g\u00e8re la plateforme portuaire de la capitale \u00e9conomique camerounaise, a rendu publique, le 8 janvier 2019, la liste des entreprises pr\u00e9-qualifi\u00e9es, en vue de la concession du terminal \u00e0 conteneurs du port de Douala, op\u00e9r\u00e9 depuis 2005 par le consortium Bollor\u00e9-APM Terminals. Ainsi, apr\u00e8s l\u2019appel public international \u00e0 manifestation d\u2019int\u00e9r\u00eat, lanc\u00e9 le 12 janvier 2018, cinq entreprises sont short-list\u00e9es. Il s\u2019agit de\u00a0<strong>CMA Terminals<\/strong>, bas\u00e9 \u00e0 Marseille en France ; de la soci\u00e9t\u00e9 \u00e9miratie Duba\u00ef Port World ; de\u00a0<strong>Hutchison Port Investments Ltd<\/strong>, entreprise immatricul\u00e9e aux Iles Ca\u00efmans ; du saoudien\u00a0<strong>Red Sea Gateway Terminal<\/strong>\u00a0; et de\u00a0<strong>Terminal Investment Ltd<\/strong>, une soci\u00e9t\u00e9 bas\u00e9e \u00e0 Gen\u00e8ve, en Suisse.<\/p>\n<p>De fait, le consortium\u00a0<strong>Bollor\u00e9-APM Terminals<\/strong>, dont le contrat de concession du terminal \u00e0 conteneurs du port de Douala (\u00e0 travers la soci\u00e9t\u00e9 Douala International Terminal, DIT), arrive \u00e0 expiration en d\u00e9cembre 2019, est exclu de la suite de la comp\u00e9tition, bien qu\u2019ayant postul\u00e9 pour un renouvellement de son bail.<\/p>\n<div class=\"about-author about-author-box container-wrapper\">\n<div class=\"author-avatar\">\n<p><img decoding=\"async\" src=\"http:\/\/\" alt=\"\"\/><\/p>\n<\/div>\n<p><h4>La R\u00e9daction EcoMatin<\/h4>\n<\/p>\n<\/div>\n<div class=\"awac-wrapper awac widget blog_subscription-2\">\n<h4 class=\"widget-title\">Abonnez-vous \u00e0 notre lettre d&rsquo;information<\/h4>\n<\/div>\n<p>Auteur: EcoMatin<br \/>\n<a href=\"https:\/\/ecomatin.net\/le-choix-du-nouveau-concessionnaire-du-terminal-a-conteneurs-du-port-de-douala-reporte-au-2-juillet\/\">Cliquez ici pour lire l&rsquo;article depuis sa source.<\/a><\/p>\n","protected":false},"excerpt":{"rendered":"<p>Le nom de l\u2019entreprise devant g\u00e9rer\u00a0\u00a0le terminal \u00e0 conteneurs du Port autonome de Douala n\u2019est toujours pas connu.\u00a0\u00a0Annonc\u00e9 pour mardi 18 juin 2019,\u00a0\u00a0ce sera finalement le 2 juillet prochain pr\u00e9cise le communiqu\u00e9 du PAD. \u00ab\u00a0Le d\u00e9pouillement des offres des cinq entreprises pr\u00e9s\u00e9lectionn\u00e9es au terme de l\u2019appel international \u00e0 manifestation d\u2019int\u00e9r\u00eat lanc\u00e9 en janvier 2018, relatif [&hellip;]<\/p>\n","protected":false},"author":1969,"featured_media":0,"comment_status":"closed","ping_status":"closed","sticky":false,"template":"","format":"standard","meta":{"fifu_image_url":"","fifu_image_alt":"","footnotes":""},"categories":[82,78],"tags":[],"class_list":["post-41829","post","type-post","status-publish","format-standard","hentry","category-cameroun","category-economie"],"_links":{"self":[{"href":"https:\/\/linitiative.ca\/International\/wp-json\/wp\/v2\/posts\/41829","targetHints":{"allow":["GET"]}}],"collection":[{"href":"https:\/\/linitiative.ca\/International\/wp-json\/wp\/v2\/posts"}],"about":[{"href":"https:\/\/linitiative.ca\/International\/wp-json\/wp\/v2\/types\/post"}],"author":[{"embeddable":true,"href":"https:\/\/linitiative.ca\/International\/wp-json\/wp\/v2\/users\/1969"}],"replies":[{"embeddable":true,"href":"https:\/\/linitiative.ca\/International\/wp-json\/wp\/v2\/comments?post=41829"}],"version-history":[{"count":0,"href":"https:\/\/linitiative.ca\/International\/wp-json\/wp\/v2\/posts\/41829\/revisions"}],"wp:attachment":[{"href":"https:\/\/linitiative.ca\/International\/wp-json\/wp\/v2\/media?parent=41829"}],"wp:term":[{"taxonomy":"category","embeddable":true,"href":"https:\/\/linitiative.ca\/International\/wp-json\/wp\/v2\/categories?post=41829"},{"taxonomy":"post_tag","embeddable":true,"href":"https:\/\/linitiative.ca\/International\/wp-json\/wp\/v2\/tags?post=41829"}],"curies":[{"name":"wp","href":"https:\/\/api.w.org\/{rel}","templated":true}]}}