{"id":41830,"date":"2019-06-20T13:42:56","date_gmt":"2019-06-20T17:42:56","guid":{"rendered":"https:\/\/linitiative.ca\/International\/microfinance-la-regionale-augmente-son-capital-a-12-milliards-fcfa\/"},"modified":"2019-06-20T13:42:56","modified_gmt":"2019-06-20T17:42:56","slug":"microfinance-la-regionale-augmente-son-capital-a-12-milliards-fcfa","status":"publish","type":"post","link":"https:\/\/linitiative.ca\/International\/microfinance-la-regionale-augmente-son-capital-a-12-milliards-fcfa\/","title":{"rendered":"Microfinance : la R\u00e9gionale augmente son capital \u00e0 12 milliards FCFA"},"content":{"rendered":"<div class=\"featured-area featured-area-inner\"><img loading=\"lazy\" decoding=\"async\" width=\"500\" height=\"317\" src=\"https:\/\/i2.wp.com\/ecomatin.net\/wp-content\/uploads\/2019\/06\/ecomatin.net-microfinance-la-regionale-augmente-son-capital-a-12-milliards-fcfa-la-regionale-2019.jpg?resize=500%2C317&#038;ssl=1&#038;is-pending-load=1\" class=\"attachment-jannah-image-post size-jannah-image-post wp-post-image jetpack-lazy-image\" alt=\"\" data-attachment-id=\"9174\" data-permalink=\"https:\/\/ecomatin.net\/microfinance-la-regionale-augmente-son-capital-a-12-milliards-fcfa\/la-regionale-2019\/\" data-orig-file=\"https:\/\/i2.wp.com\/ecomatin.net\/wp-content\/uploads\/2019\/06\/ecomatin.net-microfinance-la-regionale-augmente-son-capital-a-12-milliards-fcfa-la-regionale-2019.jpg?fit=500%2C317&#038;ssl=1\" data-orig-size=\"500,317\" data-comments-opened=\"0\" data-image-meta=\"{\"aperture\":\"0\",\"credit\":\"\",\"camera\":\"\",\"caption\":\"\",\"created_timestamp\":\"0\",\"copyright\":\"\",\"focal_length\":\"0\",\"iso\":\"0\",\"shutter_speed\":\"0\",\"title\":\"\",\"orientation\":\"0\"}\" data-image-title=\"la r\u00e9gionale 2019\" data-image-description=\"\" data-medium-file=\"https:\/\/i2.wp.com\/ecomatin.net\/wp-content\/uploads\/2019\/06\/ecomatin.net-microfinance-la-regionale-augmente-son-capital-a-12-milliards-fcfa-la-regionale-2019.jpg?fit=300%2C190&#038;ssl=1\" data-large-file=\"https:\/\/i2.wp.com\/ecomatin.net\/wp-content\/uploads\/2019\/06\/ecomatin.net-microfinance-la-regionale-augmente-son-capital-a-12-milliards-fcfa-la-regionale-2019.jpg?fit=500%2C317&#038;ssl=1\" data-lazy-srcset=\"https:\/\/i2.wp.com\/ecomatin.net\/wp-content\/uploads\/2019\/06\/ecomatin.net-microfinance-la-regionale-augmente-son-capital-a-12-milliards-fcfa-la-regionale-2019.jpg?w=500&#038;ssl=1 500w, https:\/\/i2.wp.com\/ecomatin.net\/wp-content\/uploads\/2019\/06\/ecomatin.net-microfinance-la-regionale-augmente-son-capital-a-12-milliards-fcfa-la-regionale-2019.jpg?resize=300%2C190&#038;ssl=1 300w\" data-lazy-sizes=\"(max-width: 500px) 100vw, 500px\" srcset=\"data:image\/gif;base64,R0lGODlhAQABAIAAAAAAAP\/\/\/yH5BAEAAAAALAAAAAABAAEAAAIBRAA7\"\/><\/div>\n<div class=\"entry-content entry clearfix\" readability=\"65\">\n<p>La R\u00e9gionale d\u2019\u00e9pargne et de cr\u00e9dit a annonc\u00e9, dans un communiqu\u00e9 publi\u00e9 le 17 juin, qu\u2019elle a augment\u00e9 son capital social \u00e0 <strong>12 milliards de FCFA<\/strong>. Cette augmentation du capital, qui a \u00e9t\u00e9 autoris\u00e9 par l\u2019Assembl\u00e9e g\u00e9n\u00e9rale extraordinaire de la microfinance, s\u2019inscrit dans la politique de l\u2019entreprise, ambitionnant de renforcer ses capacit\u00e9s de financement des investissements et d\u2019accompagnement de ses clients.<\/p>\n<p>Cr\u00e9\u00e9e en f\u00e9vrier 1993, La R\u00e9gionale d\u00e9tient le plus grand r\u00e9seau d\u2019agences dans le secteur de la microfinance au Cameroun, avec ses\u00a0<strong>43 agences<\/strong>\u00a0r\u00e9parties dans les 10 r\u00e9gions du Cameroun. L\u2019objectif principal de l\u2019\u00e9tablissement est de collecter l\u2019\u00e9pargne et distribuer le cr\u00e9dit aux personnes g\u00e9n\u00e9ralement exclues du syst\u00e8me bancaire classique, ceci pour les aider \u00e0 am\u00e9liorer leurs conditions de vie. Au commencement, la R\u00e9gionale \u00e9tait une coop\u00e9rative. Aujourd\u2019hui, avec la nouvelle r\u00e9glementation de la\u00a0<strong>COBAC<\/strong> (<strong>Commission Bancaire de l\u2019Afrique Centrale<\/strong>), la R\u00e9gionale est devenue depuis le 01 janvier 2005 une soci\u00e9t\u00e9 anonyme.<\/p>\n<p>Avec plus de\u00a0<strong>70 000 clients,<\/strong>\u00a0la R\u00e9gionale d\u2019\u00e9pargne et de cr\u00e9dit est l\u00e0 de plus 26 ans d\u00e9j\u00e0 gr\u00e2ce \u00e0 ses clients. Depuis ces multiples ann\u00e9es, l\u2019entreprise dit avoir acquis de l\u2019exp\u00e9rience et de l\u2019assurance afin de toujours \u00eatre \u00e0 la t\u00eate de l\u2019innovation pour r\u00e9pondre favorablement aux besoins de sa client\u00e8le.<\/p>\n<p>Un partenariat sign\u00e9 avec la filiale du Groupe\u00a0<strong>Attijariwafa<\/strong>\u00a0<strong>Bank<\/strong>\u00a0cr\u00e9\u00e9e en 1991,\u00a0<strong>Wafacash<\/strong>\u00a0a acquis ces 25 derni\u00e8res ann\u00e9es une expertise dans les m\u00e9tiers du cash qui fait d\u2019elle le\u00a0<em>\u00ab\u00a0leader du march\u00e9 des transferts d\u2019argent internationaux\u00a0\u00bb<\/em>\u00a0avec au bout, des ann\u00e9es de r\u00e9alisations et d\u2019efforts continus pour accompagner au quotidien les clients dans leurs projets futurs.<\/p>\n<div class=\"about-author about-author-box container-wrapper\">\n<div class=\"author-avatar\">\n<p><img decoding=\"async\" src=\"http:\/\/\" alt=\"\"\/><\/p>\n<\/div>\n<p><h4>La R\u00e9daction EcoMatin<\/h4>\n<\/p>\n<\/div>\n<div class=\"awac-wrapper awac widget blog_subscription-2\">\n<h4 class=\"widget-title\">Abonnez-vous \u00e0 notre lettre d&rsquo;information<\/h4>\n<\/div>\n<\/div>\n<div class=\"toggle-post-content clearfix\"><a id=\"toggle-post-button\" class=\"button\" href=\"#\">Afficher plus <\/a><\/div>\n<p>Auteur: EcoMatin<br \/>\n<a href=\"https:\/\/ecomatin.net\/microfinance-la-regionale-augmente-son-capital-a-12-milliards-fcfa\/\">Cliquez ici pour lire l&rsquo;article depuis sa source.<\/a><\/p>\n","protected":false},"excerpt":{"rendered":"<p>La R\u00e9gionale d\u2019\u00e9pargne et de cr\u00e9dit a annonc\u00e9, dans un communiqu\u00e9 publi\u00e9 le 17 juin, qu\u2019elle a augment\u00e9 son capital social \u00e0 12 milliards de FCFA. Cette augmentation du capital, qui a \u00e9t\u00e9 autoris\u00e9 par l\u2019Assembl\u00e9e g\u00e9n\u00e9rale extraordinaire de la microfinance, s\u2019inscrit dans la politique de l\u2019entreprise, ambitionnant de renforcer ses capacit\u00e9s de financement des [&hellip;]<\/p>\n","protected":false},"author":1969,"featured_media":0,"comment_status":"closed","ping_status":"closed","sticky":false,"template":"","format":"standard","meta":{"fifu_image_url":"","fifu_image_alt":"","footnotes":""},"categories":[82,78],"tags":[],"class_list":["post-41830","post","type-post","status-publish","format-standard","hentry","category-cameroun","category-economie"],"_links":{"self":[{"href":"https:\/\/linitiative.ca\/International\/wp-json\/wp\/v2\/posts\/41830","targetHints":{"allow":["GET"]}}],"collection":[{"href":"https:\/\/linitiative.ca\/International\/wp-json\/wp\/v2\/posts"}],"about":[{"href":"https:\/\/linitiative.ca\/International\/wp-json\/wp\/v2\/types\/post"}],"author":[{"embeddable":true,"href":"https:\/\/linitiative.ca\/International\/wp-json\/wp\/v2\/users\/1969"}],"replies":[{"embeddable":true,"href":"https:\/\/linitiative.ca\/International\/wp-json\/wp\/v2\/comments?post=41830"}],"version-history":[{"count":0,"href":"https:\/\/linitiative.ca\/International\/wp-json\/wp\/v2\/posts\/41830\/revisions"}],"wp:attachment":[{"href":"https:\/\/linitiative.ca\/International\/wp-json\/wp\/v2\/media?parent=41830"}],"wp:term":[{"taxonomy":"category","embeddable":true,"href":"https:\/\/linitiative.ca\/International\/wp-json\/wp\/v2\/categories?post=41830"},{"taxonomy":"post_tag","embeddable":true,"href":"https:\/\/linitiative.ca\/International\/wp-json\/wp\/v2\/tags?post=41830"}],"curies":[{"name":"wp","href":"https:\/\/api.w.org\/{rel}","templated":true}]}}