{"id":41833,"date":"2019-06-21T07:06:58","date_gmt":"2019-06-21T11:06:58","guid":{"rendered":"https:\/\/linitiative.ca\/International\/miroir-collectif-au-musee-de-bam-une-exposition-qui-souvre-par-le-portrait-de-feu-sm-mohammed-v\/"},"modified":"2019-06-21T07:06:58","modified_gmt":"2019-06-21T11:06:58","slug":"miroir-collectif-au-musee-de-bam-une-exposition-qui-souvre-par-le-portrait-de-feu-sm-mohammed-v","status":"publish","type":"post","link":"https:\/\/linitiative.ca\/International\/miroir-collectif-au-musee-de-bam-une-exposition-qui-souvre-par-le-portrait-de-feu-sm-mohammed-v\/","title":{"rendered":"\u00abMiroir collectif\u00bb au mus\u00e9e de BAM : Une exposition qui s\u2019ouvre par le portrait  de Feu SM Mohammed V"},"content":{"rendered":"<p><img decoding=\"async\" class=\"post_layout_5_img\" src=\"http:\/\/aujourdhui.ma\/wp-content\/uploads\/2019\/06\/Laaraj-et-Jouahri-Miroir-collectif-au-muse%CC%81e-de-Bank-Al-MaghribBAM.jpg?x29840\" alt=\"\u00abMiroir collectif\u00bb au mus\u00e9e de BAM : Une exposition qui s\u2019ouvre par le portrait de Feu SM Mohammed V\"\/><\/p>\n<p class=\"p1\"><span class=\"s1\"><span class=\"c4\"><strong>A l\u2019entr\u00e9e, mercredi soir \u00e0 Rabat, du mus\u00e9e de Bank Al-Maghrib (BAM) o\u00f9 se tient l\u2019exposition \u00abMiroir collectif\u00bb jusqu\u2019au 1er septembre, le portrait de Feu SM Mohammed V ne passe pas inaper\u00e7u.<\/strong><\/span><\/span> <span id=\"more-313421\"\/><\/p>\n<p class=\"p1\"><span class=\"s1\">C\u2019est plut\u00f4t la technique de dessin carbone sur papier con\u00e7ue par l\u2019artiste Abdelaziz Zerrou qui en fait la particularit\u00e9. A propos de cette \u0153uvre, le commissaire, Abderrahmane Benhamza, indique : <em>\u00abC\u2019est une ouverture assez \u00e9loquente de la collection. Nous avons fait appel \u00e0 cette toile qui repr\u00e9sente le d\u00e9funt Roi, parce qu\u2019on pr\u00e9tendait, \u00e0 l\u2019\u00e9poque, qu\u2019on pouvait le voir dans le disque lunaire, comme astuce pour inciter le peuple \u00e0 se soulever en masse contre le colonialisme\u00bb.<\/em> Apr\u00e8s quoi, l\u2019exposition, dont le vernissage a \u00e9t\u00e9 marqu\u00e9 par une visite d\u2019Abdellatif Jouahri, gouverneur de BAM, et de Mohamed Laaraj, ministre de la culture et de la communication, verse, comme le pr\u00e9cise M. Benhamza, dans la premi\u00e8re g\u00e9n\u00e9ration.<\/span><\/p>\n<p><a href=\"http:\/\/aujourdhui.ma\/wp-content\/uploads\/2019\/06\/Miroir-collectif-au-muse%CC%81e-de-Bank-Al-MaghribBAM-1.jpg?x29840\"><img loading=\"lazy\" decoding=\"async\" class=\"size-full wp-image-313442 aligncenter\" src=\"http:\/\/aujourdhui.ma\/wp-content\/uploads\/2019\/06\/Miroir-collectif-au-muse%CC%81e-de-Bank-Al-MaghribBAM-1.jpg?x29840\" alt=\"\" width=\"746\" height=\"380\" srcset=\"http:\/\/aujourdhui.ma\/wp-content\/uploads\/2019\/06\/Miroir-collectif-au-muse\u0301e-de-Bank-Al-MaghribBAM-1.jpg 746w, http:\/\/aujourdhui.ma\/wp-content\/uploads\/2019\/06\/Miroir-collectif-au-muse\u0301e-de-Bank-Al-MaghribBAM-1-300x153.jpg 300w\" sizes=\"auto, (max-width: 746px) 100vw, 746px\"\/><\/a><\/p>\n<p class=\"p1\"><span class=\"s1\"><span class=\"Apple-converted-space\">\u00a0<\/span> <em>\u00abCelle-ci<span class=\"Apple-converted-space\">\u00a0<\/span> r\u00e9clamait elle-m\u00eame, \u00e0 titre de revendication, son identit\u00e9 personnelle \u00e0 travers une nouvelle mani\u00e8re de traiter l\u2019art et de le pratiquer\u00bb.<\/em> Selon ses dires, il y a une jonction entre cette \u0153uvre illustrant le d\u00e9funt Roi et l\u2019appel des artistes \u00e0 retrouver leur identit\u00e9 r\u00e9elle apr\u00e8s le recouvrement de l\u2019ind\u00e9pendance marocaine. Concernant la technique utilis\u00e9e, le commissaire indique que <em>\u00abc\u2019est une sorte de parodie faite par l\u2019artiste Abdelaziz Zerrou qui a utilis\u00e9 ses propres moyens pour repr\u00e9senter cette image symbolique quasiment oraculaire de ce qu\u2019a \u00e9t\u00e9 l\u2019appel \u00e0 l\u2019ind\u00e9pendance\u00bb.<\/em><\/span><\/p>\n<p class=\"p1\"><span class=\"s1\">Outre cette \u0153uvre, l\u2019exposition pr\u00e9sente une panoplie d\u2019\u0153uvres d\u2019artistes. Comme l\u2019explicite le commissaire, elle se pr\u00e9sente en deux tranches. La premi\u00e8re \u00e9tant repr\u00e9sent\u00e9e par l\u2019ancienne g\u00e9n\u00e9ration regroupant les artistes Melehi, Hamidi, Bellamine, Kacimi, Cheb\u00e2a, Gharbaoui et Cherkaoui entre autres, qui, \u00e0 l\u2019\u00e2ge qu\u2019ont aujourd\u2019hui les nouveaux artistes avec qui ils exposent, revendiquaient la m\u00eame chose, c\u2019est-\u00e0-dire une appartenance au territoire, une identit\u00e9 personnelle et marocaine. <em>\u00abCe que font d\u2019ailleurs les nouveaux artistes comme Arejdal, Akrim et Souali entre autres qui eux aussi ont mis\u00e9 sur le c\u00f4t\u00e9 contestataire pour revendiquer la m\u00eame chose que leurs pr\u00e9d\u00e9cesseurs\u00bb<\/em>, encha\u00eene le commissaire.<\/span><\/p>\n<p><a href=\"http:\/\/aujourdhui.ma\/wp-content\/uploads\/2019\/06\/Miroir-collectif-au-muse%CC%81e-de-Bank-Al-MaghribBAM.jpg?x29840\"><img loading=\"lazy\" decoding=\"async\" class=\"size-full wp-image-313438 aligncenter\" src=\"http:\/\/aujourdhui.ma\/wp-content\/uploads\/2019\/06\/Miroir-collectif-au-muse%CC%81e-de-Bank-Al-MaghribBAM.jpg?x29840\" alt=\"\" width=\"746\" height=\"380\" srcset=\"http:\/\/aujourdhui.ma\/wp-content\/uploads\/2019\/06\/Miroir-collectif-au-muse\u0301e-de-Bank-Al-MaghribBAM.jpg 746w, http:\/\/aujourdhui.ma\/wp-content\/uploads\/2019\/06\/Miroir-collectif-au-muse\u0301e-de-Bank-Al-MaghribBAM-300x153.jpg 300w\" sizes=\"auto, (max-width: 746px) 100vw, 746px\"\/><\/a><\/p>\n<p class=\"p1\"><span class=\"s1\">Des noms d\u2019artistes qui ont figur\u00e9 lors du tour de l\u2019exposition regorgeant de toiles en techniques qui ont impressionn\u00e9 les visiteurs.<\/span><\/p>\n<p class=\"p1\"><span class=\"s1\">De son c\u00f4t\u00e9, Abderrahim Cha\u00e2bane, directeur du mus\u00e9e de BAM, rappelle que cette exposition est organis\u00e9e en partenariat avec le Comptoir des Mines Galerie de Marrakech. <em>\u00abCet \u00e9v\u00e9nement co\u00efncide avec le 60\u00e8me anniversaire de la cr\u00e9ation de BAM\u00bb,<\/em> exalte-t-il. <span class=\"Apple-converted-space\">\u00a0 \u00a0<\/span><\/span><\/p>\n<p>Auteur: Salima Guisser<br \/>\n<a href=\"http:\/\/aujourdhui.ma\/culture\/miroir-collectif-au-musee-de-bam-une-exposition-qui-souvre-par-le-portrait-de-feu-sm-mohammed-v\">Cliquez ici pour lire l&rsquo;article depuis sa source.<\/a><\/p>\n","protected":false},"excerpt":{"rendered":"<p>A l\u2019entr\u00e9e, mercredi soir \u00e0 Rabat, du mus\u00e9e de Bank Al-Maghrib (BAM) o\u00f9 se tient l\u2019exposition \u00abMiroir collectif\u00bb jusqu\u2019au 1er septembre, le portrait de Feu SM Mohammed V ne passe pas inaper\u00e7u. C\u2019est plut\u00f4t la technique de dessin carbone sur papier con\u00e7ue par l\u2019artiste Abdelaziz Zerrou qui en fait la particularit\u00e9. A propos de cette [&hellip;]<\/p>\n","protected":false},"author":1759,"featured_media":0,"comment_status":"closed","ping_status":"closed","sticky":false,"template":"","format":"standard","meta":{"fifu_image_url":"","fifu_image_alt":"","footnotes":""},"categories":[73,54],"tags":[],"class_list":["post-41833","post","type-post","status-publish","format-standard","hentry","category-actualite","category-maroc"],"_links":{"self":[{"href":"https:\/\/linitiative.ca\/International\/wp-json\/wp\/v2\/posts\/41833","targetHints":{"allow":["GET"]}}],"collection":[{"href":"https:\/\/linitiative.ca\/International\/wp-json\/wp\/v2\/posts"}],"about":[{"href":"https:\/\/linitiative.ca\/International\/wp-json\/wp\/v2\/types\/post"}],"author":[{"embeddable":true,"href":"https:\/\/linitiative.ca\/International\/wp-json\/wp\/v2\/users\/1759"}],"replies":[{"embeddable":true,"href":"https:\/\/linitiative.ca\/International\/wp-json\/wp\/v2\/comments?post=41833"}],"version-history":[{"count":0,"href":"https:\/\/linitiative.ca\/International\/wp-json\/wp\/v2\/posts\/41833\/revisions"}],"wp:attachment":[{"href":"https:\/\/linitiative.ca\/International\/wp-json\/wp\/v2\/media?parent=41833"}],"wp:term":[{"taxonomy":"category","embeddable":true,"href":"https:\/\/linitiative.ca\/International\/wp-json\/wp\/v2\/categories?post=41833"},{"taxonomy":"post_tag","embeddable":true,"href":"https:\/\/linitiative.ca\/International\/wp-json\/wp\/v2\/tags?post=41833"}],"curies":[{"name":"wp","href":"https:\/\/api.w.org\/{rel}","templated":true}]}}