{"id":41844,"date":"2019-06-21T04:36:33","date_gmt":"2019-06-21T08:36:33","guid":{"rendered":"https:\/\/linitiative.ca\/International\/najeh-ben-abdessalem-pdg-de-somef-notre-objectif-est-datteindre-50-dexportation-de-la-production\/"},"modified":"2019-06-21T04:36:33","modified_gmt":"2019-06-21T08:36:33","slug":"najeh-ben-abdessalem-pdg-de-somef-notre-objectif-est-datteindre-50-dexportation-de-la-production","status":"publish","type":"post","link":"https:\/\/linitiative.ca\/International\/najeh-ben-abdessalem-pdg-de-somef-notre-objectif-est-datteindre-50-dexportation-de-la-production\/","title":{"rendered":"Najeh Ben Abdessalem PDG de \u00ab SOMEF \u00bb : \u00ab Notre objectif est d\u2019atteindre 50% d\u2019exportation de la production \u00bb"},"content":{"rendered":"<p>Depuis son entr\u00e9e en production en 1988, la soci\u00e9t\u00e9 SOMEF Tunisie s\u2019est orient\u00e9e dans la production et la commercialisation des appareillages et mat\u00e9riels \u00e9lectriques \u00e0 usages domestiques et tertiaire. Une activit\u00e9 qu\u2019elle a su d\u00e9velopper \u00e0 bon escient sous la houlette de son Pr\u00e9sident Directeur g\u00e9n\u00e9ral, Najeh Ben Abdessalem. Ainsi, la dynamique dans laquelle s\u2019est lanc\u00e9e SOMEF Tunisie en mati\u00e8re de d\u00e9veloppement de nouveaux produits et de ma\u00eetrise de la qualit\u00e9 des produits et du syst\u00e8me, lui a permis d\u2019avoir une position confortable sur ses march\u00e9s assez exigeants. Et ce, gr\u00e2ce notamment \u00e0 l\u2019importance particuli\u00e8re accord\u00e9e \u00e0 la mise en place d\u2019une d\u00e9marche de management par la qualit\u00e9 conforme \u00e0 la norme ISO 9001, mais \u00e9galement l\u2019adh\u00e9sion de la SOMEF au programme national de mise \u00e0 niveau qui rentre dans le cadre de la concr\u00e9tisation de la strat\u00e9gie de d\u00e9veloppement fix\u00e9e par l\u2019entreprise \u00e0 la fois en terme d\u2019accompagnement dans l\u2019analyse et la structuration des diff\u00e9rents plans de d\u00e9veloppement qu\u2019en terme de financement de ces plans.<\/p>\n<p>Najeh Ben Abdessalem affirme \u00e0 juste titre\u00a0: \u00ab <em>Afin de renforcer leur capacit\u00e9 concurrentielle, d\u00e9velopper des partenariats industriels et renforcer leur environnement socio-\u00e9conomique, les entreprises tunisiennes sont fortement incit\u00e9es \u00e0 adh\u00e9rer au programme de mise \u00e0 niveau et\/ou les programmes connexes du fait que ces programmes leurs permettent d\u2019atteindre les objectifs escompt\u00e9s et ce en leur permettant de moderniser en permanence leurs outils de production, de s\u2019orienter strat\u00e9giquement vers les activit\u00e9s d\u2019exportation et de d\u00e9velopper le niveau de leurs comp\u00e9tences<\/em>. \u00bb<\/p>\n<p>Gr\u00e2ce \u00e0 la r\u00e9alisation de ses plans de mise \u00e0 niveau SOMEF annonce une \u00e9volution annuelle moyenne de son chiffre d\u2019affaires de l\u2019ordre de 8%, elle jouit aujourd\u2019hui de la position de leader sur le march\u00e9 local avec pr\u00e8s de 70 % de part de march\u00e9 et affiche une \u00e9volution annuelle sur le march\u00e9 de l\u2019exportation qui a atteint, \u00e0 ce jour, 30% de la production. \u00ab\u00a0<em>Avec un chiffre d\u2019affaires d\u2019environ 70 millions de dinars, quatre sites de production en activit\u00e9, employant pr\u00e8s de 700 personnes, la SOMEF ambitionne de poursuivre son d\u00e9veloppement et d\u2019augmenter sa part de production \u00e0 l\u2019exportation \u00e0 50%<\/em>\u00a0\u00bb, pr\u00e9cise Najeh Ben Abdessalem.<\/p>\n<p>Le niveau de d\u00e9veloppement technologique atteint et les efforts engag\u00e9s en mati\u00e8re de modernisation des \u00e9quipements et des lignes de production et le niveau de qualit\u00e9 des produits nouvellement d\u00e9velopp\u00e9s ont en effet favoris\u00e9 le positionnement de SOMEF sur les march\u00e9s europ\u00e9ens et africains (Libye, Egypte, Italie, France, Espagne, Alg\u00e9rie, Maroc, c\u00f4te ouest africaine\u2026).<\/p>\n<p>De telles performances sont \u00e9galement le fruit d\u2019une \u00e9troite collaboration et de partenariats technologiques cibl\u00e9s avec des entreprises d\u2019envergure internationale leaders sur leur segment de march\u00e9, \u00e0 l\u2019instar de la soci\u00e9t\u00e9 italienne AVE \u00ab\u00a0<em>dont l\u2019accord avec SOMEF a permis \u00e0 cette derni\u00e8re de connaitre un d\u00e9veloppement important de toute son activit\u00e9. Ce partenariat porte sur la participation au capital octroyant \u00e0 la SOMEF une licence de fabrication d\u2019une tr\u00e8s large gamme de produits \u00e9lectriques ainsi que la repr\u00e9sentation pour toutes autres gammes de produits non fabriqu\u00e9s localement\u00a0<\/em>\u00bb, affirme Najeh Ben Abdessalem.<\/p>\n<p>Outre cette collaboration fructueuse, la SOMEF a nou\u00e9 des partenariats avec le groupe italien CAME-Bpt n\u00e9 de la fusion des deux entreprises, BPT, importante sur la sc\u00e8ne internationale des fabricants d\u2019\u00e9quipements d\u2019interphones et de vid\u00e9ophones de haute qualit\u00e9 et CAME, groupe leader dans le march\u00e9 international de la maison et installation publique automatisation et de s\u00e9curit\u00e9, mais aussi avec ORBIS, soci\u00e9t\u00e9 espagnole importante sur la sc\u00e8ne internationale des fabricants d\u2019\u00e9quipements d\u2019\u00e9conomie d\u2019\u00e9nergie de haute qualit\u00e9, ZAMEL, soci\u00e9t\u00e9 polonaise qui agit sur le march\u00e9 de la branche \u00e9lectro-technique depuis 20 ans, Canalplast, entreprise italienne sp\u00e9cialis\u00e9e depuis plus de 35 ans dans la production et le d\u00e9veloppement de syst\u00e8mes de routage pour les installations \u00e9lectriques, et la soci\u00e9t\u00e9 serbe Technoplast connue par sa c\u00e9l\u00e9rit\u00e9 de r\u00e9ponse aux besoins de production des articles d\u00e9j\u00e0 existants, ainsi que le d\u00e9veloppement de produits totalement nouveaux dans un court laps de temps, avec la garantie de qualit\u00e9 et de \u00abs\u00e9curit\u00e9 des installations \u00e0 domicile\u00bb par de nombreuses normes nationales et internationales.<\/p>\n<p class=\"dpsp-share-text\">Partager c&rsquo;est aimer!<\/p>\n<div class=\"wp-post-author-wrap wp-post-author-shortcode left\">\n<h3 class=\"awpa-title\"\/>\n<div class=\"wp-post-author\">\n<div class=\"awpa-img awpa-author-block square\"><a href=\"http:\/\/lexpertjournal.net\/fr\/author\/expert\/\"><img loading=\"lazy\" decoding=\"async\" alt=\"\" src=\"http:\/\/2.gravatar.com\/avatar\/56d99be2a6f97af88ccb49fada637fcd?s=150&#038;d=mm&#038;r=g\" srcset=\"http:\/\/2.gravatar.com\/avatar\/56d99be2a6f97af88ccb49fada637fcd?s=300&#038;d=mm&#038;r=g 2x\" class=\"avatar avatar-150 photo\" height=\"150\" width=\"150\"\/><\/a><\/div>\n<\/div>\n<\/div>\n<p>Auteur: L&rsquo;expert<br \/>\n<a href=\"http:\/\/lexpertjournal.net\/fr\/2019\/06\/21\/najeh-ben-abdessalem-pdg-de-somef-notre-objectif-est-datteindre-50-dexportation-de-la-production\/\">Cliquez ici pour lire l&rsquo;article depuis sa source.<\/a><\/p>\n","protected":false},"excerpt":{"rendered":"<p>Depuis son entr\u00e9e en production en 1988, la soci\u00e9t\u00e9 SOMEF Tunisie s\u2019est orient\u00e9e dans la production et la commercialisation des appareillages et mat\u00e9riels \u00e9lectriques \u00e0 usages domestiques et tertiaire. Une activit\u00e9 qu\u2019elle a su d\u00e9velopper \u00e0 bon escient sous la houlette de son Pr\u00e9sident Directeur g\u00e9n\u00e9ral, Najeh Ben Abdessalem. Ainsi, la dynamique dans laquelle s\u2019est [&hellip;]<\/p>\n","protected":false},"author":1775,"featured_media":0,"comment_status":"closed","ping_status":"closed","sticky":false,"template":"","format":"standard","meta":{"fifu_image_url":"","fifu_image_alt":"","footnotes":""},"categories":[78,55],"tags":[],"class_list":["post-41844","post","type-post","status-publish","format-standard","hentry","category-economie","category-tunisie"],"_links":{"self":[{"href":"https:\/\/linitiative.ca\/International\/wp-json\/wp\/v2\/posts\/41844","targetHints":{"allow":["GET"]}}],"collection":[{"href":"https:\/\/linitiative.ca\/International\/wp-json\/wp\/v2\/posts"}],"about":[{"href":"https:\/\/linitiative.ca\/International\/wp-json\/wp\/v2\/types\/post"}],"author":[{"embeddable":true,"href":"https:\/\/linitiative.ca\/International\/wp-json\/wp\/v2\/users\/1775"}],"replies":[{"embeddable":true,"href":"https:\/\/linitiative.ca\/International\/wp-json\/wp\/v2\/comments?post=41844"}],"version-history":[{"count":0,"href":"https:\/\/linitiative.ca\/International\/wp-json\/wp\/v2\/posts\/41844\/revisions"}],"wp:attachment":[{"href":"https:\/\/linitiative.ca\/International\/wp-json\/wp\/v2\/media?parent=41844"}],"wp:term":[{"taxonomy":"category","embeddable":true,"href":"https:\/\/linitiative.ca\/International\/wp-json\/wp\/v2\/categories?post=41844"},{"taxonomy":"post_tag","embeddable":true,"href":"https:\/\/linitiative.ca\/International\/wp-json\/wp\/v2\/tags?post=41844"}],"curies":[{"name":"wp","href":"https:\/\/api.w.org\/{rel}","templated":true}]}}