{"id":41858,"date":"2019-06-21T06:56:00","date_gmt":"2019-06-21T10:56:00","guid":{"rendered":"https:\/\/linitiative.ca\/International\/les-algeriens-sont-tous-des-freres-pas-de-regionalisme\/"},"modified":"2019-06-21T06:56:00","modified_gmt":"2019-06-21T10:56:00","slug":"les-algeriens-sont-tous-des-freres-pas-de-regionalisme","status":"publish","type":"post","link":"https:\/\/linitiative.ca\/International\/les-algeriens-sont-tous-des-freres-pas-de-regionalisme\/","title":{"rendered":"\u00ab Les Alg\u00e9riens sont tous des fr\u00e8res, pas de r\u00e9gionalisme \u00bb"},"content":{"rendered":"<div id=\"originalText\" readability=\"44\">\n<p>Les alg\u00e9rois ont massivement investi le centre d\u2019Alger, pour ce 18e vendredi de manifestations contre le syst\u00e8me, scandant en ch\u0153ur \u00abmakach djihawya,\u00a0 khawa khawa (les Alg\u00e9riens sont des fr\u00e8res, pas de r\u00e9gionalisme)\u00bb \u00a0en r\u00e9ponse au dernier discours du g\u00e9n\u00e9ral de corps d&rsquo;arm\u00e9e\u00a0Ahmed Ga\u00efd Salah.<\/p>\n<p><iframe loading=\"lazy\" allow=\"accelerometer; autoplay; encrypted-media; gyroscope; picture-in-picture\" allowfullscreen=\"\" frameborder=\"0\" height=\"315\" src=\"https:\/\/www.youtube.com\/embed\/kCOjYok3_TA\" width=\"560\">[embedded content]<\/iframe><\/p>\n<p>Les manifestants ont \u00e9galement scand\u00e9 \u00ab\u00a0 les Amazighs se brisent mais ne s\u2019inclinent pas\u00a0\u00bb<\/p>\n<p><iframe loading=\"lazy\" allow=\"accelerometer; autoplay; encrypted-media; gyroscope; picture-in-picture\" allowfullscreen=\"\" frameborder=\"0\" height=\"315\" src=\"https:\/\/www.youtube.com\/embed\/bSn4Gu3aVRs\" width=\"560\">[embedded content]<\/iframe><\/p>\n<p>La premi\u00e8re tentative de la police pour emp\u00eacher un rassemblement a \u00e9chou\u00e9 \u00e9tant donn\u00e9 le nombre de manifestants qui affluaient sans cesse vers la place Audin et la Grande Poste.<\/p>\n<\/div>\n<div id=\"text_core\" readability=\"44\">\n<p>Les alg\u00e9rois ont massivement investi le centre d\u2019Alger, pour ce 18e vendredi de manifestations contre le syst\u00e8me, scandant en ch\u0153ur \u00abmakach djihawya,\u00a0 khawa khawa (les Alg\u00e9riens sont des fr\u00e8res, pas de r\u00e9gionalisme)\u00bb \u00a0en r\u00e9ponse au dernier discours du g\u00e9n\u00e9ral de corps d&rsquo;arm\u00e9e\u00a0Ahmed Ga\u00efd Salah.<\/p>\n<p><iframe loading=\"lazy\" allow=\"accelerometer; autoplay; encrypted-media; gyroscope; picture-in-picture\" allowfullscreen=\"\" frameborder=\"0\" height=\"315\" src=\"https:\/\/www.youtube.com\/embed\/kCOjYok3_TA\" width=\"560\">[embedded content]<\/iframe><\/p>\n<p>Les manifestants ont \u00e9galement scand\u00e9 \u00ab\u00a0 les Amazighs se brisent mais ne s\u2019inclinent pas\u00a0\u00bb<\/p>\n<p><iframe loading=\"lazy\" allow=\"accelerometer; autoplay; encrypted-media; gyroscope; picture-in-picture\" allowfullscreen=\"\" frameborder=\"0\" height=\"315\" src=\"https:\/\/www.youtube.com\/embed\/bSn4Gu3aVRs\" width=\"560\">[embedded content]<\/iframe><\/p>\n<p>La premi\u00e8re tentative de la police pour emp\u00eacher un rassemblement a \u00e9chou\u00e9 \u00e9tant donn\u00e9 le nombre de manifestants qui affluaient sans cesse vers la place Audin et la Grande Poste.<\/p>\n<\/div>\n<p>Auteur:<br \/>\n<a href=\"https:\/\/www.liberte-algerie.com\/actualite\/les-algeriens-sont-tous-des-freres-pas-de-regionalisme-318285\">Cliquez ici pour lire l&rsquo;article depuis sa source.<\/a><\/p>\n","protected":false},"excerpt":{"rendered":"<p>Les alg\u00e9rois ont massivement investi le centre d\u2019Alger, pour ce 18e vendredi de manifestations contre le syst\u00e8me, scandant en ch\u0153ur \u00abmakach djihawya,\u00a0 khawa khawa (les Alg\u00e9riens sont des fr\u00e8res, pas de r\u00e9gionalisme)\u00bb \u00a0en r\u00e9ponse au dernier discours du g\u00e9n\u00e9ral de corps d&rsquo;arm\u00e9e\u00a0Ahmed Ga\u00efd Salah. [embedded content] Les manifestants ont \u00e9galement scand\u00e9 \u00ab\u00a0 les Amazighs se [&hellip;]<\/p>\n","protected":false},"author":1742,"featured_media":0,"comment_status":"closed","ping_status":"closed","sticky":false,"template":"","format":"standard","meta":{"fifu_image_url":"","fifu_image_alt":"","footnotes":""},"categories":[73,53],"tags":[],"class_list":["post-41858","post","type-post","status-publish","format-standard","hentry","category-actualite","category-algerie"],"_links":{"self":[{"href":"https:\/\/linitiative.ca\/International\/wp-json\/wp\/v2\/posts\/41858","targetHints":{"allow":["GET"]}}],"collection":[{"href":"https:\/\/linitiative.ca\/International\/wp-json\/wp\/v2\/posts"}],"about":[{"href":"https:\/\/linitiative.ca\/International\/wp-json\/wp\/v2\/types\/post"}],"author":[{"embeddable":true,"href":"https:\/\/linitiative.ca\/International\/wp-json\/wp\/v2\/users\/1742"}],"replies":[{"embeddable":true,"href":"https:\/\/linitiative.ca\/International\/wp-json\/wp\/v2\/comments?post=41858"}],"version-history":[{"count":0,"href":"https:\/\/linitiative.ca\/International\/wp-json\/wp\/v2\/posts\/41858\/revisions"}],"wp:attachment":[{"href":"https:\/\/linitiative.ca\/International\/wp-json\/wp\/v2\/media?parent=41858"}],"wp:term":[{"taxonomy":"category","embeddable":true,"href":"https:\/\/linitiative.ca\/International\/wp-json\/wp\/v2\/categories?post=41858"},{"taxonomy":"post_tag","embeddable":true,"href":"https:\/\/linitiative.ca\/International\/wp-json\/wp\/v2\/tags?post=41858"}],"curies":[{"name":"wp","href":"https:\/\/api.w.org\/{rel}","templated":true}]}}