{"id":41863,"date":"2019-06-20T14:21:43","date_gmt":"2019-06-20T18:21:43","guid":{"rendered":"https:\/\/linitiative.ca\/International\/shelter-afrique-tient-sa-38e-assemblee-generale-annuelle\/"},"modified":"2019-06-20T14:21:43","modified_gmt":"2019-06-20T18:21:43","slug":"shelter-afrique-tient-sa-38e-assemblee-generale-annuelle","status":"publish","type":"post","link":"https:\/\/linitiative.ca\/International\/shelter-afrique-tient-sa-38e-assemblee-generale-annuelle\/","title":{"rendered":"\u00ab\u00a0Shelter Afrique\u00a0\u00bb tient sa 38\u00e8 Assembl\u00e9e g\u00e9n\u00e9rale annuelle"},"content":{"rendered":"<div readability=\"38\">\n<p>Marrakech \u2013 L\u2019institution panafricaine \u00ab\u00a0Shelter Afrique\u00a0\u00bb, vou\u00e9e \u00e0 la mobilisation des ressources financi\u00e8res en faveur de la promotion de l\u2019habitat dans le Continent, a tenu, jeudi \u00e0 Marrakech, les travaux de sa 38\u00e8me Assembl\u00e9e G\u00e9n\u00e9rale Annuelle (AGA).<\/p>\n<\/div>\n<div readability=\"110\">\n<p>A l\u2019entame des travaux de ce conclave de haut niveau, le Maroc, en la personne du ministre de l\u2019Am\u00e9nagement du Territoire national, de l\u2019Urbanisme, de l\u2019Habitat et de la Politique de la ville, M. Abdelahad Fassi Fehri, a \u00e9t\u00e9 \u00e9lu pr\u00e9sident du bureau de cette 38\u00e8me Assembl\u00e9e, alors que le Kenya et le Cameroun ont \u00e9t\u00e9 \u00e9lus respectivement 1er et 2\u00e8me vice-pr\u00e9sident.<\/p>\n<p>Plusieurs points figuraient \u00e0 l\u2019ordre du jour de cette Assembl\u00e9e, notamment l\u2019examen et l\u2019adoption du proc\u00e8s verbal de la 37\u00e8me AGA tenue \u00e0 Nairobi, au Kenya, du rapport annuel et des \u00e9tats financiers audit\u00e9s pour la p\u00e9riode close le 31 d\u00e9cembre 2018, outre l\u2019\u00e9lection et la nomination des administrateurs au sein de \u00ab\u00a0Shelter Afrique\u00a0\u00bb.<\/p>\n<p>A l\u2019issue des travaux, le Kenya et le Cameroun ont \u00e9t\u00e9 d\u00e9sign\u00e9s respectivement les pays h\u00f4tes des 39\u00e8me et 40\u00e8me AGA de \u00ab\u00a0Shelter Afrique\u00a0\u00bb.<\/p>\n<p>Dans une allocution \u00e0 l\u2019ouverture de cette 38\u00e8me Assembl\u00e9e g\u00e9n\u00e9rale annuelle, M. Fassi Fehri a tenu \u00e0 remercier les pays membres pour le choix du Royaume pour accueillir cette Assembl\u00e9e et pour avoir honor\u00e9 l\u2019invitation de \u00ab\u00a0Shelter Afrique\u00a0\u00bb \u00e0 prendre part \u00e0 ce conclave qui vise \u00e9galement \u00e0 relever les d\u00e9fis auxquels l\u2019institution est confront\u00e9e.<\/p>\n<p>Il s\u2019est, par ailleurs, f\u00e9licit\u00e9 des efforts consid\u00e9rables d\u00e9ploy\u00e9s par la Direction g\u00e9n\u00e9rale de \u00ab\u00a0Shelter Afrique\u00a0\u00bb dans le cadre du recouvrement des contributions en capital des actionnaires, relevant que des efforts suppl\u00e9mentaires doivent n\u00e9anmoins \u00eatre entrepris par les actionnaires en vue d\u2019honorer leurs engagements et de payer les arri\u00e9r\u00e9s \u00e9ventuels.<\/p>\n<p>Le ministre a, en outre, salu\u00e9 les efforts d\u00e9ploy\u00e9s par \u00ab\u00a0Shelter Afrique\u00a0\u00bb pour le redressement de la Soci\u00e9t\u00e9, dont la nouvelle strat\u00e9gie a \u00e9t\u00e9 pr\u00e9sent\u00e9e lors de la derni\u00e8re Assembl\u00e9e g\u00e9n\u00e9rale extraordinaire, tenue \u00e0 Rabat (du 30 octobre au 02 novembre 2017).<\/p>\n<p>M. Fassi Fehri a not\u00e9 que la strat\u00e9gie de \u00ab\u00a0Shelter Afrique\u00a0\u00bb, qui a \u00e9t\u00e9 r\u00e9vis\u00e9e en 2018, couvre une p\u00e9riode de cinq ans (2019-2023) et s\u2019est fix\u00e9e trois objectifs : faire passer la performance de la Soci\u00e9t\u00e9 de la situation d\u00e9ficitaire \u00e0 la viabilit\u00e9 financi\u00e8re \u00e0 partir de 2020 et \u00e0 la viabilit\u00e9 financi\u00e8re durable globale \u00e0 partir de 2023, accro\u00eetre la valeur pour ses actionnaires en facilitant le financement d\u2019initiatives viables en mati\u00e8re de logement abordable dans les pays membres, et \u00eatre l\u2019institution financi\u00e8re de d\u00e9veloppement la mieux gouvern\u00e9e en souscrivant au Code de bonne pratique.<\/p>\n<p>De son c\u00f4t\u00e9, le pr\u00e9sident la 37\u00e8me AGA de \u00ab\u00a0Shelter Afrique\u00a0\u00bb, le Tanzanien William Lukuvi, a tenu \u00e0 exprimer ses profonds remerciements au Maroc pour l\u2019accueil de cette Assembl\u00e9e, tout en soulignant l\u2019imp\u00e9ratif du d\u00e9veloppement de l\u2019abordabilit\u00e9 du logement en Afrique. \u00ab\u00a0Construire des logements, c\u2019est construire des familles et des nations\u00a0\u00bb, a-t-il insist\u00e9.<\/p>\n<p>Il a aussi mis l\u2019accent sur l\u2019importance de la promotion des partenariats public-priv\u00e9 (PPP) en vue de favoriser la r\u00e9alisation des logements sociaux dans les 44 pays membres au service du bien-\u00eatre et de l\u2019am\u00e9lioration des conditions de vie de la population africaine.<\/p>\n<p>A noter que \u00ab\u00a0Shelter Afrique\u00a0\u00bb, Soci\u00e9t\u00e9 pour l\u2019habitat et le logement en Afrique, a pour mission de mobiliser des ressources financi\u00e8res en faveur de la promotion de l\u2019habitat en Afrique.<\/p>\n<p>Les actionnaires de \u00ab\u00a0Shelter Afrique\u00a0\u00bb comprennent 44 pays membres (dont le Maroc), la Banque Africaine de D\u00e9veloppement (BAD) et la Soci\u00e9t\u00e9 Africaine de r\u00e9assurance.<\/p>\n<\/div>\n<p>Auteur: Meriem IGASS<br \/>\n<a href=\"http:\/\/www.mapmarrakech.ma\/fr\/shelter-afrique-tient-sa-38e-assemblee-generale-annuelle\/\">Cliquez ici pour lire l&rsquo;article depuis sa source.<\/a><\/p>\n","protected":false},"excerpt":{"rendered":"<p>Marrakech \u2013 L\u2019institution panafricaine \u00ab\u00a0Shelter Afrique\u00a0\u00bb, vou\u00e9e \u00e0 la mobilisation des ressources financi\u00e8res en faveur de la promotion de l\u2019habitat dans le Continent, a tenu, jeudi \u00e0 Marrakech, les travaux de sa 38\u00e8me Assembl\u00e9e G\u00e9n\u00e9rale Annuelle (AGA). A l\u2019entame des travaux de ce conclave de haut niveau, le Maroc, en la personne du ministre de [&hellip;]<\/p>\n","protected":false},"author":1788,"featured_media":0,"comment_status":"closed","ping_status":"closed","sticky":false,"template":"","format":"standard","meta":{"fifu_image_url":"","fifu_image_alt":"","footnotes":""},"categories":[54,76],"tags":[],"class_list":["post-41863","post","type-post","status-publish","format-standard","hentry","category-maroc","category-regions"],"_links":{"self":[{"href":"https:\/\/linitiative.ca\/International\/wp-json\/wp\/v2\/posts\/41863","targetHints":{"allow":["GET"]}}],"collection":[{"href":"https:\/\/linitiative.ca\/International\/wp-json\/wp\/v2\/posts"}],"about":[{"href":"https:\/\/linitiative.ca\/International\/wp-json\/wp\/v2\/types\/post"}],"author":[{"embeddable":true,"href":"https:\/\/linitiative.ca\/International\/wp-json\/wp\/v2\/users\/1788"}],"replies":[{"embeddable":true,"href":"https:\/\/linitiative.ca\/International\/wp-json\/wp\/v2\/comments?post=41863"}],"version-history":[{"count":0,"href":"https:\/\/linitiative.ca\/International\/wp-json\/wp\/v2\/posts\/41863\/revisions"}],"wp:attachment":[{"href":"https:\/\/linitiative.ca\/International\/wp-json\/wp\/v2\/media?parent=41863"}],"wp:term":[{"taxonomy":"category","embeddable":true,"href":"https:\/\/linitiative.ca\/International\/wp-json\/wp\/v2\/categories?post=41863"},{"taxonomy":"post_tag","embeddable":true,"href":"https:\/\/linitiative.ca\/International\/wp-json\/wp\/v2\/tags?post=41863"}],"curies":[{"name":"wp","href":"https:\/\/api.w.org\/{rel}","templated":true}]}}