{"id":41864,"date":"2019-06-20T14:28:42","date_gmt":"2019-06-20T18:28:42","guid":{"rendered":"https:\/\/linitiative.ca\/International\/hausse-des-allocations-journalieres-dediees-aux-internats\/"},"modified":"2019-06-20T14:28:42","modified_gmt":"2019-06-20T18:28:42","slug":"hausse-des-allocations-journalieres-dediees-aux-internats","status":"publish","type":"post","link":"https:\/\/linitiative.ca\/International\/hausse-des-allocations-journalieres-dediees-aux-internats\/","title":{"rendered":"Hausse des allocations journali\u00e8res d\u00e9di\u00e9es aux internats"},"content":{"rendered":"<div readability=\"41\">\n<p>Marrakech \u2013 Le montant des allocations journali\u00e8res destin\u00e9es aux internats et cantines scolaires a \u00e9t\u00e9 revu \u00e0 la hausse, a affirm\u00e9, mercredi \u00e0 Marrakech, le ministre de l\u2019Education nationale, de la formation professionnelle, de l\u2019enseignement sup\u00e9rieur et de la recherche scientifique, Said Amzazi.<\/p>\n<\/div>\n<div readability=\"95\">\n<p>Intervenant lors du lancement du Programme d\u2019am\u00e9lioration des services des internats et des cantines des \u00e9tablissements scolaires, le ministre a indiqu\u00e9 que cette revalorisation vise \u00e0 renforcer l\u2019impact de ces services sur les cat\u00e9gories cibles, am\u00e9liorer les indicateurs de la scolarisation et lutter contre la d\u00e9perdition scolaire notamment en milieu rural.<\/p>\n<p>Pour cela, les efforts se concentrent sur l\u2019am\u00e9lioration du programme d\u2019alimentation scolaire dans les \u00e9tablissements concern\u00e9s, ainsi que des services dispens\u00e9s dans les espaces d\u2019accueil des \u00e9l\u00e8ves cibl\u00e9s, a-t-il ajout\u00e9.<\/p>\n<p>Le minist\u00e8re s\u2019est fix\u00e9 pour objectif d\u2019atteindre le chiffre de 1,45 million d\u2019\u00e9l\u00e8ves b\u00e9n\u00e9ficiaires pour l\u2019actuelle ann\u00e9e scolaire, pour un co\u00fbt global de 1,475 milliard de DH (MMDH), en hausse de 63 pc par rapport \u00e0 la pr\u00e9c\u00e9dente ann\u00e9e scolaire, a pr\u00e9cis\u00e9 M. Amzazi, ajoutant que le budget consacr\u00e9 au soutien social a doubl\u00e9 en comparaison avec la saison 2017-2018, allant d\u2019environ 2 MMDH \u00e0 plus de 4 MMDH cette ann\u00e9e.<\/p>\n<p>Les m\u00e9canismes d\u2019am\u00e9lioration du soutien social constituent un levier essentiel pour atteindre l\u2019objectif d\u2019acc\u00e8s g\u00e9n\u00e9ralis\u00e9 \u00e0 l\u2019\u00e9ducation sur la base de l\u2019\u00e9quit\u00e9, de l\u2019\u00e9galit\u00e9 des chances et de la qualit\u00e9, faisant partie des buts de la vision strat\u00e9gique de r\u00e9forme du syst\u00e8me de l\u2019\u00e9ducation et de la formation, a-t-il relev\u00e9.<\/p>\n<p>Il s\u2019agit de surmonter les difficult\u00e9s d\u2019ordre g\u00e9ographique, socio\u00e9conomique et social qui emp\u00eachent les enfants d\u2019acc\u00e9der \u00e0 l\u2019\u00e9cole, notamment dans les milieux d\u00e9favoris\u00e9s, a dit M. Amzazi, rappelant que le domaine du soutien social porte aussi bien sur l\u2019h\u00e9bergement que les cantines, le transport scolaire, la distribution de cartables et fournitures scolaires et le soutien financier direct \u00e0 travers le programme Tayssir, en plus de la revalorisation du montant des allocutions journali\u00e8res destin\u00e9es aux internats et cantines scolaires.<\/p>\n<p>Par ailleurs, le ministre a soulign\u00e9 que le discours royal \u00e0 l\u2019occasion de la F\u00eate du Tr\u00f4ne en 2018 a constitu\u00e9 un tournant important pour le syst\u00e8me d\u2019\u00e9ducation et de formation, notant que SM le Roi Mohammed VI a mis l\u2019accent, dans ce discours, sur la n\u00e9cessit\u00e9 de renforcer les programme de soutien \u00e0 la scolarisation et de lutte contre la d\u00e9perdition scolaire, en particulier dans le milieu rural, et ce \u00e0 partir de la rentr\u00e9e scolaire 2018-2019.<\/p>\n<p>A noter que le montant de l\u2019allocation trimestrielle pour b\u00e9n\u00e9ficier de l\u2019internat et des cantines scolaires a \u00e9t\u00e9 port\u00e9 \u00e0 1.800 DH par \u00e9l\u00e8ve pour l\u2019internat et 900 DH par \u00e9l\u00e8ve pour les cantines scolaires (d\u00e9jeuner), sachant qu\u2019un budget suppl\u00e9mentaire de 570 millions de dirhams (MDH) a \u00e9t\u00e9 consacr\u00e9 \u00e0 ces services au titre de l\u2019actuelle ann\u00e9e scolaire, portant le co\u00fbt global de l\u2019op\u00e9ration \u00e0 1,475 MMDH.<\/p>\n<\/div>\n<p>Auteur: Meriem IGASS<br \/>\n<a href=\"http:\/\/www.mapmarrakech.ma\/fr\/hausse-des-allocations-journalieres-dediees-aux-internats-et-cantines-scolaires\/\">Cliquez ici pour lire l&rsquo;article depuis sa source.<\/a><\/p>\n","protected":false},"excerpt":{"rendered":"<p>Marrakech \u2013 Le montant des allocations journali\u00e8res destin\u00e9es aux internats et cantines scolaires a \u00e9t\u00e9 revu \u00e0 la hausse, a affirm\u00e9, mercredi \u00e0 Marrakech, le ministre de l\u2019Education nationale, de la formation professionnelle, de l\u2019enseignement sup\u00e9rieur et de la recherche scientifique, Said Amzazi. Intervenant lors du lancement du Programme d\u2019am\u00e9lioration des services des internats et [&hellip;]<\/p>\n","protected":false},"author":1788,"featured_media":0,"comment_status":"closed","ping_status":"closed","sticky":false,"template":"","format":"standard","meta":{"fifu_image_url":"","fifu_image_alt":"","footnotes":""},"categories":[54,76],"tags":[],"class_list":["post-41864","post","type-post","status-publish","format-standard","hentry","category-maroc","category-regions"],"_links":{"self":[{"href":"https:\/\/linitiative.ca\/International\/wp-json\/wp\/v2\/posts\/41864","targetHints":{"allow":["GET"]}}],"collection":[{"href":"https:\/\/linitiative.ca\/International\/wp-json\/wp\/v2\/posts"}],"about":[{"href":"https:\/\/linitiative.ca\/International\/wp-json\/wp\/v2\/types\/post"}],"author":[{"embeddable":true,"href":"https:\/\/linitiative.ca\/International\/wp-json\/wp\/v2\/users\/1788"}],"replies":[{"embeddable":true,"href":"https:\/\/linitiative.ca\/International\/wp-json\/wp\/v2\/comments?post=41864"}],"version-history":[{"count":0,"href":"https:\/\/linitiative.ca\/International\/wp-json\/wp\/v2\/posts\/41864\/revisions"}],"wp:attachment":[{"href":"https:\/\/linitiative.ca\/International\/wp-json\/wp\/v2\/media?parent=41864"}],"wp:term":[{"taxonomy":"category","embeddable":true,"href":"https:\/\/linitiative.ca\/International\/wp-json\/wp\/v2\/categories?post=41864"},{"taxonomy":"post_tag","embeddable":true,"href":"https:\/\/linitiative.ca\/International\/wp-json\/wp\/v2\/tags?post=41864"}],"curies":[{"name":"wp","href":"https:\/\/api.w.org\/{rel}","templated":true}]}}