{"id":41865,"date":"2019-06-20T14:54:36","date_gmt":"2019-06-20T18:54:36","guid":{"rendered":"https:\/\/linitiative.ca\/International\/imlil-le-tribunal-boucle-laudition-des-accuses\/"},"modified":"2019-06-20T14:54:36","modified_gmt":"2019-06-20T18:54:36","slug":"imlil-le-tribunal-boucle-laudition-des-accuses","status":"publish","type":"post","link":"https:\/\/linitiative.ca\/International\/imlil-le-tribunal-boucle-laudition-des-accuses\/","title":{"rendered":"Imlil: Le tribunal boucle l\u2019audition des accus\u00e9s"},"content":{"rendered":"<div readability=\"34\">\n<p>Sal\u00e9 \u2013 La Chambre criminelle charg\u00e9e des affaires du terrorisme pr\u00e8s l\u2019annexe de la Cour d\u2019appel \u00e0 Sal\u00e9 a boucl\u00e9 jeudi l\u2019audition des accus\u00e9s dans l\u2019affaire du meurtre de deux touristes scandinaves dans la r\u00e9gion d\u2019Imlil (province d\u2019El Haouz).<\/p>\n<\/div>\n<div readability=\"74\">\n<p>Confront\u00e9s aux faits qui leur sont reproch\u00e9s conform\u00e9ment aux proc\u00e8s-verbaux de la police judiciaire et du juge d\u2019instruction, les six pr\u00e9venus auditionn\u00e9s ont ni\u00e9 les chefs d\u2019accusation port\u00e9s \u00e0 leur encontre lors de l\u2019enqu\u00eate pr\u00e9liminaire et devant le juge d\u2019instruction.<\/p>\n<p>Au cours de cette audience, la Cour a pr\u00e9sent\u00e9 les charges retenues contre les six pr\u00e9venus, parmi les 24 individus poursuivis dans cette affaire, \u00e0 savoir la \u00ab\u00a0planification d\u2019actes terroristes \u00e0 l\u2019int\u00e9rieur du Royaume ciblant les touristes, les \u00e9l\u00e9ments de la Gendarmerie et de la S\u00fbret\u00e9 et certains sites touristiques, non-d\u00e9nonciation de crime, apologie de terrorisme et meurtre de deux touristes scandinaves\u00a0\u00bb.<\/p>\n<p>Dans une d\u00e9claration \u00e0 la MAP, l\u2019avocate Hafida Mekssaoui a indiqu\u00e9 que l\u2019audience s\u2019est d\u00e9roul\u00e9e \u00ab\u00a0dans des conditions tr\u00e8s normales\u00a0\u00bb apr\u00e8s l\u2019audition de 18 accus\u00e9s lors des pr\u00e9c\u00e9dentes s\u00e9ances, se f\u00e9licitant du fait que la traduction ait pu \u00eatre assur\u00e9e pour l\u2019accus\u00e9 portant la double nationalit\u00e9 suisse et espagnole.<\/p>\n<p>A l\u2019issue de cette audience qui a \u00e9t\u00e9 suivie par les repr\u00e9sentants de m\u00e9dias nationaux et \u00e9trangers, la Cour a d\u00e9cid\u00e9 de reprendre l\u2019examen du proc\u00e8s jeudi prochain.<\/p>\n<p>Les accus\u00e9s sont poursuivis notamment pour \u00ab\u00a0constitution d\u2019une bande pour pr\u00e9parer et commettre des actes terroristes, atteinte \u00e0 la vie de personnes avec pr\u00e9m\u00e9ditation, possession d\u2019armes \u00e0 feu et tentative de fabrication d\u2019explosifs en violation de la loi, dans le cadre d\u2019un projet collectif visant \u00e0 porter gravement atteinte \u00e0 l\u2019ordre public\u00a0\u00bb.<\/p>\n<p>Dans le cadre des investigations men\u00e9es apr\u00e8s la d\u00e9couverte des corps sans vie de deux touristes \u00e9trang\u00e8res dans la r\u00e9gion d\u2019Imlil, le Bureau central d\u2019investigations judiciaires (BCIJ), relevant de la Direction g\u00e9n\u00e9rale de la surveillance du territoire national, avait annonc\u00e9 l\u2019arrestation des personnes accus\u00e9es, en collaboration avec la Gendarmerie royale et la S\u00fbret\u00e9 nationale.<\/p>\n<\/div>\n<p>Auteur: Meriem IGASS<br \/>\n<a href=\"http:\/\/www.mapmarrakech.ma\/fr\/affaire-dimlil-le-tribunal-boucle-laudition-des-accuses\/\">Cliquez ici pour lire l&rsquo;article depuis sa source.<\/a><\/p>\n","protected":false},"excerpt":{"rendered":"<p>Sal\u00e9 \u2013 La Chambre criminelle charg\u00e9e des affaires du terrorisme pr\u00e8s l\u2019annexe de la Cour d\u2019appel \u00e0 Sal\u00e9 a boucl\u00e9 jeudi l\u2019audition des accus\u00e9s dans l\u2019affaire du meurtre de deux touristes scandinaves dans la r\u00e9gion d\u2019Imlil (province d\u2019El Haouz). Confront\u00e9s aux faits qui leur sont reproch\u00e9s conform\u00e9ment aux proc\u00e8s-verbaux de la police judiciaire et du [&hellip;]<\/p>\n","protected":false},"author":1788,"featured_media":0,"comment_status":"closed","ping_status":"closed","sticky":false,"template":"","format":"standard","meta":{"fifu_image_url":"","fifu_image_alt":"","footnotes":""},"categories":[54,76],"tags":[],"class_list":["post-41865","post","type-post","status-publish","format-standard","hentry","category-maroc","category-regions"],"_links":{"self":[{"href":"https:\/\/linitiative.ca\/International\/wp-json\/wp\/v2\/posts\/41865","targetHints":{"allow":["GET"]}}],"collection":[{"href":"https:\/\/linitiative.ca\/International\/wp-json\/wp\/v2\/posts"}],"about":[{"href":"https:\/\/linitiative.ca\/International\/wp-json\/wp\/v2\/types\/post"}],"author":[{"embeddable":true,"href":"https:\/\/linitiative.ca\/International\/wp-json\/wp\/v2\/users\/1788"}],"replies":[{"embeddable":true,"href":"https:\/\/linitiative.ca\/International\/wp-json\/wp\/v2\/comments?post=41865"}],"version-history":[{"count":0,"href":"https:\/\/linitiative.ca\/International\/wp-json\/wp\/v2\/posts\/41865\/revisions"}],"wp:attachment":[{"href":"https:\/\/linitiative.ca\/International\/wp-json\/wp\/v2\/media?parent=41865"}],"wp:term":[{"taxonomy":"category","embeddable":true,"href":"https:\/\/linitiative.ca\/International\/wp-json\/wp\/v2\/categories?post=41865"},{"taxonomy":"post_tag","embeddable":true,"href":"https:\/\/linitiative.ca\/International\/wp-json\/wp\/v2\/tags?post=41865"}],"curies":[{"name":"wp","href":"https:\/\/api.w.org\/{rel}","templated":true}]}}