{"id":41867,"date":"2019-06-21T07:12:57","date_gmt":"2019-06-21T11:12:57","guid":{"rendered":"https:\/\/linitiative.ca\/International\/inscrire-lart-gnaoui-sur-la-liste-de-lunesco\/"},"modified":"2019-06-21T07:12:57","modified_gmt":"2019-06-21T11:12:57","slug":"inscrire-lart-gnaoui-sur-la-liste-de-lunesco","status":"publish","type":"post","link":"https:\/\/linitiative.ca\/International\/inscrire-lart-gnaoui-sur-la-liste-de-lunesco\/","title":{"rendered":"Inscrire l\u2019art gnaoui sur la liste de l\u2019UNESCO"},"content":{"rendered":"<div readability=\"35\">\n<p>Essaouira \u2013 Les efforts entrepris depuis quelques ann\u00e9es par le Maroc en vue du classement de l\u2019art gnaoui sur la liste du patrimoine culturel immat\u00e9riel de l\u2019Humanit\u00e9 de l\u2019UNESCO, ont \u00e9t\u00e9 mis en avant jeudi \u00e0 Essaouira.<\/p>\n<\/div>\n<div readability=\"91\">\n<p>Lors d\u2019une rencontre avec les ma\u00e2lems gnaouis, tenue dans le cadre de la 22\u00e8 \u00e9dition du Festival Gnaoua et Musiques du Monde (20 au 23 juin), les organisateurs ont soulign\u00e9 l\u2019importance de l\u2019inscription sur la liste de l\u2019UNESCO, de ce patrimoine s\u00e9culaire illustrant l\u2019ancrage africain du Royaume.<\/p>\n<p>Il s\u2019agira d\u2019une nouvelle cons\u00e9cration du patrimoine national en g\u00e9n\u00e9ral et de la musique gnaoua en particulier, qui constitue un h\u00e9ritage musical universel et humain et une exp\u00e9rience symbolique du vivre en commun dans la diversit\u00e9 ethnique et culturelle au Maroc, ont-ils indiqu\u00e9, mettant en avant l\u2019importance de cette future cons\u00e9cration dans le renforcement de l\u2019internationalisation de ce patrimoine.<\/p>\n<p>Ils ont, en outre, rappel\u00e9 que lors de la 14\u00e8 r\u00e9union annuelle pr\u00e9vue en d\u00e9cembre prochain \u00e0 Bogota (Colombie), la commission relevant de l\u2019UNESCO devrait d\u00e9cider du classement du patrimoine gnaoui sur la liste du patrimoine culturel immat\u00e9riel de l\u2019Humanit\u00e9, notant qu\u2019il s\u2019agit l\u00e0 d\u2019une \u00e9tape tr\u00e8s importante dans l\u2019histoire de ce legs.<\/p>\n<p>Les diff\u00e9rents intervenants ont lou\u00e9 aussi tout le travail accompli pour mettre en exergue l\u2019art gnaoui et faire conna\u00eetre ce patrimoine \u00e0 l\u2019\u00e9chelle plan\u00e9taire, notant que Gnaoua en tant qu\u2019art, culture et patrimoine m\u00e9rite d\u2019\u00eatre d\u00e9clar\u00e9 patrimoine universel pour toute l\u2019Humanit\u00e9 et qu\u2019il soit promu et prot\u00e9g\u00e9 pour les g\u00e9n\u00e9rations montantes.<\/p>\n<p>Sur un autre registre, ils ont mis l\u2019accent sur le r\u00f4le jou\u00e9 par le Festival Gnaoua et Musiques du Monde dans la promotion de ce patrimoine s\u00e9culaire au-del\u00e0 des fronti\u00e8res nationales, et dans la reconsid\u00e9ration \u00e0 manifester \u00e0 l\u2019adresse de tous les ma\u00e2lems qui ont beaucoup donn\u00e9 \u00e0 ce patrimoine authentique.<\/p>\n<p>Intervenant \u00e0 cette occasion, Mme Neila Tazi Abdi, productrice du Festival Gnaoua et Musiques du Monde, a mis en avant les efforts d\u00e9ploy\u00e9s par plusieurs intervenants \u00e0 savoir l\u2019Etat, \u00e0 travers le minist\u00e8re de la culture, ainsi que des acteurs engag\u00e9s de la soci\u00e9t\u00e9 civile pour que cette candidature puisse aboutir, insistant sur la mobilisation accrue des Ma\u00e2lems gnaouis pour la promotion de ce patrimoine.<\/p>\n<p>L\u2019inscription du patrimoine gnaoui sur la liste de l\u2019UNESCO rel\u00e8ve de la responsabilit\u00e9 de tous, a-t-elle insist\u00e9, annon\u00e7ant l\u2019organisation prochaine d\u2019une journ\u00e9e d\u2019\u00e9tude pour focaliser dans les d\u00e9tails sur le classement de Gnaoua comme patrimoine culturel immat\u00e9riel de l\u2019Humanit\u00e9 et sur les avantages qu\u2019une telle reconnaissance peut procurer en termes de promotion et de p\u00e9rennisation de cet art ancestral mais aussi de consolidation de son universalit\u00e9.<\/p>\n<p>Mme Tazi s\u2019est f\u00e9licit\u00e9e \u00e9galement de la participation remarquable de 32 ma\u00e2lems ganaouis \u00e0 cette nouvelle \u00e9dition du Festival Gnaoua qui promet d\u00e9j\u00e0 des spectacles hallucinants et de beaux moments de d\u00e9tente et de liesse.<\/p>\n<\/div>\n<p>Auteur: Meriem IGASS<br \/>\n<a href=\"http:\/\/www.mapmarrakech.ma\/fr\/festival-gnaoua-et-musiques-du-monde-rencontre-avec-les-maalems-gnaoua\/\">Cliquez ici pour lire l&rsquo;article depuis sa source.<\/a><\/p>\n","protected":false},"excerpt":{"rendered":"<p>Essaouira \u2013 Les efforts entrepris depuis quelques ann\u00e9es par le Maroc en vue du classement de l\u2019art gnaoui sur la liste du patrimoine culturel immat\u00e9riel de l\u2019Humanit\u00e9 de l\u2019UNESCO, ont \u00e9t\u00e9 mis en avant jeudi \u00e0 Essaouira. Lors d\u2019une rencontre avec les ma\u00e2lems gnaouis, tenue dans le cadre de la 22\u00e8 \u00e9dition du Festival Gnaoua [&hellip;]<\/p>\n","protected":false},"author":1788,"featured_media":0,"comment_status":"closed","ping_status":"closed","sticky":false,"template":"","format":"standard","meta":{"fifu_image_url":"","fifu_image_alt":"","footnotes":""},"categories":[54,76],"tags":[],"class_list":["post-41867","post","type-post","status-publish","format-standard","hentry","category-maroc","category-regions"],"_links":{"self":[{"href":"https:\/\/linitiative.ca\/International\/wp-json\/wp\/v2\/posts\/41867","targetHints":{"allow":["GET"]}}],"collection":[{"href":"https:\/\/linitiative.ca\/International\/wp-json\/wp\/v2\/posts"}],"about":[{"href":"https:\/\/linitiative.ca\/International\/wp-json\/wp\/v2\/types\/post"}],"author":[{"embeddable":true,"href":"https:\/\/linitiative.ca\/International\/wp-json\/wp\/v2\/users\/1788"}],"replies":[{"embeddable":true,"href":"https:\/\/linitiative.ca\/International\/wp-json\/wp\/v2\/comments?post=41867"}],"version-history":[{"count":0,"href":"https:\/\/linitiative.ca\/International\/wp-json\/wp\/v2\/posts\/41867\/revisions"}],"wp:attachment":[{"href":"https:\/\/linitiative.ca\/International\/wp-json\/wp\/v2\/media?parent=41867"}],"wp:term":[{"taxonomy":"category","embeddable":true,"href":"https:\/\/linitiative.ca\/International\/wp-json\/wp\/v2\/categories?post=41867"},{"taxonomy":"post_tag","embeddable":true,"href":"https:\/\/linitiative.ca\/International\/wp-json\/wp\/v2\/tags?post=41867"}],"curies":[{"name":"wp","href":"https:\/\/api.w.org\/{rel}","templated":true}]}}