{"id":41872,"date":"2019-06-20T14:42:00","date_gmt":"2019-06-20T18:42:00","guid":{"rendered":"https:\/\/linitiative.ca\/International\/ouargla-plus-de-1-270-palmiers-ravages-par-les-incendies-depuis-le-debut-de-lannee\/"},"modified":"2019-06-20T14:42:00","modified_gmt":"2019-06-20T18:42:00","slug":"ouargla-plus-de-1-270-palmiers-ravages-par-les-incendies-depuis-le-debut-de-lannee","status":"publish","type":"post","link":"https:\/\/linitiative.ca\/International\/ouargla-plus-de-1-270-palmiers-ravages-par-les-incendies-depuis-le-debut-de-lannee\/","title":{"rendered":"Ouargla: plus de 1.270 palmiers ravag\u00e9s par les incendies depuis le d\u00e9but de l&rsquo;ann\u00e9e"},"content":{"rendered":"<div>\n<div class=\"K2FeedImage\"><img decoding=\"async\" src=\"http:\/\/www.aps.dz\/media\/k2\/items\/cache\/184fd35c448cf48924244e545902c2bc_S.jpg\" alt=\"Ouargla: plus de 1.270 palmiers ravag\u00e9s par les incendies depuis le d\u00e9but de l'ann\u00e9e\"><\/div>\n<div class=\"K2FeedIntroText\">\n<p><strong>OUARGLA &#8211; Pas moins de 1.476 palmiers, sur une superficie de 10 hectares, ont \u00e9t\u00e9 d\u00e9truits par 165 incendies qui s&rsquo;\u00e9taient d\u00e9clar\u00e9s entre d\u00e9but janvier et mai de cette ann\u00e9e dans les palmeraies de la wilaya d&rsquo;Ouargla, a-t-on appris aupr\u00e8s de la Conservation locale des for\u00eats.<\/strong><\/p>\n<\/div>\n<div class=\"K2FeedFullText\">\n<p>Ces sinistres, dont les causes sont imput\u00e9es aux grandes chaleurs et \u00e0 l&rsquo;action volontaire de citoyens, ont engendr\u00e9 d&rsquo;importants d\u00e9g\u00e2ts, a indiqu\u00e9 le chef de service de la protection de la richesse animale et v\u00e9g\u00e9tale.<\/p>\n<p>De larges \u00e9tendues de palmeraies et de cultures sont d\u00e9truites chaque ann\u00e9e dans la wilaya d&rsquo;Ouargla, en raison notamment de l&rsquo;\u00e9tat d&rsquo;abandon de cette richesse, de litiges familiaux, de n\u00e9gligence, ainsi que de l&rsquo;insouciance des agriculteurs, a expliqu\u00e9 Adel Ghilani.<\/p>\n<p>Les incendies de palmeraies dans la wilaya d&rsquo;Ouargla ont connu durant les cinq derni\u00e8res ann\u00e9es une \u2018&rsquo;baisse sensible\u00a0\u00bb suite \u00e0 la mise en \u0153uvre d&rsquo;une s\u00e9rie de mesures pr\u00e9ventives, dont la redynamisation des commissions de lutte contre les incendies au niveau des da\u00efras et des communes ainsi que l&rsquo;utilisation du syst\u00e8me d&rsquo;alerte pr\u00e9coce des feux, a ajout\u00e9 le m\u00eame responsable.<\/p>\n<p>M. Ghilani a fait part, en outre, de l&rsquo;\u00e9laboration, en coordination avec la direction des services agricoles, d&rsquo;une \u00e9tude de r\u00e9alisation d&rsquo;acc\u00e8s \u00e0 l&rsquo;int\u00e9rieur des palmeraies de la wilaya, l&rsquo;intensification de campagnes de sensibilisation en direction des citoyens et des agriculteurs, ainsi que l&rsquo;implication des associations dans la campagne de pr\u00e9vention.<\/p>\n<\/div>\n<\/div>\n<p>Auteur:<br \/>\n<a href=\"http:\/\/www.aps.dz\/regions\/90920-ouargla-plus-de-1-270-palmiers-ravages-par-les-incendies-depuis-le-debut-de-l-annee\">Cliquez ici pour lire l&rsquo;article depuis sa source.<\/a><\/p>\n","protected":false},"excerpt":{"rendered":"<p>OUARGLA &#8211; Pas moins de 1.476 palmiers, sur une superficie de 10 hectares, ont \u00e9t\u00e9 d\u00e9truits par 165 incendies qui s&rsquo;\u00e9taient d\u00e9clar\u00e9s entre d\u00e9but janvier et mai de cette ann\u00e9e dans les palmeraies de la wilaya d&rsquo;Ouargla, a-t-on appris aupr\u00e8s de la Conservation locale des for\u00eats. Ces sinistres, dont les causes sont imput\u00e9es aux grandes [&hellip;]<\/p>\n","protected":false},"author":1790,"featured_media":41873,"comment_status":"closed","ping_status":"closed","sticky":false,"template":"","format":"standard","meta":{"fifu_image_url":"","fifu_image_alt":"","footnotes":""},"categories":[53,76],"tags":[],"class_list":["post-41872","post","type-post","status-publish","format-standard","has-post-thumbnail","hentry","category-algerie","category-regions"],"_links":{"self":[{"href":"https:\/\/linitiative.ca\/International\/wp-json\/wp\/v2\/posts\/41872","targetHints":{"allow":["GET"]}}],"collection":[{"href":"https:\/\/linitiative.ca\/International\/wp-json\/wp\/v2\/posts"}],"about":[{"href":"https:\/\/linitiative.ca\/International\/wp-json\/wp\/v2\/types\/post"}],"author":[{"embeddable":true,"href":"https:\/\/linitiative.ca\/International\/wp-json\/wp\/v2\/users\/1790"}],"replies":[{"embeddable":true,"href":"https:\/\/linitiative.ca\/International\/wp-json\/wp\/v2\/comments?post=41872"}],"version-history":[{"count":0,"href":"https:\/\/linitiative.ca\/International\/wp-json\/wp\/v2\/posts\/41872\/revisions"}],"wp:featuredmedia":[{"embeddable":true,"href":"https:\/\/linitiative.ca\/International\/wp-json\/"}],"wp:attachment":[{"href":"https:\/\/linitiative.ca\/International\/wp-json\/wp\/v2\/media?parent=41872"}],"wp:term":[{"taxonomy":"category","embeddable":true,"href":"https:\/\/linitiative.ca\/International\/wp-json\/wp\/v2\/categories?post=41872"},{"taxonomy":"post_tag","embeddable":true,"href":"https:\/\/linitiative.ca\/International\/wp-json\/wp\/v2\/tags?post=41872"}],"curies":[{"name":"wp","href":"https:\/\/api.w.org\/{rel}","templated":true}]}}