{"id":41890,"date":"2019-06-21T15:14:24","date_gmt":"2019-06-21T19:14:24","guid":{"rendered":"https:\/\/linitiative.ca\/International\/ligue-1-2-crb-bousseliou-tres-satisfait-de-ma-premiere-saison-au-chabab\/"},"modified":"2019-06-21T15:14:24","modified_gmt":"2019-06-21T19:14:24","slug":"ligue-1-2-crb-bousseliou-tres-satisfait-de-ma-premiere-saison-au-chabab","status":"publish","type":"post","link":"https:\/\/linitiative.ca\/International\/ligue-1-2-crb-bousseliou-tres-satisfait-de-ma-premiere-saison-au-chabab\/","title":{"rendered":"Ligue 1 &amp; 2 : CRB &#8211; Bousseliou: \u00abTr\u00e8s satisfait de ma premi\u00e8re saison au Chabab\u00bb"},"content":{"rendered":"<div readability=\"32\">\n<p>Auteur : <span>Islam Tazibt<\/span> <span class=\"time\">vendredi 21 juin 2019 09:17<\/span><\/p>\n<\/div>\n<div id=\"post_core\" readability=\"47\">\n<p><strong>Comment passez-vous vos vacances ?<\/strong><br \/>Le plus normalement du monde. Je profite de ces quelques jours de repos pour me reposer. Actuellement, je suis aupr\u00e8s de ma famille et de mes proches qui m\u2019ont terriblement manqu\u00e9 tout au long de la saison. La famille \u00e7a aide\u00a0 beaucoup \u00e0 se ressourcer et c\u2019est ce dont j\u2019ai le plus besoin en cette p\u00e9riode. \u00c7a me permettra de revenir plus frais mentalement surtout.<br \/><strong>Le club s\u2019active sur le march\u00e9 des transferts. Pensez-vous que le Chabab pourra jouer les premiers r\u00f4les en championnat ?<\/strong><br \/>Je pense qu\u2019on a montr\u00e9 qu\u2019on \u00e9tait en mesure de battre les meilleurs. D\u2019ailleurs, sur l\u2019ensemble de la deuxi\u00e8me partie de saison, on a \u00e9t\u00e9 meilleurs que le champion et son dauphin. On est donc sur la bonne voie. Avec un plus de renfort et de qualit\u00e9, on ne sera donc que meilleur et on pourra viser le haut du classement mais aussi une bonne campagne africaine.<br \/><strong>Avec les recrues qui sont annonc\u00e9es proches de Belouizdad, il devrait y avoir beaucoup de concurrence la saison prochaine\u2026<\/strong><br \/>La concurrence fait partie du quotidien d\u2019un joueur professionnel. M\u00eame lors de la saison qui vient de s\u2019\u00e9couler, il y avait de la concurrence et beaucoup de joueurs de qualit\u00e9. Pour ma part, je sais tr\u00e8s bien qu\u2019\u00e9voluer au CRB \u00e9quivaut \u00e0 de la concurrence. Donc, je n\u2019ai pas \u00e0 me plaindre. Bien au contraire, \u00e7a va me pousser \u00e0 doubler mes efforts pour \u00eatre de ceux qui jouent souvent.<br \/><strong>Comment voyez-vous votre avenir avec le Chabab ?<\/strong><br \/>Je suis toujours sous contrat avec le Chabab de Belouizdad. Je viens juste de lancer ma carri\u00e8re et je me sens terriblement bien dans ce club. Tout est r\u00e9uni pour que je m\u2019\u00e9panouisse et surtout que je continue ma progression car c\u2019est l\u2019\u00e9l\u00e9ment que je dois prendre en consid\u00e9ration en premier. Ma progression avant tout.<br \/><strong>Un dernier mot pour conclure ?<\/strong><br \/>Pour terminer, je tiens \u00e0 remercier tous ceux qui m\u2019ont fait confiance et qui ont cru en moi. Je remercie les membres du staff technique pour leurs conseils mais aussi les supporters pour leur soutien. Cette ann\u00e9e restera grav\u00e9e \u00e0 jamais dans ma m\u00e9moire. J\u2019ai v\u00e9cu des moments intenses de joie et de bonheur. J\u2019esp\u00e8re que l\u2019avenir sera ponctu\u00e9 de beaucoup de succ\u00e8s.<\/p>\n<p><strong>Publi\u00e9 dans :<\/strong> <span>CRB<\/span> <span>Bousseliou<\/span><\/p>\n<\/div>\n<p>Auteur:<br \/>\n<a href=\"http:\/\/www.lebuteur.com\/article\/detail?titre=crb-bousseliou-tres-satisfait-de-ma-premiere-saison-au-chabab&#038;id=89726&#038;utm_source=feedburner&#038;utm_medium=feed&#038;utm_campaign=Feed%3A+GalerieFArtciles+%28Les+derniers+articles++-+lebuteur.com%29\">Cliquez ici pour lire l&rsquo;article depuis sa source.<\/a><\/p>\n","protected":false},"excerpt":{"rendered":"<p>Auteur : Islam Tazibt vendredi 21 juin 2019 09:17 Comment passez-vous vos vacances ?Le plus normalement du monde. Je profite de ces quelques jours de repos pour me reposer. Actuellement, je suis aupr\u00e8s de ma famille et de mes proches qui m\u2019ont terriblement manqu\u00e9 tout au long de la saison. La famille \u00e7a aide\u00a0 beaucoup [&hellip;]<\/p>\n","protected":false},"author":1738,"featured_media":41891,"comment_status":"closed","ping_status":"closed","sticky":false,"template":"","format":"standard","meta":{"fifu_image_url":"","fifu_image_alt":"","footnotes":""},"categories":[53,75],"tags":[],"class_list":["post-41890","post","type-post","status-publish","format-standard","has-post-thumbnail","hentry","category-algerie","category-sport"],"_links":{"self":[{"href":"https:\/\/linitiative.ca\/International\/wp-json\/wp\/v2\/posts\/41890","targetHints":{"allow":["GET"]}}],"collection":[{"href":"https:\/\/linitiative.ca\/International\/wp-json\/wp\/v2\/posts"}],"about":[{"href":"https:\/\/linitiative.ca\/International\/wp-json\/wp\/v2\/types\/post"}],"author":[{"embeddable":true,"href":"https:\/\/linitiative.ca\/International\/wp-json\/wp\/v2\/users\/1738"}],"replies":[{"embeddable":true,"href":"https:\/\/linitiative.ca\/International\/wp-json\/wp\/v2\/comments?post=41890"}],"version-history":[{"count":0,"href":"https:\/\/linitiative.ca\/International\/wp-json\/wp\/v2\/posts\/41890\/revisions"}],"wp:featuredmedia":[{"embeddable":true,"href":"https:\/\/linitiative.ca\/International\/wp-json\/"}],"wp:attachment":[{"href":"https:\/\/linitiative.ca\/International\/wp-json\/wp\/v2\/media?parent=41890"}],"wp:term":[{"taxonomy":"category","embeddable":true,"href":"https:\/\/linitiative.ca\/International\/wp-json\/wp\/v2\/categories?post=41890"},{"taxonomy":"post_tag","embeddable":true,"href":"https:\/\/linitiative.ca\/International\/wp-json\/wp\/v2\/tags?post=41890"}],"curies":[{"name":"wp","href":"https:\/\/api.w.org\/{rel}","templated":true}]}}