{"id":41894,"date":"2019-06-21T15:14:26","date_gmt":"2019-06-21T19:14:26","guid":{"rendered":"https:\/\/linitiative.ca\/International\/ligue-1-2-usma-oukkal-honore-de-rejoindre-ce-grand-club\/"},"modified":"2019-06-21T15:14:26","modified_gmt":"2019-06-21T19:14:26","slug":"ligue-1-2-usma-oukkal-honore-de-rejoindre-ce-grand-club","status":"publish","type":"post","link":"https:\/\/linitiative.ca\/International\/ligue-1-2-usma-oukkal-honore-de-rejoindre-ce-grand-club\/","title":{"rendered":"Ligue 1 &amp; 2 : USMA &#8211; Oukkal: \u00abHonor\u00e9 de rejoindre ce grand club\u00bb"},"content":{"rendered":"<div readability=\"32\">\n<p>Auteur : <span>M. K.<\/span> <span class=\"time\">vendredi 21 juin 2019 09:17<\/span><\/p>\n<\/div>\n<div id=\"post_core\" readability=\"54\">\n<p>Contact\u00e9 au bout du fil, Ilyes Oukkal nous a parl\u00e9 du nouveau challenge qu\u2019il rel\u00e8vera, apr\u00e8s avoir d\u00e9cid\u00e9 de quitter le NAHD et de rejoindre l\u2019USMA cet \u00e9t\u00e9. \u00abD\u00e9j\u00e0, il faut savoir que je suis honor\u00e9 de rejoindre ce grand club qui n\u2019est pas \u00e0 pr\u00e9senter. Je suis heureux d\u2019avoir opt\u00e9 pour cette \u00e9quipe, je sais que je serai mis dans de bonnes conditions et que j\u2019aurais l\u2019occasion de progresser. J\u2019ai envie de devenir meilleur, je ferai tout ce qu\u2019il faut pour \u00eatre aussi \u00e0 la hauteur de la confiance plac\u00e9e en moi par les dirigeants.\u00bb Apr\u00e8s un d\u00e9but de saison compliqu\u00e9, puisqu\u2019il \u00e9tait longtemps bless\u00e9, ce joueur a pu retrouver ses forces lors de la seconde moiti\u00e9 de l\u2019exercice sortant en s\u2019imposant m\u00eame comme un titulaire indiscutable dans le onze du Nasria.<br \/><strong>\u00abJe suis venu m\u2019imposer\u00bb<\/strong><br \/>Ilyes Oukkal ne s\u2019est pas arr\u00eat\u00e9 l\u00e0, puisqu\u2019il a ajout\u00e9 : \u00abSi je suis venu \u00e0 l\u2019USMA, c\u2019est pour m\u2019imposer. Je sais que ma mission ne sera pas facile, mais je ferai de mon mieux pour apporter un plus. Je veux aussi gagner des titres et je donnerai le meilleur de moi-m\u00eame afin d\u2019aider mes nouveaux co\u00e9quipiers \u00e0 attendre leur objectif.\u00bb \u00c0 l\u2019USMA, le nouveau d\u00e9fenseur central sera soumis \u00e0 une forte concurrence et doit se battre pour se faire une place au soleil. Si tout se passe comme pr\u00e9vu, il sera pr\u00e9sent lors de la reprise qui aura lieu le 25 du mois actuel au stade Omar-Hamadi.<br \/><strong>Il a sign\u00e9 un contrat de deux ans<\/strong><br \/>M\u00eame si l\u2019annonce n\u2019a pas encore \u00e9t\u00e9 faite, Ilyes Oukkal est un joueur de l\u2019USMA. Selon les informations dont nous disposons, cet \u00e9l\u00e9ment, pass\u00e9 par l\u2019AS Khroub, a sign\u00e9 un contrat de deux ans en faveur des Rouge et Noir. Les responsables du club champion officialiseront son arriv\u00e9e incessamment. Une arriv\u00e9e qui devrait r\u00e9jouir les fans, en attendant que d\u2019autres \u00e9l\u00e9ments \u00e0 vocation d\u00e9fensive lui emboitent le pas.<\/p>\n<p><strong>Publi\u00e9 dans :<\/strong> <span>USMA<\/span> <span>Nahd<\/span> <span>Oukkal<\/span><\/p>\n<\/div>\n<p>Auteur:<br \/>\n<a href=\"http:\/\/www.lebuteur.com\/article\/detail?titre=usma-oukkal-honore-de-rejoindre-ce-grand-club&#038;id=89724&#038;utm_source=feedburner&#038;utm_medium=feed&#038;utm_campaign=Feed%3A+GalerieFArtciles+%28Les+derniers+articles++-+lebuteur.com%29\">Cliquez ici pour lire l&rsquo;article depuis sa source.<\/a><\/p>\n","protected":false},"excerpt":{"rendered":"<p>Auteur : M. K. vendredi 21 juin 2019 09:17 Contact\u00e9 au bout du fil, Ilyes Oukkal nous a parl\u00e9 du nouveau challenge qu\u2019il rel\u00e8vera, apr\u00e8s avoir d\u00e9cid\u00e9 de quitter le NAHD et de rejoindre l\u2019USMA cet \u00e9t\u00e9. \u00abD\u00e9j\u00e0, il faut savoir que je suis honor\u00e9 de rejoindre ce grand club qui n\u2019est pas \u00e0 pr\u00e9senter. [&hellip;]<\/p>\n","protected":false},"author":1738,"featured_media":41895,"comment_status":"closed","ping_status":"closed","sticky":false,"template":"","format":"standard","meta":{"fifu_image_url":"","fifu_image_alt":"","footnotes":""},"categories":[53,75],"tags":[],"class_list":["post-41894","post","type-post","status-publish","format-standard","has-post-thumbnail","hentry","category-algerie","category-sport"],"_links":{"self":[{"href":"https:\/\/linitiative.ca\/International\/wp-json\/wp\/v2\/posts\/41894","targetHints":{"allow":["GET"]}}],"collection":[{"href":"https:\/\/linitiative.ca\/International\/wp-json\/wp\/v2\/posts"}],"about":[{"href":"https:\/\/linitiative.ca\/International\/wp-json\/wp\/v2\/types\/post"}],"author":[{"embeddable":true,"href":"https:\/\/linitiative.ca\/International\/wp-json\/wp\/v2\/users\/1738"}],"replies":[{"embeddable":true,"href":"https:\/\/linitiative.ca\/International\/wp-json\/wp\/v2\/comments?post=41894"}],"version-history":[{"count":0,"href":"https:\/\/linitiative.ca\/International\/wp-json\/wp\/v2\/posts\/41894\/revisions"}],"wp:featuredmedia":[{"embeddable":true,"href":"https:\/\/linitiative.ca\/International\/wp-json\/"}],"wp:attachment":[{"href":"https:\/\/linitiative.ca\/International\/wp-json\/wp\/v2\/media?parent=41894"}],"wp:term":[{"taxonomy":"category","embeddable":true,"href":"https:\/\/linitiative.ca\/International\/wp-json\/wp\/v2\/categories?post=41894"},{"taxonomy":"post_tag","embeddable":true,"href":"https:\/\/linitiative.ca\/International\/wp-json\/wp\/v2\/tags?post=41894"}],"curies":[{"name":"wp","href":"https:\/\/api.w.org\/{rel}","templated":true}]}}