{"id":41896,"date":"2019-06-21T15:14:27","date_gmt":"2019-06-21T19:14:27","guid":{"rendered":"https:\/\/linitiative.ca\/International\/equipe-dalgerie-mahrez-en-mode-leader\/"},"modified":"2019-06-21T15:14:27","modified_gmt":"2019-06-21T19:14:27","slug":"equipe-dalgerie-mahrez-en-mode-leader","status":"publish","type":"post","link":"https:\/\/linitiative.ca\/International\/equipe-dalgerie-mahrez-en-mode-leader\/","title":{"rendered":"Equipe d&rsquo;Alg\u00e9rie : Mahrez en mode leader"},"content":{"rendered":"<div readability=\"32\">\n<p>Auteur : <span>Moumen A.<\/span> <span class=\"time\">vendredi 21 juin 2019 16:26<\/span><\/p>\n<\/div>\n<div id=\"post_core\" readability=\"38\">\n<p>Il sera incontestablement la star de l\u2019\u00e9quipe alg\u00e9rienne et l\u2019une des grandes vedettes de cette CAN ; Riyad Mahrez aura \u00e0 c\u0153ur de r\u00e9ussir une grande CAN et de confirmer sa tr\u00e8s bonne saison avec les Citizens. Mahrez qui est parvenu \u00e0 trouver du temps de jeu \u00e0 Manchester City (7 buts en Premier League dont un sublime lors de la derni\u00e8re journ\u00e9e), va devoir prendre ses responsabilit\u00e9s en s\u00e9lection pour faire briller le drapeau alg\u00e9rien en Egypte. Ayant annonc\u00e9 la couleur lors de sa r\u00e9cente d\u00e9claration \u00e0 Alkass o\u00f9 il a affich\u00e9 son objectif de remporter la CAN, Mahrez \u00e9tait le premier joueur \u00e0 faire son entr\u00e9e sur la pelouse du stade hier \u00e0 l\u2019occasion de la seconde s\u00e9ance d\u2019entra\u00eenement des Verts en Egypte. D\u00e9tendu, il affiche une grande s\u00e9r\u00e9nit\u00e9 avant le d\u00e9but de cette comp\u00e9tition dans laquelle il veut briller et mener les Verts vers le sacre final.<\/p>\n<p><strong>Publi\u00e9 dans :<\/strong> <span>Mahrez<\/span><\/p>\n<\/div>\n<p>Auteur:<br \/>\n<a href=\"http:\/\/www.lebuteur.com\/article\/detail?titre=mahrez-en-mode-leader&#038;id=89741&#038;utm_source=feedburner&#038;utm_medium=feed&#038;utm_campaign=Feed%3A+GalerieFArtciles+%28Les+derniers+articles++-+lebuteur.com%29\">Cliquez ici pour lire l&rsquo;article depuis sa source.<\/a><\/p>\n","protected":false},"excerpt":{"rendered":"<p>Auteur : Moumen A. vendredi 21 juin 2019 16:26 Il sera incontestablement la star de l\u2019\u00e9quipe alg\u00e9rienne et l\u2019une des grandes vedettes de cette CAN ; Riyad Mahrez aura \u00e0 c\u0153ur de r\u00e9ussir une grande CAN et de confirmer sa tr\u00e8s bonne saison avec les Citizens. Mahrez qui est parvenu \u00e0 trouver du temps de [&hellip;]<\/p>\n","protected":false},"author":1738,"featured_media":41897,"comment_status":"closed","ping_status":"closed","sticky":false,"template":"","format":"standard","meta":{"fifu_image_url":"","fifu_image_alt":"","footnotes":""},"categories":[53,75],"tags":[],"class_list":["post-41896","post","type-post","status-publish","format-standard","has-post-thumbnail","hentry","category-algerie","category-sport"],"_links":{"self":[{"href":"https:\/\/linitiative.ca\/International\/wp-json\/wp\/v2\/posts\/41896","targetHints":{"allow":["GET"]}}],"collection":[{"href":"https:\/\/linitiative.ca\/International\/wp-json\/wp\/v2\/posts"}],"about":[{"href":"https:\/\/linitiative.ca\/International\/wp-json\/wp\/v2\/types\/post"}],"author":[{"embeddable":true,"href":"https:\/\/linitiative.ca\/International\/wp-json\/wp\/v2\/users\/1738"}],"replies":[{"embeddable":true,"href":"https:\/\/linitiative.ca\/International\/wp-json\/wp\/v2\/comments?post=41896"}],"version-history":[{"count":0,"href":"https:\/\/linitiative.ca\/International\/wp-json\/wp\/v2\/posts\/41896\/revisions"}],"wp:featuredmedia":[{"embeddable":true,"href":"https:\/\/linitiative.ca\/International\/wp-json\/"}],"wp:attachment":[{"href":"https:\/\/linitiative.ca\/International\/wp-json\/wp\/v2\/media?parent=41896"}],"wp:term":[{"taxonomy":"category","embeddable":true,"href":"https:\/\/linitiative.ca\/International\/wp-json\/wp\/v2\/categories?post=41896"},{"taxonomy":"post_tag","embeddable":true,"href":"https:\/\/linitiative.ca\/International\/wp-json\/wp\/v2\/tags?post=41896"}],"curies":[{"name":"wp","href":"https:\/\/api.w.org\/{rel}","templated":true}]}}