{"id":41898,"date":"2019-06-21T15:14:28","date_gmt":"2019-06-21T19:14:28","guid":{"rendered":"https:\/\/linitiative.ca\/International\/equipe-dalgerie-en-seance-de-recuperation-pour-les-verts-ce-matin-bennacer-recoit-le-feu-vert-du-staff-medical\/"},"modified":"2019-06-21T15:14:28","modified_gmt":"2019-06-21T19:14:28","slug":"equipe-dalgerie-en-seance-de-recuperation-pour-les-verts-ce-matin-bennacer-recoit-le-feu-vert-du-staff-medical","status":"publish","type":"post","link":"https:\/\/linitiative.ca\/International\/equipe-dalgerie-en-seance-de-recuperation-pour-les-verts-ce-matin-bennacer-recoit-le-feu-vert-du-staff-medical\/","title":{"rendered":"Equipe d&rsquo;Alg\u00e9rie : EN : S\u00e9ance de r\u00e9cup\u00e9ration pour les Verts ce matin. Bennacer re\u00e7oit le feu vert du staff m\u00e9dical"},"content":{"rendered":"<div readability=\"32\">\n<p>Auteur : <span class=\"time\">vendredi 21 juin 2019 18:46<\/span><\/p>\n<\/div>\n<div id=\"post_core\" readability=\"38\">\n<p>Les Verts ont ensuite effectu\u00e9 La Pri\u00e8re du Vendredi Joumou`a dans leur lien de r\u00e9sidence au Caire, avant de se reposer avant une nouvelle s\u00e9ance d&rsquo;entrainement pr\u00e9vue \u00e0 17h30 heure \u00e9gyptienne.<\/p>\n<p>Une s\u00e9ance d&rsquo;entrainement qui verra la participation de Isma\u00ebl Bennacer qui a re\u00e7u le feu vert du staff m\u00e9dical de l&rsquo;\u00e9quipe nationale.<\/p>\n<p><strong>Publi\u00e9 dans :<\/strong> <span>algerie<\/span><\/p>\n<\/div>\n<p>Auteur:<br \/>\n<a href=\"http:\/\/www.lebuteur.com\/article\/detail?titre=en-seance-de-recuperation-pour-les-verts-ce-matin-bennacer-recoit-le-feu-vert-du-staff-medical&#038;id=89742&#038;utm_source=feedburner&#038;utm_medium=feed&#038;utm_campaign=Feed%3A+GalerieFArtciles+%28Les+derniers+articles++-+lebuteur.com%29\">Cliquez ici pour lire l&rsquo;article depuis sa source.<\/a><\/p>\n","protected":false},"excerpt":{"rendered":"<p>Auteur : vendredi 21 juin 2019 18:46 Les Verts ont ensuite effectu\u00e9 La Pri\u00e8re du Vendredi Joumou`a dans leur lien de r\u00e9sidence au Caire, avant de se reposer avant une nouvelle s\u00e9ance d&rsquo;entrainement pr\u00e9vue \u00e0 17h30 heure \u00e9gyptienne. Une s\u00e9ance d&rsquo;entrainement qui verra la participation de Isma\u00ebl Bennacer qui a re\u00e7u le feu vert du [&hellip;]<\/p>\n","protected":false},"author":1738,"featured_media":41899,"comment_status":"closed","ping_status":"closed","sticky":false,"template":"","format":"standard","meta":{"fifu_image_url":"","fifu_image_alt":"","footnotes":""},"categories":[53,75],"tags":[],"class_list":["post-41898","post","type-post","status-publish","format-standard","has-post-thumbnail","hentry","category-algerie","category-sport"],"_links":{"self":[{"href":"https:\/\/linitiative.ca\/International\/wp-json\/wp\/v2\/posts\/41898","targetHints":{"allow":["GET"]}}],"collection":[{"href":"https:\/\/linitiative.ca\/International\/wp-json\/wp\/v2\/posts"}],"about":[{"href":"https:\/\/linitiative.ca\/International\/wp-json\/wp\/v2\/types\/post"}],"author":[{"embeddable":true,"href":"https:\/\/linitiative.ca\/International\/wp-json\/wp\/v2\/users\/1738"}],"replies":[{"embeddable":true,"href":"https:\/\/linitiative.ca\/International\/wp-json\/wp\/v2\/comments?post=41898"}],"version-history":[{"count":0,"href":"https:\/\/linitiative.ca\/International\/wp-json\/wp\/v2\/posts\/41898\/revisions"}],"wp:featuredmedia":[{"embeddable":true,"href":"https:\/\/linitiative.ca\/International\/wp-json\/"}],"wp:attachment":[{"href":"https:\/\/linitiative.ca\/International\/wp-json\/wp\/v2\/media?parent=41898"}],"wp:term":[{"taxonomy":"category","embeddable":true,"href":"https:\/\/linitiative.ca\/International\/wp-json\/wp\/v2\/categories?post=41898"},{"taxonomy":"post_tag","embeddable":true,"href":"https:\/\/linitiative.ca\/International\/wp-json\/wp\/v2\/tags?post=41898"}],"curies":[{"name":"wp","href":"https:\/\/api.w.org\/{rel}","templated":true}]}}