{"id":41916,"date":"2019-06-21T12:54:00","date_gmt":"2019-06-21T16:54:00","guid":{"rendered":"https:\/\/linitiative.ca\/International\/la-chaine-tv-de-tahkout-nest-pas-finie\/"},"modified":"2019-06-21T12:54:00","modified_gmt":"2019-06-21T16:54:00","slug":"la-chaine-tv-de-tahkout-nest-pas-finie","status":"publish","type":"post","link":"https:\/\/linitiative.ca\/International\/la-chaine-tv-de-tahkout-nest-pas-finie\/","title":{"rendered":"La chaine TV de Tahkout n\u2019est pas finie"},"content":{"rendered":"<p><br id=\"sep_para_1\" class=\"sep_para access\"\/><\/p>\n<div id=\"para_1\" class=\"para_31824943 resize\">\n<div class=\"texte access firstletter\">Au moment o\u00f9 certains affirment que la cha\u00eene Numidia Tv est finie, la cha\u00eene appartenant \u00e0 l\u2019homme d\u2019Affaires Mahiedine Tahkout continue de fonctionner normalement et pr\u00e9pare un programme audiovisuel pharaonique en pr\u00e9vision de la Coupe d\u2019Afrique des nations 2019: \u00ab CAN Club \u00bb. L\u2019\u00e9mission pr\u00e9par\u00e9e par le responsable des sports de la cha\u00eene Riad Belkhedim et anim\u00e9 par Mohamed Boukhamia sera diffus\u00e9e chaque soir en direct de Hamadi, sur un d\u00e9cor arrang\u00e9 par Sofiane Dani. Un plateau de r\u00eave sera pr\u00e9sent chaque soir le programme de cette \u00e9mission qui commentera les matchs de la CAN et analysera les matchs de l\u2019\u00e9quipe nationale. Pour la premi\u00e8re \u00e9mission, des invit\u00e9s prestigieux seront sur le plateau de Numidia Tv: Gaouaoui, Matmour et Bouguera.<\/div>\n<\/div>\n<p>Auteur: R\u00e9flexion<br \/>\n<a href=\"https:\/\/www.reflexiondz.net\/La-chaine-TV-de-Tahkout-n-est-pas-finie_a56251.html\">Cliquez ici pour lire l&rsquo;article depuis sa source.<\/a><\/p>\n","protected":false},"excerpt":{"rendered":"<p>Au moment o\u00f9 certains affirment que la cha\u00eene Numidia Tv est finie, la cha\u00eene appartenant \u00e0 l\u2019homme d\u2019Affaires Mahiedine Tahkout continue de fonctionner normalement et pr\u00e9pare un programme audiovisuel pharaonique en pr\u00e9vision de la Coupe d\u2019Afrique des nations 2019: \u00ab CAN Club \u00bb. L\u2019\u00e9mission pr\u00e9par\u00e9e par le responsable des sports de la cha\u00eene Riad Belkhedim [&hellip;]<\/p>\n","protected":false},"author":1740,"featured_media":0,"comment_status":"closed","ping_status":"closed","sticky":false,"template":"","format":"standard","meta":{"fifu_image_url":"","fifu_image_alt":"","footnotes":""},"categories":[53,76],"tags":[],"class_list":["post-41916","post","type-post","status-publish","format-standard","hentry","category-algerie","category-regions"],"_links":{"self":[{"href":"https:\/\/linitiative.ca\/International\/wp-json\/wp\/v2\/posts\/41916","targetHints":{"allow":["GET"]}}],"collection":[{"href":"https:\/\/linitiative.ca\/International\/wp-json\/wp\/v2\/posts"}],"about":[{"href":"https:\/\/linitiative.ca\/International\/wp-json\/wp\/v2\/types\/post"}],"author":[{"embeddable":true,"href":"https:\/\/linitiative.ca\/International\/wp-json\/wp\/v2\/users\/1740"}],"replies":[{"embeddable":true,"href":"https:\/\/linitiative.ca\/International\/wp-json\/wp\/v2\/comments?post=41916"}],"version-history":[{"count":0,"href":"https:\/\/linitiative.ca\/International\/wp-json\/wp\/v2\/posts\/41916\/revisions"}],"wp:attachment":[{"href":"https:\/\/linitiative.ca\/International\/wp-json\/wp\/v2\/media?parent=41916"}],"wp:term":[{"taxonomy":"category","embeddable":true,"href":"https:\/\/linitiative.ca\/International\/wp-json\/wp\/v2\/categories?post=41916"},{"taxonomy":"post_tag","embeddable":true,"href":"https:\/\/linitiative.ca\/International\/wp-json\/wp\/v2\/tags?post=41916"}],"curies":[{"name":"wp","href":"https:\/\/api.w.org\/{rel}","templated":true}]}}