{"id":41917,"date":"2019-06-21T12:54:00","date_gmt":"2019-06-21T16:54:00","guid":{"rendered":"https:\/\/linitiative.ca\/International\/18e-vendredi-du-hirak-les-algeriens-determines-a-maintenir-la-mobilisation\/"},"modified":"2019-06-21T12:54:00","modified_gmt":"2019-06-21T16:54:00","slug":"18e-vendredi-du-hirak-les-algeriens-determines-a-maintenir-la-mobilisation","status":"publish","type":"post","link":"https:\/\/linitiative.ca\/International\/18e-vendredi-du-hirak-les-algeriens-determines-a-maintenir-la-mobilisation\/","title":{"rendered":"18E VENDREDI DU HIRAK : Les Alg\u00e9riens d\u00e9termin\u00e9s \u00e0 maintenir la mobilisation"},"content":{"rendered":"<p><br id=\"sep_para_1\" class=\"sep_para access\"\/><\/p>\n<div id=\"para_1\" class=\"para_31824934 resize\">\n<div class=\"texte access firstletter\">En effet, ce 18\u00e8me\u00a0 vendredi du hirak a connu une forte mobilisation populaire vue que, sur le plan politique, la situation n&rsquo;a pas \u00e9volu\u00e9 depuis le nouvel appel du chef de l&rsquo;Etat Abdelkader Bensalah hormis le discours du chef de l&rsquo;Etat major dans lequel il avait insist\u00e9 sur l&rsquo;urgence d&rsquo;organiser l&rsquo;\u00e9lection pr\u00e9sidentielle pr\u00e9c\u00e9d\u00e9e d&rsquo;un dialogue en vue d&rsquo;une sortie de crise. \u201cIls ne veulent pas faire de concessions, nous n\u2019allons pas faire marche arri\u00e8re : nous avons dit qu\u2019ils s\u2019en aillent tous, cela veut dire tous !\u201d, \u201cVous n\u2019allez pas nous imposer un pr\u00e9sident\u201d, ou encore \u201cSon Excellence le peuple vous dit qu\u2019il n\u2019y aura pas d\u2019\u00e9lections avec la mafia\u201d. Ce sont autant de messages, largement partag\u00e9s par les protestas en ce 18e vendredi de \u201cla R\u00e9volution du sourire\u201d. \u00c0 coup s\u00fbr, les Alg\u00e9riens n\u2019ont\u00a0 pas rater ce rendez-vous pour maintenir la pression sur le syst\u00e8me. La prise de conscience du peuple est aujourd\u2019hui telle qu\u2019il ne voudrait aucunement laisser filer l\u2019occasion de d\u00e9manteler le syst\u00e8me en place depuis l\u2019ind\u00e9pendance \u00e0 ce jour et, du coup, lib\u00e9rer d\u00e9finitivement le pays de \u201cla bande\u201d qui accapare le pouvoir.\u00a0 En face, le pouvoir, depuis la d\u00e9ch\u00e9ance du pr\u00e9sident Bouteflika, continue \u00e0 s\u2019accrocher \u00e0 sa propre feuille de route et \u00e0 ignorer la r\u00e9clamation claire du peuple, \u00e0 savoir la d\u00e9mission du\u00a0 chef de l\u2019Etat et du gouvernement\u00a0 le temps de mettre en place les m\u00e9canismes d\u00e9mocratiques n\u00e9cessaires pour la tenue d\u2019\u00e9lections transparentes. En effet, au lieu de r\u00e9pondre \u00e0 cette revendication partag\u00e9e aussi bien par la soci\u00e9t\u00e9 civile que par la classe politique, le pouvoir s\u2019ent\u00eate \u00e0 vouloir imposer son \u201cordonnance\u201d pr\u00e9conisant, en priorit\u00e9, le maintien de Bedoui et Bensalah<\/div>\n<\/div>\n<p>Auteur: Ismain<br \/>\n<a href=\"https:\/\/www.reflexiondz.net\/18E-VENDREDI-DU-HIRAK-Les-Algeriens-determines-a-maintenir-la-mobilisation_a56248.html\">Cliquez ici pour lire l&rsquo;article depuis sa source.<\/a><\/p>\n","protected":false},"excerpt":{"rendered":"<p>En effet, ce 18\u00e8me\u00a0 vendredi du hirak a connu une forte mobilisation populaire vue que, sur le plan politique, la situation n&rsquo;a pas \u00e9volu\u00e9 depuis le nouvel appel du chef de l&rsquo;Etat Abdelkader Bensalah hormis le discours du chef de l&rsquo;Etat major dans lequel il avait insist\u00e9 sur l&rsquo;urgence d&rsquo;organiser l&rsquo;\u00e9lection pr\u00e9sidentielle pr\u00e9c\u00e9d\u00e9e d&rsquo;un dialogue [&hellip;]<\/p>\n","protected":false},"author":1740,"featured_media":0,"comment_status":"closed","ping_status":"closed","sticky":false,"template":"","format":"standard","meta":{"fifu_image_url":"","fifu_image_alt":"","footnotes":""},"categories":[53,76],"tags":[],"class_list":["post-41917","post","type-post","status-publish","format-standard","hentry","category-algerie","category-regions"],"_links":{"self":[{"href":"https:\/\/linitiative.ca\/International\/wp-json\/wp\/v2\/posts\/41917","targetHints":{"allow":["GET"]}}],"collection":[{"href":"https:\/\/linitiative.ca\/International\/wp-json\/wp\/v2\/posts"}],"about":[{"href":"https:\/\/linitiative.ca\/International\/wp-json\/wp\/v2\/types\/post"}],"author":[{"embeddable":true,"href":"https:\/\/linitiative.ca\/International\/wp-json\/wp\/v2\/users\/1740"}],"replies":[{"embeddable":true,"href":"https:\/\/linitiative.ca\/International\/wp-json\/wp\/v2\/comments?post=41917"}],"version-history":[{"count":0,"href":"https:\/\/linitiative.ca\/International\/wp-json\/wp\/v2\/posts\/41917\/revisions"}],"wp:attachment":[{"href":"https:\/\/linitiative.ca\/International\/wp-json\/wp\/v2\/media?parent=41917"}],"wp:term":[{"taxonomy":"category","embeddable":true,"href":"https:\/\/linitiative.ca\/International\/wp-json\/wp\/v2\/categories?post=41917"},{"taxonomy":"post_tag","embeddable":true,"href":"https:\/\/linitiative.ca\/International\/wp-json\/wp\/v2\/tags?post=41917"}],"curies":[{"name":"wp","href":"https:\/\/api.w.org\/{rel}","templated":true}]}}