{"id":41923,"date":"2019-06-21T16:28:20","date_gmt":"2019-06-21T20:28:20","guid":{"rendered":"https:\/\/linitiative.ca\/International\/arretes-ce-matin-pour-avoir-brandi-le-drapeau-amazigh-les-manifestants-maintenus-en-detention\/"},"modified":"2019-06-21T16:28:20","modified_gmt":"2019-06-21T20:28:20","slug":"arretes-ce-matin-pour-avoir-brandi-le-drapeau-amazigh-les-manifestants-maintenus-en-detention","status":"publish","type":"post","link":"https:\/\/linitiative.ca\/International\/arretes-ce-matin-pour-avoir-brandi-le-drapeau-amazigh-les-manifestants-maintenus-en-detention\/","title":{"rendered":"Arr\u00eat\u00e9s ce matin pour avoir brandi le drapeau Amazigh\u00a0: les manifestants maintenus en d\u00e9tention"},"content":{"rendered":"<h4 class=\"title-14\"\/>\n<p>Les dizaines de manifestants arr\u00eat\u00e9s, ce matin \u00e0 Alger, en possession de drapeaux Amazighs ne sont pas lib\u00e9r\u00e9s en fin d\u2019apr\u00e8s-midi. Ils sont, selon la d\u00e9put\u00e9e du RCD, Fetta Sadat maintenus en garde \u00e0 vue en pr\u00e9vision de leur pr\u00e9sentation, dimanche, devant le procureur de la r\u00e9publique.<\/p>\n<p><span class=\"c5\">\u00ab\u00a0Nous sommes pr\u00e9sent\u00e9s aux commissariats de police pour chercher les manifestants arr\u00eat\u00e9s dans la matin\u00e9e. A notre surprise, les policiers nous ont inform\u00e9s qu\u2019ils ont re\u00e7u des instructions de les placer en garde \u00e0 vue. Ils seront donc devant la justice\u00a0\u00bb, explique la d\u00e9put\u00e9e.<\/span><\/p>\n<p><span class=\"c5\">S\u2019il se confirme, ce fait constitue un pr\u00e9c\u00e9dent grave. Car depuis le d\u00e9but du mouvement populaire, tous les manifestants arr\u00eat\u00e9s dans la marche sont lib\u00e9r\u00e9s en fin d\u2019apr\u00e8s-midi. Mais il semble que le pouvoir a d\u00e9cid\u00e9 de revenir aux anciennes pratiques ayant pr\u00e9valu avant le 22 f\u00e9vrier dernier.<\/span><\/p>\n<p><span class=\"c5\">Ce matin, rappelons-le, des dizaines de manifestants ont \u00e9t\u00e9 interpell\u00e9s de mani\u00e8re muscl\u00e9e par les agents de la police lanc\u00e9s \u00e0 la chasse du drapeau Amazigh. Pour rappel, le chef d\u2019\u00e9tat-major de l\u2019ANP, Ahmed Ga\u00efd Salah avait annonc\u00e9 sa d\u00e9cision d\u2019interdire cet embl\u00e8me dans les marches en affirmant avoir donn\u00e9 des instructions aux services de s\u00e9curit\u00e9s pour appliquer la d\u00e9cision.<\/span><\/p>\n<p><span class=\"post-views-label\">Post Views:<\/span> <span class=\"post-views-count\">237<\/span><\/p>\n<p>Auteur: Mohand Yahiaoui<br \/>\n<a href=\"https:\/\/www.elwatan.com\/edition\/actualite\/arretes-ce-matin-pour-avoir-brandi-le-drapeau-amazigh-les-manifestants-maintenus-en-detention-21-06-2019\">Cliquez ici pour lire l&rsquo;article depuis sa source.<\/a><\/p>\n","protected":false},"excerpt":{"rendered":"<p>Les dizaines de manifestants arr\u00eat\u00e9s, ce matin \u00e0 Alger, en possession de drapeaux Amazighs ne sont pas lib\u00e9r\u00e9s en fin d\u2019apr\u00e8s-midi. Ils sont, selon la d\u00e9put\u00e9e du RCD, Fetta Sadat maintenus en garde \u00e0 vue en pr\u00e9vision de leur pr\u00e9sentation, dimanche, devant le procureur de la r\u00e9publique. \u00ab\u00a0Nous sommes pr\u00e9sent\u00e9s aux commissariats de police pour [&hellip;]<\/p>\n","protected":false},"author":1743,"featured_media":0,"comment_status":"closed","ping_status":"closed","sticky":false,"template":"","format":"standard","meta":{"fifu_image_url":"","fifu_image_alt":"","footnotes":""},"categories":[73,53],"tags":[],"class_list":["post-41923","post","type-post","status-publish","format-standard","hentry","category-actualite","category-algerie"],"_links":{"self":[{"href":"https:\/\/linitiative.ca\/International\/wp-json\/wp\/v2\/posts\/41923","targetHints":{"allow":["GET"]}}],"collection":[{"href":"https:\/\/linitiative.ca\/International\/wp-json\/wp\/v2\/posts"}],"about":[{"href":"https:\/\/linitiative.ca\/International\/wp-json\/wp\/v2\/types\/post"}],"author":[{"embeddable":true,"href":"https:\/\/linitiative.ca\/International\/wp-json\/wp\/v2\/users\/1743"}],"replies":[{"embeddable":true,"href":"https:\/\/linitiative.ca\/International\/wp-json\/wp\/v2\/comments?post=41923"}],"version-history":[{"count":0,"href":"https:\/\/linitiative.ca\/International\/wp-json\/wp\/v2\/posts\/41923\/revisions"}],"wp:attachment":[{"href":"https:\/\/linitiative.ca\/International\/wp-json\/wp\/v2\/media?parent=41923"}],"wp:term":[{"taxonomy":"category","embeddable":true,"href":"https:\/\/linitiative.ca\/International\/wp-json\/wp\/v2\/categories?post=41923"},{"taxonomy":"post_tag","embeddable":true,"href":"https:\/\/linitiative.ca\/International\/wp-json\/wp\/v2\/tags?post=41923"}],"curies":[{"name":"wp","href":"https:\/\/api.w.org\/{rel}","templated":true}]}}