{"id":41928,"date":"2019-06-21T12:37:00","date_gmt":"2019-06-21T16:37:00","guid":{"rendered":"https:\/\/linitiative.ca\/International\/le-24-juin-anniversaire-de-la-creation-de-larmee-nationale-quelles-perspectives-quels-espoirs\/"},"modified":"2019-06-21T12:37:00","modified_gmt":"2019-06-21T16:37:00","slug":"le-24-juin-anniversaire-de-la-creation-de-larmee-nationale-quelles-perspectives-quels-espoirs","status":"publish","type":"post","link":"https:\/\/linitiative.ca\/International\/le-24-juin-anniversaire-de-la-creation-de-larmee-nationale-quelles-perspectives-quels-espoirs\/","title":{"rendered":"Le 24 juin, anniversaire de la cr\u00e9ation de l\u2019arm\u00e9e nationale : quelles perspectives, quels espoirs ?"},"content":{"rendered":"<p>Chaque ann\u00e9e en ce mois, l\u2019Arm\u00e9e tunisienne c\u00e9l\u00e8bre dans une ambiance festive, l\u2019anniversaire de sa cr\u00e9ation, le 24 juin 1956. Ces festivit\u00e9s sont g\u00e9n\u00e9ralement ponctu\u00e9es par de nombreuses activit\u00e9s dont des c\u00e9r\u00e9monies militaires en hommage aux martyrs de l\u2019Institution et en reconnaissance aux anciens pour leurs sacrifices consentis \u00e0 l\u2019\u00e9dification de cette Arm\u00e9e, l\u2019Arm\u00e9e, l\u2019expression concr\u00e8te de l\u2019ind\u00e9pendance de la jeune Tunisie. Traditionnellement, le Commandement profite de cette grande occasion pour publier le tableau d\u2019avancement des militaires, remettre les grades aux nouveaux promus et les d\u00e9corations aux plus distingu\u00e9s au courant de l\u2019ann\u00e9e \u00e9coul\u00e9e,sans oublier d\u2019organiser d\u2019importantes activit\u00e9s sportives, culturelles et sociales au profit des militaires et leurs familles.<br \/>Ainsi chaque ann\u00e9e, l\u2019Arm\u00e9e vit, ce jour du 24 juin, des moments forts, plein d\u2019\u00e9motions, de sentiments de fiert\u00e9, d\u2019orgueil, d\u2019appartenance \u00e0 travers cette institution \u00e0 ce pays, la Tunisie, aussi, un sentiment de dignit\u00e9 en tant que \u00abtunisien\u00bb, avec tout ce que cela inspire comme histoire, valeurs, r\u00eaves et espoirs.<\/p>\n<p>Cependant, ce qui est fort regrettable et pour de multiples raisons, les membres de cette Arm\u00e9e vivent ces festivit\u00e9s de plus en plus seuls, juste entre eux, en milieu presque ferm\u00e9, en tout cas, en rupture avec la soci\u00e9t\u00e9 dont pourtant, ils \u00e9manent eux-m\u00eames. Pour le citoyen ordinaire et pour la soci\u00e9t\u00e9 enti\u00e8re, le 24 juin se limite \u00e0 une s\u00e9quence de quelques minutes au journal t\u00e9l\u00e9vis\u00e9 ou radio ou \u00e0 une photo dans la presse \u00e9crite, ou \u00e0 une c\u00e9r\u00e9monie de remise de grades et d\u00e9corations \u00e0 quelques heureux r\u00e9cipiendaires pr\u00e9sid\u00e9e par le chef de l&rsquo;Etat. Au fait, un \u00e9v\u00e8nement annuel r\u00e9p\u00e9titif tout \u00e0 fait banal et c\u00e9l\u00e9br\u00e9 dans l\u2019indiff\u00e9rence g\u00e9n\u00e9rale, sans implication directe du citoyen et de la soci\u00e9t\u00e9, sans aucun effort collectif d\u2019\u00e9valuation du moment s\u00e9curitaire que traverse le pays, sans r\u00e9flexions profondes ni r\u00e9trospectives ni prospectives pour entrevoir l\u2019avenir, concevoir et b\u00e2tir la s\u00e9curit\u00e9 nationale dans ce nouvel environnement s\u00e9curitaire, pourtant, environnement devenu de nos jours, des plus impr\u00e9visibles et des plus risqu\u00e9s.<\/p>\n<p>D\u2019ailleurs, peut-il en \u00eatre autrement, alors que les citoyens ont volontairement rompu tout lien avec l&rsquo;arm\u00e9e en se d\u00e9rober au \u00ab\u00a0Service National\u00a0\u00bb, pourtant, devoir constitutionnel \u00ab\u00a0sacr\u00e9\u00a0\u00bb ? Ainsi, nos jeunes ratent une grande \u00e9cole, l\u2019\u00e9cole de patriotisme, de citoyennet\u00e9, de civisme, de sacrifice pour l\u2019int\u00e9r\u00eat g\u00e9n\u00e9ral, de solidarit\u00e9, d\u2019\u00e9galit\u00e9 devant la loi, de s\u00e9rieux et de labeur, de discipline, bref, une \u00e9cole des valeurs qui fait tant d\u00e9faut \u00e0 notre soci\u00e9t\u00e9. Faut-il aussi rappeler que le Service National reste une n\u00e9cessit\u00e9 absolue et l\u2019unique option au pays, pour assurer sa d\u00e9fense tout en offrant de nombreuses opportunit\u00e9s tant pour le jeune recrue que pour la nation, opportunit\u00e9s qui restent \u00e0 saisir et \u00e0 valoriser.<\/p>\n<p><span class=\"c2\"><strong>Quelles valeurs donc, quels espoirs et quels projets d\u2019avenir devraient ce 24 juin, nous inspirer, nous les tunisiens?<\/strong><\/span><\/p>\n<p>D\u2019abord, un rappel de certaines r\u00e9alit\u00e9s et \u00e9vidences perdues de vue s\u2019impose, un rappel \u00e0 l\u2019attention de nous tous les tunisiens, citoyens ordinaires, membres de la soci\u00e9t\u00e9 civile, \u00e9lites, politiciens et particuli\u00e8rement \u00e0 celle de nos d\u00e9cideurs:<\/p>\n<ul>\n<li>La d\u00e9fense du pays n\u2019est en finalit\u00e9 et concr\u00e8tement, pour chacun de nous, que la d\u00e9fense de sa propre existence m\u00eame; s\u2019\u00e9largissant ensuite \u00e0 la d\u00e9fense de sa famille; de ses biens; de ses valeurs; de son identit\u00e9 en tant que tunisien; de son environnement g\u00e9ographique, soci\u00e9tal, culturel, historique, pr\u00e9sent et futur ; bref la d\u00e9fense de ce qui constitue et repr\u00e9sente en fin le pays dont il est citoyen, sa \u00ab\u00a0Patrie\u00a0\u00bb et ce qui fait de lui-m\u00eame <em>in fine<\/em> un \u00ab\u00a0tunisien\u00a0\u00bb.C\u2019est l\u00e0, la quintessence m\u00eame de la D\u00e9fense de la Patrie, l\u2019objet de l\u2019article 9 de la Constitution.<\/li>\n<li>S\u2019agissant de sa propre existence, libert\u00e9 et ind\u00e9pendance, aucun \u00eatre humain, le moins sens\u00e9 soit-il, ne se soustrairait volontairement \u00e0 cette obligation et \u00abprivil\u00e8ge\u00bb de citoyennet\u00e9 par excellence, pour confier enti\u00e8rement sa propre d\u00e9fense \u00e0 autrui, fusse-t-il \u00e0 un groupe de ses concitoyens qui auraient volontairement choisi le m\u00e9tier de soldat. Ainsi, logiquement le tunisien devrait tenir \u00e0 sa propre d\u00e9fense pour sauvegarder sa libert\u00e9, devrait s\u2019arracher avec force le droit de se d\u00e9fendre si on l\u2019en prive, et saisir donc l\u2019occasion de s\u2019y pr\u00e9parer selon les modalit\u00e9s convenues et pr\u00e9vues par la loi dans le cadre du Service National et non pas chercher \u00e0 s\u2019y d\u00e9rober par tous les moyens. C\u2019est en se pr\u00e9parant \u00e0 se d\u00e9fendre soi-m\u00eame et non par procuration, qu\u2019on affiche et sa d\u00e9termination \u00e0 d\u00e9fendre son pays, sa libert\u00e9 et son ind\u00e9pendance. En revanche, renoncer \u00e0 se pr\u00e9parer \u00e0 se d\u00e9fendre n\u2019est que l\u2019annonce de sa pr\u00e9disposition \u00e0 la soumission, \u00e0 la r\u00e9signation et une renonciation m\u00eame \u00e0 sa propre libert\u00e9 et \u00e0 sa dignit\u00e9 !S\u2019adosser \u00e0 quelqu\u2019un d\u2019autre pour sa propre d\u00e9fense, tant au niveau individuel que collectif, c\u2019est tout simplement accepter en devenir \u00ab\u00a0esclave\u00a0\u00bb et n\u2019a rien d\u2019honorant!<\/li>\n<li>Ce 24 juin ne peut pas ne pas nous interpeller face \u00e0 la grave d\u00e9gradation de notre environnement s\u00e9curitaire r\u00e9gional et mondial et les menaces et risques que cela engendre, environnement qui n\u2019a jamais \u00e9t\u00e9, surtout depuis 2011, aussi d\u00e9grad\u00e9 et il ne fait qu\u2019empirer. De nombreux Etats, qu\u2019on croyait bien \u00e0 l\u2019abri de toute d\u00e9stabilisation, sont aujourd\u2019hui menac\u00e9s dans leur existence m\u00eame!<\/li>\n<\/ul>\n<p>Depuis 1989, on est pass\u00e9 d\u2019un monde bipolaire, Est \/ Ouest, certes sous de lourdes menaces de confrontation, entre autres nucl\u00e9aire, pouvant \u00eatre d\u00e9clench\u00e9es \u00e0 tout instant par l\u2019un ou l\u2019autre des protagonistes, mais c\u2019\u00e9tait un monde stable, avec des r\u00e8gles de conduite assez claires, reconnues, pr\u00e9visibles et bon gr\u00e9 mal gr\u00e9, accept\u00e9es par tous. Aujourd\u2019hui, ce m\u00eame monde est beaucoup plus instable, les anciennes alliances ne sont plus aussi s\u00fbres, les nouvelles ont du mal \u00e0 r\u00e9sister devant le moindre conflit d\u2019int\u00e9r\u00eats et l\u00e2chent \u00e0 la moindre \u00e9preuve, bref tout le monde semble \u00eatre contre tout le monde. Il suffit de noter les r\u00e9cents positionnements des Etats Unis par rapport \u00e0 l\u2019Europe en mati\u00e8re de s\u00e9curit\u00e9 et pourtant, tous les deux, membres fondateurs et leaders de l\u2019OTAN ? O\u00f9 est pass\u00e9e, ce qu\u2019on appelait vulgairement \u00ab\u00a0la Communaut\u00e9 internationale\u00a0\u00bb face \u00e0 l\u2019accord de Paris sur le climat par exemple? Quel est le sort de l\u2019accord des Six avec l\u2019Iran sur le programme nucl\u00e9aire de ce dernier ? Comment expliquer les volte-face dans les relations entre certains membres de la plus solide coalition issue de la deuxi\u00e8me guerre, entre les USA et la Turquie envers la Russie par exemple \u00e0 l\u2019\u00e9gard du drame syrien ? Qu\u2019est devenu le Conseil de Coop\u00e9ration du Golfe face aux guerres en Syrie et au Y\u00e9men et de l\u00e0, \u00e0 l\u2019\u00e9gard de l\u2019Iran ? Ces r\u00e9centes \u00e9volutions g\u00e9ostrat\u00e9giques ont \u00e9t\u00e9 accompagn\u00e9es par la r\u00e9surgence et la multiplication de nouveaux diff\u00e9rents violents intra \u00e9tatiques comme inter\u00e9tatiques de toute nature, sociale, religieuse, ethnique, \u00e9conomique et autres. L\u2019instabilit\u00e9 des rapports entre Etats, exprim\u00e9e par la r\u00e9surgence d\u2019un net individualisme \u00e9tatique est la nouvelle caract\u00e9ristique dominante des relations internationales de ces derniers temps. \u00ab\u00a0America first\u00a0\u00bb a annonc\u00e9 l\u2019autre, d\u00e8s le d\u00e9but de son investiture ! Et au vu de ses prises de positions qui se suivent, il aurait bien pu d\u00e9clarer \u00ab\u00a0Am\u00e9rica only\u00a0\u00bb. On est loin de la solidarit\u00e9 inconditionnelle au sein des alliances d\u2019avant 1989. Entre temps, des Etats et des peuples entiers risquent d\u2019\u00eatre emport\u00e9s, balay\u00e9s m\u00eame, par la violence interne et les menaces transnationales dont notamment le terrorisme, le crime organis\u00e9, les retomb\u00e9es n\u00e9fastes du changement climatique \u2026 le tout aggrav\u00e9 parles interventions \u00e9trang\u00e8res.<\/p>\n<p>Dans ce contexte s\u00e9curitaire internationale d\u00e9l\u00e9t\u00e8re, il serait na\u00eff et irresponsable m\u00eame, de penser que notre pays serait \u00e9pargn\u00e9 des retomb\u00e9es des nouvelles menaces et risques dans notre environnement sah\u00e9lo-saharien et moyen-oriental, et des interventions d\u2019acteurs \u00e9trangers \u00e0 la zone pour int\u00e9r\u00eats \u00e9conomiques ou autres pr\u00e9textes.<\/p>\n<p><span class=\"c2\"><strong>Ces \u00e9volutions de l\u2019environnement s\u00e9curitaire r\u00e9gional et international, devraient nous interpeller et nous inciter, nous tunisiens, \u00e0 nous ressaisir et r\u00e9\u00e9valuer nos positions envers la probl\u00e9matique \u00abd\u00e9fense et s\u00e9curit\u00e9 nationale\u00bb pour compter davantage sur nous-m\u00eames, sur nos moyens et \u00e0 investir plus dans notre d\u00e9fense et s\u00e9curit\u00e9.<br \/>Cela n\u2019est nullement une alternative parmi d\u2019autres, mais c\u2019est l\u2019unique voie pour pr\u00e9server \u00e0 notre pays son ind\u00e9pendance, sa libert\u00e9 et \u00e0 son peuple sa dignit\u00e9.<\/strong><\/span><\/p>\n<ul>\n<li>De nos jours, aucune institution dans le pays, ne traduit dans les faits, autant que l\u2019Arm\u00e9e, la notion et les valeurs d\u2019appartenance \u00e0 cette nation tunisienne. Ceci d\u00e9passe de loin le simple fait d\u2019avoir le certificat de la Nationalit\u00e9 tunisienne, cela engendre bien s\u00fbr de nombreux droits mais aussi, et je dirais en premier lieu quelques devoirs, la Constitution en cite deux, payer ses imp\u00f4ts et accomplir son service national pour se pr\u00e9parer, le cas \u00e9ch\u00e9ant, \u00e0 se d\u00e9fendre et d\u00e9fendre sa Patrie. Quel sacrifice pourra \u00e9galer, celui de se mettre, Corps et \u00c2me, un premier temps pendant12 mois \u00e0 la disposition du pays pour apprendre \u00e0 le d\u00e9fendre et le cas \u00e9ch\u00e9ant, se sacrifier pour sauvegarder son ind\u00e9pendance et lui assurer ainsi, un avenir digne?<\/li>\n<li>Naturellement, le 24 juin devrait \u00eatre une opportunit\u00e9 pour rendre hommage aux martyrs de la Nation, tomb\u00e9s pour son ind\u00e9pendance et sa libert\u00e9, aussi un moment de reconnaissance aux anciens militaires qui ont contribu\u00e9 \u00e0 l\u2019\u00e9dification de cette Institution et de l\u00e0, \u00e0 la construction de cette magnifique Tunisie, magnifique car tout le mal qu\u2019on lui attribue n\u2019est que le fruit de nos agissements \u00e0 nous, le pays m\u00eame n\u2019y est absolument pour rien. Aussi, le 24 juin est un excellent rendez-vous de r\u00e9flexion collective, de m\u00e9ditation sur la longue histoire militaire, globalement glorieuse, de cette Tunisie pour en tirer les enseignements qu\u2019il faut des victoires et des d\u00e9faites de nos anc\u00eatres pour tenter de r\u00e9\u00e9diter les premi\u00e8res et \u00e9viter les secondes. En tout cas, l\u2019Homme en g\u00e9n\u00e9ral, ainsi que les Peuples, c\u2019est dans leur Histoire qu\u2019ils puisent de la force morale pour surmonter les perp\u00e9tuelles difficult\u00e9s rencontr\u00e9es et construire un meilleur avenir. Dois-je aussi rappeler que l\u2019avenir s\u00e9curitaire du pays n\u2019est absolument pas le propre seulement des militaires en exercice, bien au contraire, tout citoyen devrait r\u00e9ellement y contribuer, et cela passe en premier lieu par l\u2019accomplissement du devoir du service national.<\/li>\n<li>Le 24 juin, malheureusement commun\u00e9ment r\u00e9duit \u00e0 une f\u00eate \u00a0\u00bb de l\u2019Arm\u00e9e \u00ab\u00a0, est un vrai symbole des valeurs de citoyennet\u00e9 et de patriotisme: d\u2019abord le sentiment d\u2019orgueil, d\u2019appartenance \u00e0 cette nation; d\u2019adh\u00e9sion, avec complicit\u00e9 s\u2019il le faut, \u00e0 tout ce qui sert son pays ; de la primaut\u00e9 de l\u2019int\u00e9r\u00eat g\u00e9n\u00e9ral sur le particulier; de l\u2019accomplissement du devoir avant de r\u00e9clamer un quel conque privil\u00e8ge; du principe de compter tant au niveau individuel que national, d\u2019abord sur soi-m\u00eame avant de solliciter l\u2019assistance d\u2019autrui; la volont\u00e9 de consentir tous les sacrifices n\u00e9cessaires pour pr\u00e9server son ind\u00e9pendance, son avenir et sa dignit\u00e9. Aussi, cette date du 24 juin, est symbole des valeurs de civisme, des r\u00e8gles de coexistence sociale pacifique, de respect de l\u2019autre avec ses diff\u00e9rences, des valeurs du \u00ab\u00a0s\u00e9rieux et du labeur\u00a0\u00bb qui, eux seuls, permettent d\u2019assurer un avenir digne parmi les nations consid\u00e9r\u00e9es, bref, symbole de valeurs que le jeune recrue vit en pratique \u00e0 chaque instant pendant les douze mois du service national.<\/li>\n<li>En fin, faut-il rappeler, surtout \u00e0 nos respectables d\u00e9cideurs en charge des destin\u00e9es du pays, qu\u2019une politique et un syst\u00e8me de d\u00e9fense ne s\u2019improvisent pas, au contraire, n\u00e9cessitent beaucoup de r\u00e9flexions, des ressources financi\u00e8res et humaines cons\u00e9quentes et surtout de longs d\u00e9lais, par ailleurs incompressibles, pour la mise en \u0153uvre des dispositions d\u00e9cid\u00e9es.<\/li>\n<\/ul>\n<p><span class=\"c2\"><strong>O\u00f9 en sommes-nous de tout cela ? telle devrait \u00eatre la vraie question \u00e0 se poser par chacun d\u2019entre nous, \u00e0 l\u2019occasion de ce grand jour, le 24 juin. A mon avis, quoique la r\u00e9ponse serait plut\u00f4t mitig\u00e9e, on peut encore garder espoir, mais seulement sous certaines conditions.<\/strong><\/span><\/p>\n<p>En effet, esp\u00e9rer un meilleur avenir reste strictement conditionn\u00e9 par la volont\u00e9 et la capacit\u00e9 des d\u00e9cideurs, qui seront en charge des destin\u00e9es du pays suite aux prochaines \u00e9lections, \u00e0 entreprendre les r\u00e9formes et prendre les d\u00e9cisions qui s\u2019imposent, en voici quelques propositions:<\/p>\n<ul>\n<li>Acc\u00e9l\u00e9rer l\u2019adoption du projet de Loi relatif \u00e0 la refonte du cadre juridique du Service National au sein de l\u2019ARP. Ce projet, annonc\u00e9 par le Pr\u00e9sident de la R\u00e9publique, Chef Supr\u00eame des Forces Arm\u00e9es, d\u00e9j\u00e0 depuis de nombreuses ann\u00e9es, n\u2019a malheureusement pas retenu l\u2019int\u00e9r\u00eat de nos honorables d\u00e9put\u00e9s !Pour s\u2019assurer de l\u2019adh\u00e9sion de la majorit\u00e9 des citoyens \u00e0 ce projet, un large d\u00e9bat doit pr\u00e9c\u00e9der son examen \u00e0 l\u2019ARP. Lequel d\u00e9bat sera in\u00e9luctablement l\u2019occasion pour aborder aussi d\u2019importantes probl\u00e9matiques de \u00ab D\u00e9fense et S\u00e9curit\u00e9 Nationale \u00bb, telles : pourquoi une Arm\u00e9e ? Quelle Arm\u00e9e aujourd\u2019hui pour le pays : type, format ? quels sacrifices devrons-nous consentir pour notre ind\u00e9pendance et notre libert\u00e9 ? \u2026 ;<\/li>\n<li>Ne pas h\u00e9siter \u00e0 cette pr\u00e9cieuse occasion, d\u2019inclure dans cette loi sur le Service National, les incitations suffisantes pour attirer et au besoin pousser les jeunes \u00e0 s\u2019acquitter de ce devoir. Exiger, la r\u00e9gularisation de sa situation vis-\u00e0-vis du Service National, pour pouvoir se pr\u00e9senter candidat \u00e0 n\u2019importe quel poste \u00e9lectif, des conseils municipaux jusqu\u2019\u00e0 la Pr\u00e9sidence de la R\u00e9publique, n\u2019est pas du tout une aberration. Malheureusement, l\u2019ARP vient de rater, la semaine \u00e9coul\u00e9e lors de l\u2019adoption de nouveaux amendements \u00e0 la loi \u00e9lectorale, l\u2019occasion d\u2019aller dans ce sens. Donner l\u2019exemple vaut mieux que mille discours !<\/li>\n<li>Entreprendre sans d\u00e9lais, la r\u00e9forme de l\u2019organisation du Haut Commandement Militaire, en instituant un Etat-major Interarm\u00e9es pour r\u00e9pondre aux besoins et n\u00e9cessit\u00e9s \u00e9videntes de planification et de conduite des op\u00e9rations interarm\u00e9es. Rien ne justifie, le mutisme des d\u00e9cideurs sur cette r\u00e9forme, propos\u00e9e pourtant avec insistance depuis de nombreuses ann\u00e9es par d\u2019anciens Chefs militaires. Est-ce le r\u00e9sultat de l\u2019insouciance o\u00f9 de l\u2019incapacit\u00e9 de comprendre les vraies motivations et retomb\u00e9es de cette r\u00e9forme ?<\/li>\n<li>Dans ce m\u00eame cadre des r\u00e9formes \u00e0 envisager, il est imp\u00e9ratif de relever une grande injustice vis-\u00e0-vis des militaires. il s\u2019agit de les d\u00e9gager de toute responsabilit\u00e9 p\u00e9nale, quant aux cons\u00e9quences de l\u2019ex\u00e9cution de missions qui leur sont ordonn\u00e9es par le Commandement, puiqu&rsquo;ils agissent conform\u00e9ment aux proc\u00e9dures et lois en vigueur dans l\u2019Institution militaire. Est-il juste qu\u2019un militaire assume la responsabilit\u00e9, en lieu et place de l\u2019institution qui l\u2019a charg\u00e9 d\u2019une mission et se trouve condamn\u00e9 tel un criminel de droit commun ? Eh oui, ceci est arriv\u00e9 dans l\u2019Arm\u00e9e tunisienne, juste r\u00e9cemment, apr\u00e8s 2011 m\u00eame, et apr\u00e8s huit longues ann\u00e9es de va-et-vient entre la Cour de premi\u00e8re instance, la Cour d\u2019Appel et trois fois \u00e0 la Cour de Cassation, des militaires ont \u00e9t\u00e9 condamn\u00e9s \u00e0 des peines allant de six mois de prison avec sursis jusqu\u2019\u00e0 deux ans de prison ferme pour avoir caus\u00e9 des d\u00e9g\u00e2ts personnels \u00e0 des suspects lors d\u2019une mission de r\u00e9tablissement de l\u2019ordre public, command\u00e9e par leur chef pendant la fameuse nuit du 15 au 16 janvier 2011 ! Le comble de l\u2019incoh\u00e9rence de l\u2019institution militaire, est que ces m\u00eames militaires \u00ab\u00a0criminels\u00a0\u00bb, ont \u00e9t\u00e9 promus, alors m\u00eame qu\u2019ils \u00e9taient poursuivis en justice ! Pire encore, le condamn\u00e9 \u00e0 deux ans de prison ferme, a \u00e9t\u00e9 s\u00e9lectionn\u00e9, suite \u00e0 un concours et suit une formation \u00e0 l\u2019Acad\u00e9mie militaire pour acc\u00e9der \u00e0 la cat\u00e9gorie des Officiers! Ce cas n\u2019\u00e9tant pas unique, la question m\u00e9rite r\u00e9flexion.<\/li>\n<li>Engager les m\u00e9dias, au moins publics, \u00e0 aborder les th\u00e9matiques de D\u00e9fense et S\u00e9curit\u00e9 Nationale assez r\u00e9guli\u00e8rement, pour que cela impr\u00e8gne la culture et la mentalit\u00e9 du tunisien, permette aux citoyens de s\u2019approprier leur propre d\u00e9fense et fasse ainsi, du Service National une \u00e9cole de patriotisme et une source de fiert\u00e9 et d\u2019orgueil pour les jeunes et pour qu\u2019ils cessent ainsi de le consid\u00e9rer une \u00ab\u00a0punition ou une corv\u00e9e\u00a0\u00bb d\u00e9shonorante \u00e0 laquelle il fallait mieux s\u2019y soustraire par tous les moyens.<\/li>\n<li>Enfin, un certain effort au niveau du budget de l\u2019Etat reste \u00e0 faire pour booster celui du Minist\u00e8re de la D\u00e9fense Nationale et l\u2019amener au minimum n\u00e9cessaire lui permettant de mettre \u00e0 niveau ses infrastructures, mieux s\u2019\u00e9quiper et surtout revoir les conditions socioprofessionnelles du personnel et ainsi, permettre aux Forces Arm\u00e9es d\u2019affronter les menaces et risques actuels et ceux en perspectives. Il est vrai que le pays traverse une crise \u00e9conomico-financi\u00e8re tr\u00e8s aigue, mais vu le contexte s\u00e9curitaire dans notre environnement et les perspectives d\u2019avenir, il est inadmissible de faire supporter encore au secteur de la D\u00e9fense du pays et la S\u00e9curit\u00e9 de sa population d\u2019\u00e9ventuelles \u00e9conomies \u00e0 faire.I faut savoir que la s\u00e9curit\u00e9 aussi a un co\u00fbt.<\/li>\n<\/ul>\n<p>Ce sont-l\u00e0, quelques th\u00e9matiques et propositions de r\u00e9forme, que m\u2019inspire l\u2019anniversaire de la cr\u00e9ation de l\u2019Arm\u00e9e, \u00e0 consid\u00e9rer pour un \u00e9ventuel d\u00e9bat dans l\u2019espoir de tendre vers une Arm\u00e9e r\u00e9ellement \u00ab\u00a0citoyenne\u00a0\u00bb, une Arm\u00e9e \u00e0 laquelle prendraient directement part, dans le cadre du Service National, tous les enfants de ce pays et assureraient ainsi eux-m\u00eames leur propre s\u00e9curit\u00e9. Cela passe in\u00e9luctablement, par l\u2019instauration d\u2019un Service National universel et \u00e9quitable.<\/p>\n<p>Malheureusement, il semble que nos actuels d\u00e9cideurs, de l\u2019Ex\u00e9cutif comme du L\u00e9gislatif, ont encore l\u2019esprit ailleurs! On peut quand m\u00eame esp\u00e9rer encore avec les prochaines \u00e9lections.<\/p>\n<p>&#8211; Que Dieu garde la Tunisie \u2013<\/p>\n<p class=\"c3\"><strong>Le G\u00e9n\u00e9ral (r) Mohamed Meddeb<\/strong><br \/><em>(Arm\u00e9e Nationale)<\/em><\/p>\n<p class=\"c4\"><strong>Lire aussi<\/strong><\/p>\n<p class=\"c4\">\u00a0<\/p>\n<p>Auteur:<br \/>\n<a href=\"https:\/\/www.leaders.com.tn\/article\/27331-le24-juin-anniversaire-de-la-creation-de-l-armee-nationale-quelles-inspirations-quels-espoirs-quels-projets\">Cliquez ici pour lire l&rsquo;article depuis sa source.<\/a><\/p>\n","protected":false},"excerpt":{"rendered":"<p>Chaque ann\u00e9e en ce mois, l\u2019Arm\u00e9e tunisienne c\u00e9l\u00e8bre dans une ambiance festive, l\u2019anniversaire de sa cr\u00e9ation, le 24 juin 1956. Ces festivit\u00e9s sont g\u00e9n\u00e9ralement ponctu\u00e9es par de nombreuses activit\u00e9s dont des c\u00e9r\u00e9monies militaires en hommage aux martyrs de l\u2019Institution et en reconnaissance aux anciens pour leurs sacrifices consentis \u00e0 l\u2019\u00e9dification de cette Arm\u00e9e, l\u2019Arm\u00e9e, l\u2019expression [&hellip;]<\/p>\n","protected":false},"author":1772,"featured_media":0,"comment_status":"closed","ping_status":"closed","sticky":false,"template":"","format":"standard","meta":{"fifu_image_url":"","fifu_image_alt":"","footnotes":""},"categories":[73,55],"tags":[],"class_list":["post-41928","post","type-post","status-publish","format-standard","hentry","category-actualite","category-tunisie"],"_links":{"self":[{"href":"https:\/\/linitiative.ca\/International\/wp-json\/wp\/v2\/posts\/41928","targetHints":{"allow":["GET"]}}],"collection":[{"href":"https:\/\/linitiative.ca\/International\/wp-json\/wp\/v2\/posts"}],"about":[{"href":"https:\/\/linitiative.ca\/International\/wp-json\/wp\/v2\/types\/post"}],"author":[{"embeddable":true,"href":"https:\/\/linitiative.ca\/International\/wp-json\/wp\/v2\/users\/1772"}],"replies":[{"embeddable":true,"href":"https:\/\/linitiative.ca\/International\/wp-json\/wp\/v2\/comments?post=41928"}],"version-history":[{"count":0,"href":"https:\/\/linitiative.ca\/International\/wp-json\/wp\/v2\/posts\/41928\/revisions"}],"wp:attachment":[{"href":"https:\/\/linitiative.ca\/International\/wp-json\/wp\/v2\/media?parent=41928"}],"wp:term":[{"taxonomy":"category","embeddable":true,"href":"https:\/\/linitiative.ca\/International\/wp-json\/wp\/v2\/categories?post=41928"},{"taxonomy":"post_tag","embeddable":true,"href":"https:\/\/linitiative.ca\/International\/wp-json\/wp\/v2\/tags?post=41928"}],"curies":[{"name":"wp","href":"https:\/\/api.w.org\/{rel}","templated":true}]}}