{"id":41929,"date":"2019-06-21T13:00:00","date_gmt":"2019-06-21T17:00:00","guid":{"rendered":"https:\/\/linitiative.ca\/International\/un-seminaire-sur-l-orientation-universitaire-et-ecosysteme-entrepreneurial-a-linsat\/"},"modified":"2019-06-21T13:00:00","modified_gmt":"2019-06-21T17:00:00","slug":"un-seminaire-sur-l-orientation-universitaire-et-ecosysteme-entrepreneurial-a-linsat","status":"publish","type":"post","link":"https:\/\/linitiative.ca\/International\/un-seminaire-sur-l-orientation-universitaire-et-ecosysteme-entrepreneurial-a-linsat\/","title":{"rendered":"Un s\u00e9minaire sur l\u2019\u00ab Orientation Universitaire et Ecosyst\u00e8me Entrepreneurial \u00bb \u00e0 l\u2019INSAT"},"content":{"rendered":"<p>L\u2019Association Maison de la Francophonie \u00e0 Tunis organise, lundi 24 juin , un s\u00e9minaire sur l\u2019\u00ab Orientation Universitaire et Ecosyst\u00e8me Entrepreneurial \u00bb \u00e0 l\u2019INSAT. En cette p\u00e9riode de choix d\u2019orientation universitaire et de carri\u00e8re, cet \u00e9v\u00e9nement vient \u00e0 pic ; les futurs \u00e9tudiants pourront rencontrer les repr\u00e9sentants de l\u2019orientation universitaire aupr\u00e8s du Minist\u00e8re de l&rsquo;Enseignement Sup\u00e9rieur Tunisien, des universit\u00e9s publiques et priv\u00e9es, de Campus France &#8211; Tunisie et \u00e9galement des d\u00e9l\u00e9gations \u00e9trang\u00e8res francophones. Ils auront ainsi une id\u00e9e d\u2019ensemble sur l\u2019\u00e9ventail de l\u2019offre universitaire en Tunisie et \u00e0 l\u2019\u00e9tranger.<\/p>\n<p>Par ailleurs, face \u00e0 l\u2019\u00e9bullition des start-up dans le monde, l\u2019association a choisi des repr\u00e9sentants des principaux acteurs de l\u2019\u00e9cosyst\u00e8me entrepreneurial tunisien afin de pr\u00e9senter les incroyables moyens \u00e0 disposition et les opportunit\u00e9s \u00e0 saisir.<\/p>\n<p>A travers cet \u00e9v\u00e8nement, la MFT souhaite montrer aux \u00e9tudiants et aux jeunes entrepreneurs les diff\u00e9rentes possibilit\u00e9s qui s\u2019offrent \u00e0 eux, et de l\u00e0, les perspectives de carri\u00e8re et plus particuli\u00e8rement dans l\u2019entrepreneuriat.<\/p>\n<p>L&rsquo;association Maison de la Francophonie \u00e0 Tunis a \u00e9t\u00e9 cr\u00e9\u00e9e en avril 2019 sous le parrainage de l&rsquo;Association Maison de la Francophonie \u00e0 Lyon ; avec le consentement et le soutient de M. Nicolas Groper, Directeur de Cabinet de la Pr\u00e9sidence de l&rsquo;OIF (Organisation Internationale de la Francophonie) en plus de celui de M. F\u00e9rid Memmich, Repr\u00e9sentant du Pr\u00e9sident de la R\u00e9publique tunisienne aupr\u00e8s de l&rsquo;OIF.<\/p>\n<p>L\u2019association se veut \u00eatre un lieu de rencontre et d\u2019\u00e9changes ayant pour objectif de dynamiser les \u00e9cosyst\u00e8mes francophones en Tunisie et dans le monde dans divers domaines : tourisme, culture, \u00e9ducation, \u00e9conomie, etc\u2026 Elle commence son exercice par cet \u00e9v\u00e9nement sur l\u2019orientation universitaire et l\u2019entrepreneuriat.<\/p>\n<p>Auteur:<br \/>\n<a href=\"https:\/\/www.leaders.com.tn\/article\/27335-un-seminaire-sur-l-orientation-universitaire-et-ecosysteme-entrepreneurial-a-l-insat\">Cliquez ici pour lire l&rsquo;article depuis sa source.<\/a><\/p>\n","protected":false},"excerpt":{"rendered":"<p>L\u2019Association Maison de la Francophonie \u00e0 Tunis organise, lundi 24 juin , un s\u00e9minaire sur l\u2019\u00ab Orientation Universitaire et Ecosyst\u00e8me Entrepreneurial \u00bb \u00e0 l\u2019INSAT. En cette p\u00e9riode de choix d\u2019orientation universitaire et de carri\u00e8re, cet \u00e9v\u00e9nement vient \u00e0 pic ; les futurs \u00e9tudiants pourront rencontrer les repr\u00e9sentants de l\u2019orientation universitaire aupr\u00e8s du Minist\u00e8re de l&rsquo;Enseignement [&hellip;]<\/p>\n","protected":false},"author":1772,"featured_media":0,"comment_status":"closed","ping_status":"closed","sticky":false,"template":"","format":"standard","meta":{"fifu_image_url":"","fifu_image_alt":"","footnotes":""},"categories":[73,55],"tags":[],"class_list":["post-41929","post","type-post","status-publish","format-standard","hentry","category-actualite","category-tunisie"],"_links":{"self":[{"href":"https:\/\/linitiative.ca\/International\/wp-json\/wp\/v2\/posts\/41929","targetHints":{"allow":["GET"]}}],"collection":[{"href":"https:\/\/linitiative.ca\/International\/wp-json\/wp\/v2\/posts"}],"about":[{"href":"https:\/\/linitiative.ca\/International\/wp-json\/wp\/v2\/types\/post"}],"author":[{"embeddable":true,"href":"https:\/\/linitiative.ca\/International\/wp-json\/wp\/v2\/users\/1772"}],"replies":[{"embeddable":true,"href":"https:\/\/linitiative.ca\/International\/wp-json\/wp\/v2\/comments?post=41929"}],"version-history":[{"count":0,"href":"https:\/\/linitiative.ca\/International\/wp-json\/wp\/v2\/posts\/41929\/revisions"}],"wp:attachment":[{"href":"https:\/\/linitiative.ca\/International\/wp-json\/wp\/v2\/media?parent=41929"}],"wp:term":[{"taxonomy":"category","embeddable":true,"href":"https:\/\/linitiative.ca\/International\/wp-json\/wp\/v2\/categories?post=41929"},{"taxonomy":"post_tag","embeddable":true,"href":"https:\/\/linitiative.ca\/International\/wp-json\/wp\/v2\/tags?post=41929"}],"curies":[{"name":"wp","href":"https:\/\/api.w.org\/{rel}","templated":true}]}}