{"id":41931,"date":"2019-06-21T13:56:00","date_gmt":"2019-06-21T17:56:00","guid":{"rendered":"https:\/\/linitiative.ca\/International\/fondation-arts-culture-by-uib-mecene-la-34eme-edition-du-festival-international-de-musique-symphonique-del-jem\/"},"modified":"2019-06-21T13:56:00","modified_gmt":"2019-06-21T17:56:00","slug":"fondation-arts-culture-by-uib-mecene-la-34eme-edition-du-festival-international-de-musique-symphonique-del-jem","status":"publish","type":"post","link":"https:\/\/linitiative.ca\/International\/fondation-arts-culture-by-uib-mecene-la-34eme-edition-du-festival-international-de-musique-symphonique-del-jem\/","title":{"rendered":"Fondation Arts &amp; Culture by UIB m\u00e9c\u00e8ne la 34\u00e8me \u00e9dition du Festival international de Musique Symphonique d\u2019El Jem"},"content":{"rendered":"<p>M\u00e9c\u00e8ne principal du Festival International de Musique Symphonique d\u2019El Jem &#8211; depuis 2018 \u2013 la Fondation Arts &#038; Culture by UIB a co-organis\u00e9 le vendredi 21 juin, \u00e0 l\u2019h\u00f4tel Concorde sis aux berges du Lac, une conf\u00e9rence de presse qui a permis au Pr\u00e9sident du festival El Jem, Mabrouk Layouni, d\u2019annoncer le programme et les grandes lignes de la 34\u00e8me \u00e9dition du Festival.<\/p>\n<p>Anim\u00e9e par le Pr\u00e9sident du Festival et en pr\u00e9sence de Kamel N\u00e9ji en sa qualit\u00e9 de Pr\u00e9sident du Conseil d\u2019Administration de l\u2019UIB et Pr\u00e9sident de la Fondation Arts &#038; Culture by UIB, la conf\u00e9rence a \u00e9t\u00e9, en outre, l\u2019occasion de d\u00e9voiler la nouvelle affiche du Festival.<\/p>\n<p>Soutenue par son m\u00e9c\u00e8ne principal, la Fondation Arts &#038; Culture by UIB, et par divers autres sponsors et ambassades, l\u2019\u00e9dition 2019 du Festival International de Musique Symphonique d\u2019El Jem, qui se d\u00e9ploiera du 5 juillet au 9 ao\u00fbt 2019, offre un programme riche et vari\u00e9.<\/p>\n<p>Mabrouk Layouni et Kamel N\u00e9ji ont tenu \u00e0 remercier les m\u00e9dias et les diverses parties prenantes dont l\u2019apport a permis au Festival d\u2019avoir une approche culturelle in\u00e9dite, de faire d\u00e9couvrir \u00e0 un large public diff\u00e9rents standards de musique et \u00e0 \u00eatre reconnu aujourd\u2019hui par le contenu et la qualit\u00e9 des cr\u00e9ations des affiches programm\u00e9es. Le festival dans sa 34\u00e8me \u00e9dition proposera 7 spectacles issus d\u2019Autriche, Espagne, France, Italie Tunisie et Ukraine.<\/p>\n<p><span class=\"c2\"><strong>5 juillet &#8211;<\/strong><\/span> R\u00e9cital \u00ab Les plus beaux airs lyriques italiens \u00bb &#8211; Fondazione Festival Pucciniano \u2013 Italie<\/p>\n<p><span class=\"c2\"><strong>13 juillet &#8211;<\/strong><\/span> The Best Classica &#8211; Orchestre de la Radio Nationale Ukrainienne &#8211; Ukraine<\/p>\n<p><span class=\"c2\"><strong>20 juillet &#8211;<\/strong><\/span> Concert symphonique &#8211; Concerto Malaga &#8211; Espagne<\/p>\n<p><span class=\"c2\"><strong>24 juillet &#8211;<\/strong><\/span> Concert symphonique &#8211; Orchestre de chambre de Minorque \u2013 Espagne<\/p>\n<p><span class=\"c2\"><strong>27 juillet &#8211;<\/strong><\/span> Concert symphonique &#8211; Orchestre symphonique Tunisien \u2013 Tunisie<\/p>\n<p><span class=\"c2\"><strong>03 ao\u00fbt &#8211;<\/strong><\/span> Valses et polkas viennoises &#8211; Orchestre du bal de l&rsquo;Op\u00e9ra de Vienne -Autriche<\/p>\n<p><span class=\"c2\"><strong>09 ao\u00fbt &#8211;<\/strong><\/span> MOZART entre 2 rives &#8211; Les Jeunes Cordes de France, le choeur \u00ab les amis de Sh\u00e9h\u00e9razade \u00bb, Tunisia 88 et la Chorale Angham by UIB<\/p>\n<p>La 34<sup>\u00e8me<\/sup> \u00e9dition du Festival sera, aussi, l\u2019occasion d\u2019impulser de nouveaux projets culturels avec notamment la chorale \u00ab Angham by UIB \u00bb qui se produira aux c\u00f4t\u00e9s des Jeunes Cordes de France, du choeur \u00ab les amis de Sh\u00e9h\u00e9razade \u00bb et de la chorale \u00ab Tunisia 88 \u00bb, et ce lors de la soir\u00e9e de cl\u00f4ture du Festival \u00ab Mozart entre deux rives \u00bb, pr\u00e9vue le 9 ao\u00fbt 2019.<\/p>\n<p>Mabrouk Layouni a indiqu\u00e9 que le Festival b\u00e9n\u00e9ficie, d\u00e9sormais, d\u2019un appui et d\u2019un soutien de la Fondation Arts &#038; Culture by UIB de nature \u00e0 faire du Festival un grand rendez-vous rassembleur de talents et source de d\u00e9couverte artistique, plurielle et in\u00e9dite. La conf\u00e9rence a \u00e9t\u00e9, \u00e9galement, l\u2019occasion de d\u00e9voiler la nouvelle affiche du festival. Les \u00e9quipes du Festival, repr\u00e9sent\u00e9es par Mabrouk Layouni ainsi que l\u2019\u00e9quipe de la Fondation Arts &#038; Culture by UIB repr\u00e9sent\u00e9e par Sarah Bensafia et Ouassel Bahri ont d\u00e9roul\u00e9 la d\u00e9marche d\u2019inclusion d\u2019artistes et de cr\u00e9atifs tunisiens dans la conception de l\u2019affiche de la 34\u00e8me \u00e9dition du Festival. Parmi les 20 projets de cr\u00e9ations re\u00e7ues, l\u2019oeuvre de Sahbi Amri, designer graphique, a \u00e9t\u00e9 retenue par un jury compos\u00e9 des membres de la direction du Festival de la Fondation Arts &#038; Culture bu UIB ainsi que par des experts artistiques. L\u2019affiche, prim\u00e9e lors de la conf\u00e9rence de presse, est avant-gardiste dans sa conception et s\u00e9ductrice artistiquement, avec un minutieux travail de repr\u00e9sentation en 3D mettant en valeur le mythique amphith\u00e9\u00e2tre d\u2019El Jem avec son ar\u00e8ne, ses alc\u00f4ves, ses arcades, ses piliers, ses marches&#8230; et avec un jeu de couleurs qui allie dorure, ombre et lumi\u00e8re, brillamment orchestr\u00e9, pour rappeler l\u2019ambiance du colis\u00e9e lors des concerts nocturnes du Festival.<\/p>\n<p>Aussi, Mabrouk Layouni, Pr\u00e9sident du festival El Jem, a \u00e9voqu\u00e9 lors de la conf\u00e9rence de presse, le plan de mise \u00e0 niveau \u2013 d\u00e9ploy\u00e9 avec le concours de la Fondation Arts &#038; Culture by UIB \u2013 touchant les modes de fonctionnement et de gouvernance du Festival, ainsi que la promotion de nouvelles techniques de commercialisation. Il a annonc\u00e9, \u00e0 cet effet, que l\u2019UIB a dot\u00e9 le site du festival d\u2019une solution \u00ab UIBePay \u00bb d\u2019acceptation de paiement en ligne &#8211; fiable et s\u00e9curis\u00e9e &#8211; pour l\u2019acquisition des billets d\u2019entr\u00e9e pour les 7 concerts programm\u00e9s dans le cadre de la 34\u00e8me \u00e9dition du Festival. La mise en place de ce nouveau canal de vente, combin\u00e9 \u00e0 l\u2019usage de QR Code, est propre \u00e0 assurer au public un accueil plus ad\u00e9quat, via la facilitation, la fluidification de l\u2019acc\u00e8s au festival moyennant une v\u00e9rification rapide, s\u00fbre et efficace de la billetterie.<\/p>\n<p>Dans la continuit\u00e9 de son partenariat avec la Fondation Art et Culture by UIB, Mabrouk Layouni a \u00e9voqu\u00e9 l\u2019adh\u00e9sion du Festival, depuis 2018, \u00e0 l\u2019application Don by UIB. Celle-ci permet au Festival de recevoir des dons, de mani\u00e8re totalement s\u00e9curis\u00e9e en 3 clics. Les repr\u00e9sentants de la Fondations Art &#038; Culture by UIB ont tenu \u00e0 remercier les donateurs et les parties prenantes du Festival, tout en pr\u00e9cisant que la solution \u00ab Don by UIB \u00bb vise \u00e0 offrir un canal digital compl\u00e9mentaire et innovant de collecte de dons au profit du Festival en proposant aux donateurs connect\u00e9s de r\u00e9aliser des dons en ligne facilement, rapidement et en toute s\u00e9curit\u00e9. La solution \u00ab Don by UIB \u00bb est t\u00e9l\u00e9chargeable gratuitement sur Google Play et accessible sur le site www.donbyuib.com.tn . Elle permet au public de soutenir le Festival, d\u2019impulser ses nouveaux projets, de rassembler des talents de divers milieux artistiques et de contribuer \u00e0 son rayonnement au-del\u00e0 des fronti\u00e8res.<\/p>\n<p>Par ailleurs, les repr\u00e9sentants de la Fondation Arts &#038; Culture by UIB ont soulign\u00e9 que la programmation 2019 refl\u00e8te le renouveau en cours que vit le festival. Ils ont \u00e9galement mentionn\u00e9 que la convention de m\u00e9c\u00e9nat conclue avec la Fondation cherche \u00e0 conf\u00e9rer au festival la capacit\u00e9 \u00e0 nourrir son ambition et \u00e0 assurer son rayonnement et son d\u00e9veloppement. Le partenariat entre le festival et la Fondation s\u2019inscrit dans le cadre d\u2019un projet constant, assum\u00e9 et coh\u00e9rent de transformation en profondeur du Festival visant \u00e0 donner \u00e0 la musique symphonique plus de place dans la vie de la cit\u00e9, ont-ils ajout\u00e9.<br \/>Kamel N\u00e9ji a r\u00e9it\u00e9r\u00e9 l\u2019ambition de la Fondation Arts &#038; Culture by UIB de continuer \u00e0 valoriser la place du Festival d\u2019El Jem &#8211; aux c\u00f4t\u00e9s des autres festivals du pays \u2013 et \u00e0 l\u2019aider \u00e0 \u00eatre un espace de concerts mondialis\u00e9s, m\u00e9tiss\u00e9s, in\u00e9dits et riches dans leurs composantes et expressions culturelles. Le festival entend promouvoir de nouveaux concepts et biens culturels communs et nourrir l\u2019identit\u00e9 de la Tunisie culturelle, une Tunisie ouverte sur son univers et au contact des diff\u00e9rents standards musicaux qui appartiennent au patrimoine de l\u2019humanit\u00e9, a-t-il ajout\u00e9.<\/p>\n<p>Auteur:<br \/>\n<a href=\"https:\/\/www.leaders.com.tn\/article\/27334-fondation-arts-culture-by-uib-mecene-la-34eme-edition-du-festival-international-de-musique-symphonique-d-el-jem\">Cliquez ici pour lire l&rsquo;article depuis sa source.<\/a><\/p>\n","protected":false},"excerpt":{"rendered":"<p>M\u00e9c\u00e8ne principal du Festival International de Musique Symphonique d\u2019El Jem &#8211; depuis 2018 \u2013 la Fondation Arts &#038; Culture by UIB a co-organis\u00e9 le vendredi 21 juin, \u00e0 l\u2019h\u00f4tel Concorde sis aux berges du Lac, une conf\u00e9rence de presse qui a permis au Pr\u00e9sident du festival El Jem, Mabrouk Layouni, d\u2019annoncer le programme et les [&hellip;]<\/p>\n","protected":false},"author":1772,"featured_media":0,"comment_status":"closed","ping_status":"closed","sticky":false,"template":"","format":"standard","meta":{"fifu_image_url":"","fifu_image_alt":"","footnotes":""},"categories":[73,55],"tags":[],"class_list":["post-41931","post","type-post","status-publish","format-standard","hentry","category-actualite","category-tunisie"],"_links":{"self":[{"href":"https:\/\/linitiative.ca\/International\/wp-json\/wp\/v2\/posts\/41931","targetHints":{"allow":["GET"]}}],"collection":[{"href":"https:\/\/linitiative.ca\/International\/wp-json\/wp\/v2\/posts"}],"about":[{"href":"https:\/\/linitiative.ca\/International\/wp-json\/wp\/v2\/types\/post"}],"author":[{"embeddable":true,"href":"https:\/\/linitiative.ca\/International\/wp-json\/wp\/v2\/users\/1772"}],"replies":[{"embeddable":true,"href":"https:\/\/linitiative.ca\/International\/wp-json\/wp\/v2\/comments?post=41931"}],"version-history":[{"count":0,"href":"https:\/\/linitiative.ca\/International\/wp-json\/wp\/v2\/posts\/41931\/revisions"}],"wp:attachment":[{"href":"https:\/\/linitiative.ca\/International\/wp-json\/wp\/v2\/media?parent=41931"}],"wp:term":[{"taxonomy":"category","embeddable":true,"href":"https:\/\/linitiative.ca\/International\/wp-json\/wp\/v2\/categories?post=41931"},{"taxonomy":"post_tag","embeddable":true,"href":"https:\/\/linitiative.ca\/International\/wp-json\/wp\/v2\/tags?post=41931"}],"curies":[{"name":"wp","href":"https:\/\/api.w.org\/{rel}","templated":true}]}}