{"id":41932,"date":"2019-06-21T15:38:00","date_gmt":"2019-06-21T19:38:00","guid":{"rendered":"https:\/\/linitiative.ca\/International\/un-individu-tente-dagresser-un-soldat-dans-une-caserne-de-menzel-jemil-il-est-arrete-avec-ses-deux-acolytes\/"},"modified":"2019-06-21T15:38:00","modified_gmt":"2019-06-21T19:38:00","slug":"un-individu-tente-dagresser-un-soldat-dans-une-caserne-de-menzel-jemil-il-est-arrete-avec-ses-deux-acolytes","status":"publish","type":"post","link":"https:\/\/linitiative.ca\/International\/un-individu-tente-dagresser-un-soldat-dans-une-caserne-de-menzel-jemil-il-est-arrete-avec-ses-deux-acolytes\/","title":{"rendered":"Un individu tente d&rsquo;agresser un soldat dans une caserne de Menzel Jemil  : il est arr\u00eat\u00e9 avec ses deux acolytes"},"content":{"rendered":"<p>Un individu a \u00e9t\u00e9 bless\u00e9 au pied ce vendredi en fin d\u2019apr\u00e8s midi alors qu\u2019il tentait d\u2019agresser par son arme \u00e0 feu la sentinelle de la caserne\u00a0 de Ben Nigrou \u00e0 Menzel Jemil dans le gouvernorat de Bizerte a indiqu\u00e9 le minist\u00e8re de la D\u00e9fense. L&rsquo;assaillant a re\u00e7u les premiers soins avant d&rsquo;\u00eatre transf\u00e9r\u00e9 dans un h\u00f4pital. Les deux personnes qui l&rsquo;accompagnaient ont \u00e9t\u00e9 arr\u00eat\u00e9s et mis la disposition de la justice miltaire et ses autorit\u00e9s s\u00e9curitaires concern\u00e9es. ils \u00e9taient en possession de dix cartouches de calibre 16 mm.<\/p>\n<p>Auteur:<br \/>\n<a href=\"https:\/\/www.leaders.com.tn\/article\/27338-caserne\">Cliquez ici pour lire l&rsquo;article depuis sa source.<\/a><\/p>\n","protected":false},"excerpt":{"rendered":"<p>Un individu a \u00e9t\u00e9 bless\u00e9 au pied ce vendredi en fin d\u2019apr\u00e8s midi alors qu\u2019il tentait d\u2019agresser par son arme \u00e0 feu la sentinelle de la caserne\u00a0 de Ben Nigrou \u00e0 Menzel Jemil dans le gouvernorat de Bizerte a indiqu\u00e9 le minist\u00e8re de la D\u00e9fense. L&rsquo;assaillant a re\u00e7u les premiers soins avant d&rsquo;\u00eatre transf\u00e9r\u00e9 dans [&hellip;]<\/p>\n","protected":false},"author":1772,"featured_media":0,"comment_status":"closed","ping_status":"closed","sticky":false,"template":"","format":"standard","meta":{"fifu_image_url":"","fifu_image_alt":"","footnotes":""},"categories":[73,55],"tags":[],"class_list":["post-41932","post","type-post","status-publish","format-standard","hentry","category-actualite","category-tunisie"],"_links":{"self":[{"href":"https:\/\/linitiative.ca\/International\/wp-json\/wp\/v2\/posts\/41932","targetHints":{"allow":["GET"]}}],"collection":[{"href":"https:\/\/linitiative.ca\/International\/wp-json\/wp\/v2\/posts"}],"about":[{"href":"https:\/\/linitiative.ca\/International\/wp-json\/wp\/v2\/types\/post"}],"author":[{"embeddable":true,"href":"https:\/\/linitiative.ca\/International\/wp-json\/wp\/v2\/users\/1772"}],"replies":[{"embeddable":true,"href":"https:\/\/linitiative.ca\/International\/wp-json\/wp\/v2\/comments?post=41932"}],"version-history":[{"count":0,"href":"https:\/\/linitiative.ca\/International\/wp-json\/wp\/v2\/posts\/41932\/revisions"}],"wp:attachment":[{"href":"https:\/\/linitiative.ca\/International\/wp-json\/wp\/v2\/media?parent=41932"}],"wp:term":[{"taxonomy":"category","embeddable":true,"href":"https:\/\/linitiative.ca\/International\/wp-json\/wp\/v2\/categories?post=41932"},{"taxonomy":"post_tag","embeddable":true,"href":"https:\/\/linitiative.ca\/International\/wp-json\/wp\/v2\/tags?post=41932"}],"curies":[{"name":"wp","href":"https:\/\/api.w.org\/{rel}","templated":true}]}}